{"id":142483,"date":"2021-09-09T07:49:27","date_gmt":"2021-09-09T10:49:27","guid":{"rendered":"https:\/\/www.novaconcursos.com.br\/portal\/?p=142483"},"modified":"2021-09-09T07:49:30","modified_gmt":"2021-09-09T10:49:30","slug":"concursos-para-6-editais-confirmados-com-mais-de-990-vagas","status":"publish","type":"post","link":"https:\/\/www.novaconcursos.com.br\/portal\/noticias\/concursos-para-6-editais-confirmados-com-mais-de-990-vagas\/","title":{"rendered":"Concursos Par\u00e1: 6 editais confirmados com mais de 900 vagas!"},"content":{"rendered":"<p>Aten\u00e7\u00e3o, concurseiros paraenses! Novos <strong>6 editais<\/strong> j\u00e1 est\u00e3o confirmados para concursos <a href=\"https:\/\/www.novaconcursos.com.br\/portal\/concursos-previstos\/pa\/\">Par\u00e1<\/a>, somando um total de <strong>993 vagas.<\/strong><\/p>\n\n\n\n<ul class=\"wp-block-list\"><li><strong>Confira: <\/strong><a href=\"https:\/\/www.novaconcursos.com.br\/eventos\/guia-definitivo-plano-de-estudos-passo-a-passo\/\" target=\"_blank\" rel=\"noreferrer noopener\" aria-label=\" (abre numa nova aba)\">Guia Definitivo Plano de Estudos \u2013 Gr\u00e1tis<\/a><\/li><\/ul><p><\/p>\n\n\n\n<p>A Seplad (Secretaria de Planejamento e Administra\u00e7\u00e3o do Par\u00e1) j\u00e1 <strong>confirmou todas as oportunidades<\/strong> ofertadas para diversos \u00f3rg\u00e3os do estado, com destaque para a <strong>\u00e1rea da sa\u00fade<\/strong>, que conta com grande parte delas.<\/p>\n\n\n\n<p>Vale destacar que a data para a publica\u00e7\u00e3o dos 6 editais ainda <strong>n\u00e3o foi revelada<\/strong>. No entanto, a titular da Seplad, Hana Ghassan, ressaltou a <strong>import\u00e2ncia dos concursos<\/strong> voltados para a sa\u00fade:<\/p>\n\n\n\n<p><em>\u201cO cumprimento do nosso cronograma para a realiza\u00e7\u00e3o de concursos p\u00fablicos na \u00e1rea da sa\u00fade reafirma o nosso comprometimento para com a popula\u00e7\u00e3o, como as pessoas que carecem de atendimento mais humanizado, assim como para quem almeja ingressar na atividade p\u00fablica na \u00e1rea administrativa tamb\u00e9m. Estamos na expectativa de ofertar o quantitativo de 905 vagas para sa\u00fade no Estado.\u201d<\/em><\/p>\n\n\n\n<h2 class=\"wp-block-heading\" id=\"concursos-par-rgos-e-vagas\">Concursos Par\u00e1: \u00f3rg\u00e3os e vagas<\/h2>\n\n\n\n<p>Anteriormente, 4 dos 6 editais <strong>j\u00e1 haviam sido informados <\/strong>e confirmados. Agora, outros dois foram acrescentados, sendo para o <strong>Igeprev<\/strong> e para a <strong>Fasepa.<\/strong><\/p>\n\n\n\n<p>Confira a distribui\u00e7\u00e3o das <strong>993 vagas<\/strong> entre os 6 \u00f3rg\u00e3os:<\/p>\n\n\n\n<ul class=\"wp-block-list\"><li>Hospital Ophir Loyola (HOL) \u2013 121 vagas;<\/li><li>Funda\u00e7\u00e3o Hospital de Cl\u00ednicas Gaspar Vianna (FHCGV) \u2013 219 vagas;<\/li><li>Funda\u00e7\u00e3o Santa Casa Miseric\u00f3rdia o Par\u00e1 (FSCMPA) \u2013 250 vagas;<\/li><li>Instituto de Gest\u00e3o Previdenci\u00e1ria do Par\u00e1 (Igeprev)21 vagas;<\/li><li>Secretaria de Estado da Sa\u00fade (Sespa) \u2013 315 vagas; e<\/li><li>Funda\u00e7\u00e3o de Atendimento Socioeducativo do Estado do Par\u00e1 (Fasepa) \u2013 67 vagas.<\/li><\/ul><p><\/p>\n\n\n\n<p>Ademais, as <strong>cidades<\/strong> onde as <strong>provas <\/strong>ser\u00e3o realizadas tamb\u00e9m j\u00e1 foram informadas pela Seplad. Dessa forma, as etapas avaliativas acontecer\u00e3o nos <strong>munic\u00edpios<\/strong> de Altamira, Bel\u00e9m, Itaituba, Marab\u00e1, Reden\u00e7\u00e3o e Santar\u00e9m.<\/p>\n\n\n\n<h2 class=\"wp-block-heading\" id=\"comisses-organizadoras-j-foram-formadas\">Comiss\u00f5es organizadoras j\u00e1 foram formadas<\/h2>\n\n\n\n<p>Al\u00e9m disso, <strong>duas comiss\u00f5es organizadoras<\/strong> j\u00e1 foram formadas para auxiliar no andamento dos concursos <a href=\"https:\/\/www.novaconcursos.com.br\/portal\/concursos-abertos\/pa\/\">Par\u00e1<\/a> e no processo de escolha das bancas. <\/p>\n\n\n\n<p>A <strong>primeira comiss\u00e3o<\/strong> ficar\u00e1 respons\u00e1vel pelos editais do Hospital Ophir Loyola (HOL), da Funda\u00e7\u00e3o Hospital de Cl\u00ednicas Gaspar Vianna (FHCGV), da Funda\u00e7\u00e3o Santa Casa Miseric\u00f3rdia o Par\u00e1 (FSCMPA) e do Instituto de Gest\u00e3o Previdenci\u00e1ria do Par\u00e1 (Igeprev). S\u00e3o eles:<\/p>\n\n\n\n<ul class=\"wp-block-list\"><li>Neuza Fernanda de Moraes Melo \u2013 Presidente;<\/li><li>Washington Ricardo de Menezes Santos;<\/li><li>Matheus Martins Ismael;<\/li><li>Maria de F\u00e1tima Gouveia Peres;<\/li><li>Rubens S\u00e9rgio Guimar\u00e3es Costa;<\/li><li>Roberto Favacho Lobato;<\/li><li>Tiago de Lima Ribeiro.<\/li><\/ul><p><\/p>\n\n\n\n<p>J\u00e1 a <strong>segunda comiss\u00e3o<\/strong> auxiliar\u00e1 os processos dos editais da Secretaria de Estado da Sa\u00fade (Sespa) e da Funda\u00e7\u00e3o de Atendimento Socioeducativo do Estado do Par\u00e1 (Fasepa). Os membros s\u00e3o:<\/p>\n\n\n\n<ul class=\"wp-block-list\"><li>Neuza Fernanda de Moraes Melo \u2013 Presidente;<\/li><li>Washington Ricardo de Menezes Santos;<\/li><li>Daniel Aben Athar Lobato da Silva;<\/li><li>Emmanoel Henrique Guimar\u00e3es dos Santos;<\/li><li>Jovelina Maria Sousa Matos.<\/li><\/ul>","protected":false},"excerpt":{"rendered":"<p>Aten\u00e7\u00e3o, concurseiros paraenses! Novos 6 editais j\u00e1 est\u00e3o confirmados para concursos Par\u00e1, somando um total de 993 vagas. Confira: Guia Definitivo Plano de Estudos \u2013 Gr\u00e1tis A Seplad (Secretaria de Planejamento e Administra\u00e7\u00e3o do Par\u00e1) j\u00e1 confirmou todas as oportunidades ofertadas para diversos \u00f3rg\u00e3os do estado, com destaque para a \u00e1rea da sa\u00fade, que conta [&hellip;]<\/p>\n","protected":false},"author":54674,"featured_media":130179,"comment_status":"closed","ping_status":"closed","sticky":false,"template":"","format":"standard","meta":{"_acf_changed":false,"footnotes":"","_wp_rev_ctl_limit":""},"categories":[228],"tags":[36860,41107,2578,37134,41186,22394,41187,39739],"class_list":["post-142483","post","type-post","status-publish","format-standard","has-post-thumbnail","hentry","category-noticias","tag-concursos-para","tag-concursos-para-2021","tag-concursos-publicos","tag-concursos-publicos-2021","tag-concursos-publicos-pa","tag-concursos-publicos-previstos","tag-concursos-publicos-saude","tag-outros-concursos-para"],"acf":[],"_links":{"self":[{"href":"https:\/\/www.novaconcursos.com.br\/portal\/wp-json\/wp\/v2\/posts\/142483","targetHints":{"allow":["GET"]}}],"collection":[{"href":"https:\/\/www.novaconcursos.com.br\/portal\/wp-json\/wp\/v2\/posts"}],"about":[{"href":"https:\/\/www.novaconcursos.com.br\/portal\/wp-json\/wp\/v2\/types\/post"}],"author":[{"embeddable":true,"href":"https:\/\/www.novaconcursos.com.br\/portal\/wp-json\/wp\/v2\/users\/54674"}],"replies":[{"embeddable":true,"href":"https:\/\/www.novaconcursos.com.br\/portal\/wp-json\/wp\/v2\/comments?post=142483"}],"version-history":[{"count":4,"href":"https:\/\/www.novaconcursos.com.br\/portal\/wp-json\/wp\/v2\/posts\/142483\/revisions"}],"predecessor-version":[{"id":142525,"href":"https:\/\/www.novaconcursos.com.br\/portal\/wp-json\/wp\/v2\/posts\/142483\/revisions\/142525"}],"wp:featuredmedia":[{"embeddable":true,"href":"https:\/\/www.novaconcursos.com.br\/portal\/wp-json\/wp\/v2\/media\/130179"}],"wp:attachment":[{"href":"https:\/\/www.novaconcursos.com.br\/portal\/wp-json\/wp\/v2\/media?parent=142483"}],"wp:term":[{"taxonomy":"category","embeddable":true,"href":"https:\/\/www.novaconcursos.com.br\/portal\/wp-json\/wp\/v2\/categories?post=142483"},{"taxonomy":"post_tag","embeddable":true,"href":"https:\/\/www.novaconcursos.com.br\/portal\/wp-json\/wp\/v2\/tags?post=142483"}],"curies":[{"name":"wp","href":"https:\/\/api.w.org\/{rel}","templated":true}]}}