{"id":142490,"date":"2021-09-08T16:10:06","date_gmt":"2021-09-08T19:10:06","guid":{"rendered":"https:\/\/www.novaconcursos.com.br\/portal\/?p=142490"},"modified":"2026-01-06T13:51:57","modified_gmt":"2026-01-06T16:51:57","slug":"concurso-pm-rj-oficiais-confira-locais-prova","status":"publish","type":"post","link":"https:\/\/www.novaconcursos.com.br\/portal\/noticias\/concurso-pm-rj-oficiais-confira-locais-prova\/","title":{"rendered":"Concurso PM RJ Oficiais: Confira os locais de prova!"},"content":{"rendered":"<p>Aten\u00e7\u00e3o concurseiros! As <strong>provas <\/strong>do <a href=\"https:\/\/www.novaconcursos.com.br\/portal\/concursos\/pmerj-oficial\/\">concurso PM RJ<\/a> (Pol\u00edcia Militar do Rio de Janeiro) ser\u00e3o aplicadas no <strong>pr\u00f3ximo domingo<\/strong>, 12 de setembro. E os inscritos j\u00e1 podem <strong>consultar os locais de prova <\/strong>e as orienta\u00e7\u00f5es. S\u00e3o <strong>32 vagas <\/strong>para o Curso de Forma\u00e7\u00e3o de Oficiais (CFO).<\/p>\n\n\n\n<ul class=\"wp-block-list\"><li><strong>Confira:<\/strong>\u00a0<a aria-label=\" (abre numa nova aba)\" href=\"https:\/\/www.novaconcursos.com.br\/eventos\/guia-definitivo-banca-fgv\/\" target=\"_blank\" rel=\"noreferrer noopener\">Material gr\u00e1tis \u2013 Guia Definitivo FGV<\/a><\/li>\n<\/ul><p><\/p>\n\n\n\n<h2 class=\"wp-block-heading\" id=\"concurso-pm-rj-provas-neste-final-de-semana\">Concurso PM RJ: provas neste final de semana<\/h2>\n\n\n\n<p>As <strong>provas <\/strong>do concurso da Pol\u00edcia Militar do <a href=\"https:\/\/www.novaconcursos.com.br\/portal\/concursos-previstos\/rj\/\">Estado do Rio de Janeiro<\/a> ser\u00e3o aplicadas neste pr\u00f3ximo domingo, <strong>12 de setembro<\/strong>. Confira detalhes:<\/p>\n\n\n\n<ul class=\"wp-block-list\"><li><strong>Adquira:<\/strong>\u00a0<a href=\"https:\/\/www.novaconcursos.com.br\/concurso\/pm-rj-policia-militar-do-rio-de-janeiro\/apostila\">Apostila completa PM RJ<\/a><\/li>\n\n\n\n<li><strong>Adquira:\u00a0<\/strong><a href=\"https:\/\/www.novaconcursos.com.br\/curso-online\/pm-rj-soldado\">Curso online completo PM RJ<\/a><\/li>\n<\/ul><p><\/p>\n\n\n\n<h3 class=\"wp-block-heading\">Como consultar o local de prova?<\/h3>\n\n\n\n<p>Os inscritos no certame j\u00e1 podem conferir os\u00a0<strong>locais de realiza\u00e7\u00e3o das provas <\/strong>objetivas e discursivas.<\/p>\n\n\n\n<p>A consulta deve ser realizada atrav\u00e9s de <a href=\"https:\/\/www50.fgv.br\/ConsultaLocalProva.aspx?key=120\" target=\"_blank\" rel=\"noreferrer noopener\" aria-label=\"link espec\u00edfico (abre numa nova aba)\">link espec\u00edfico<\/a>, no site da Funda\u00e7\u00e3o Get\u00falio Vargas (FGV). <strong>\u00c9 s\u00f3 colocar seu CPF<\/strong>. <\/p>\n\n\n\n<h3 class=\"wp-block-heading\">Como ser\u00e3o as provas?<\/h3>\n\n\n\n<p>De car\u00e1ter eliminat\u00f3rio, a\u00a0<strong>prova objetiva<\/strong>\u00a0ter\u00e1 70 quest\u00f5es de m\u00faltipla escolha, contendo cinco alternativas de respostas. <\/p>\n\n\n\n<p>Ser\u00e3o <strong>disciplinas <\/strong>de Direito Administrativo (14), Direito Constitucional (14), Direito Penal (14), Direito Processual Penal (14), Direito Penal Militar (07)\u00a0e Direitos Humanos (07).<\/p>\n\n\n\n<p>Vale destacar que <strong>ser\u00e1 eliminado<\/strong> o candidato que n\u00e3o obtiver, pelo menos, 50% dos pontos e\/ou nota 0 em qualquer uma das \u00e1reas. <\/p>\n\n\n\n<p>Enquanto isso, a\u00a0<strong>prova discursiva<\/strong>,\u00a0que ser\u00e1 em car\u00e1ter eliminat\u00f3rio e classificat\u00f3rio, ter\u00e1 3 quest\u00f5es sobre as \u00e1reas de Direito Administrativo, Direito Constitucional, Direito Penal\/Processual Penal. <\/p>\n\n\n\n<p>Importante destacar que <strong>ser\u00e1 aprovado<\/strong> aquele que obtiver, no m\u00ednimo, 40% de acertos em cada quest\u00e3o da prova.<\/p>\n\n\n\n<p>E, <strong>somente ser\u00e3o corrigidos <\/strong>os exames\u00a0dos aprovados, na objetiva, at\u00e9 o limite de seis vezes o n\u00famero de vagas, sendo 138 primeiros aprovados na ampla concorr\u00eancia, 36 para as vagas destinadas a negros e ind\u00edgenas e os 18 primeiros para as oportunidades reservadas aos hipossuficientes.\u00a0<\/p>\n\n\n\n<p>Depois, os habilitados e classificados\u00a0nas avalia\u00e7\u00f5es ser\u00e3o convocados para o<strong>\u00a0TAF<\/strong> (Teste de Aptid\u00e3o F\u00edsica).<\/p>\n\n\n\n<h3 class=\"wp-block-heading\">Medidas de prote\u00e7\u00e3o<\/h3>\n\n\n\n<p>Devido \u00e0 pandemia do Coronav\u00edrus, os candidatos dever\u00e3o <strong>observar e obedecer as medidas sanit\u00e1rias<\/strong> vigentes nos locais de prova, conforme legisla\u00e7\u00e3o do poder p\u00fablico federal, estadual e municipal. S\u00e3o:<\/p>\n\n\n\n<ul class=\"wp-block-list\"><li><strong>N\u00e3o dever\u00e1 ocorrer aglomera\u00e7\u00e3o<\/strong>\u00a0de candidatos na entrada dos locais de prova da PMERJ, para isso os port\u00f5es ser\u00e3o abertos com anteced\u00eancia e os candidatos dever\u00e3o se dirigir imediatamente para as suas respectivas salas;<\/li>\n\n\n\n<li>N\u00e3o ser\u00e1 permitida a perman\u00eancia de candidatos nos corredores;<\/li>\n\n\n\n<li>Haver\u00e1 rotas e marca\u00e7\u00f5es no ch\u00e3o para indicar o\u00a0<strong>distanciamento adequado<\/strong>;<\/li>\n\n\n\n<li>\u00c9\u00a0<strong>obrigat\u00f3ria a utiliza\u00e7\u00e3o de m\u00e1scaras<\/strong>\u00a0que cubram total e simultaneamente nariz e boca para prote\u00e7\u00e3o\u00a0contra a COVID 19 pelos candidatos do certame;<\/li>\n\n\n\n<li>Haver\u00e1\u00a0<strong>aferi\u00e7\u00e3o de temperatura<\/strong>\u00a0na chegada do local de realiza\u00e7\u00e3o da prova;<\/li>\n\n\n\n<li>Recomenda-se que o candidato compare\u00e7a munido de\u00a0<strong>\u00e1lcool em gel<\/strong>, em material transparente, para uso pessoal;<\/li>\n\n\n\n<li>Recomenda-se que cada candidato leve e utilize sua pr\u00f3pria garrafa de \u00e1gua em material transparente e sem r\u00f3tulo;<\/li>\n\n\n\n<li>Somente ser\u00e1 permitido que os candidatos realizem lanches de r\u00e1pido consumo no local de prova (ex.: barra de cereal) e quando for estritamente necess\u00e1rio;<\/li>\n\n\n\n<li>O uso de sanit\u00e1rios ser\u00e1 realizado com r\u00edgido processo de controle, evitando aglomera\u00e7\u00e3o e com a frequente pr\u00e1tica da higiene e a devida assepsia;<\/li>\n\n\n\n<li>Ser\u00e3o consideradas marca\u00e7\u00f5es de distanciamento nas salas de aplica\u00e7\u00e3o os espa\u00e7os estabelecidos entre as carteiras.<\/li>\n<\/ul><p><\/p>\n\n\n\n<h3 class=\"wp-block-heading\">Outras etapas de sele\u00e7\u00e3o<\/h3>\n\n\n\n<p>Al\u00e9m das provas citadas, os concurseiros passar\u00e3o ainda por <strong>mais 4 etapas<\/strong>.\u00a0S\u00e3o elas:<\/p>\n\n\n\n<ul class=\"wp-block-list\"><li><strong>1\u00aa etapa:<\/strong>\u00a0provas objetivas e discursivas;<\/li>\n\n\n\n<li><strong>2\u00aa<\/strong>\u00a0<strong>etapa:\u00a0<\/strong>exame antropom\u00e9trico e Teste de Aptid\u00e3o F\u00edsica (TAF);<\/li>\n\n\n\n<li><strong>3\u00aa<\/strong>\u00a0<strong>etapa:<\/strong>\u00a0exame psicol\u00f3gico;<\/li>\n\n\n\n<li><strong>4\u00aa etapa:\u00a0<\/strong>exame de sa\u00fade; e<\/li>\n\n\n\n<li><strong>5\u00aa etapa:\u00a0<\/strong>exame social e documental.<\/li>\n<\/ul><p><\/p>\n\n\n\n<h2 class=\"wp-block-heading\" id=\"concurso-pm-rj-vagas-salrios-e-requisitos\">Concurso PM RJ: vagas, sal\u00e1rios e requisitos<\/h2>\n\n\n\n<p>O concurso da Pol\u00edcia Militar do <a href=\"https:\/\/www.novaconcursos.com.br\/portal\/concursos-abertos\/rj\/\">Estado do Rio de Janeiro<\/a> est\u00e1 ofertando\u00a0<strong>32 vagas para o Curso de Forma\u00e7\u00e3o de Oficiais (CFO)<\/strong>, sendo 23 para ampla concorr\u00eancia, 06 para negros ou ind\u00edgenas e 03 para hipossuficientes.<\/p>\n\n\n\n<p> A <strong>Funda\u00e7\u00e3o Get\u00falio Vargas<\/strong> (FGV) \u00e9 a banca organizadora da sele\u00e7\u00e3o, que exigiu dos candidatos: o bacharel em Direito, idade entre 18 e\u00a0<strong>30 anos<\/strong> e altura m\u00ednima de 1,65m (sexo masculino) ou de 1,60m (sexo feminino).<\/p>\n\n\n\n<p>Os aprovados ingressar\u00e3o no curso de forma\u00e7\u00e3o como\u00a0Aluno-Oficial e ter\u00e3o sal\u00e1rios de\u00a0<strong>R$ 3.146,42<\/strong>.\u00a0Ap\u00f3s a forma\u00e7\u00e3o e o est\u00e1gio, os aprovados ir\u00e3o\u00a0integrar o quadro de Oficiais, como segundo tenente, e os sal\u00e1rios chegam a<strong>\u00a0R$ 7.051,94<\/strong>.<\/p>","protected":false},"excerpt":{"rendered":"<p>Aten\u00e7\u00e3o concurseiros! As provas do concurso PM RJ (Pol\u00edcia Militar do Rio de Janeiro) ser\u00e3o aplicadas no pr\u00f3ximo domingo, 12 de setembro. E os inscritos j\u00e1 podem consultar os locais de prova e as orienta\u00e7\u00f5es. S\u00e3o 32 vagas para o Curso de Forma\u00e7\u00e3o de Oficiais (CFO). Concurso PM RJ: provas neste final de semana As [&hellip;]<\/p>\n","protected":false},"author":54671,"featured_media":130289,"comment_status":"closed","ping_status":"closed","sticky":false,"template":"","format":"standard","meta":{"_acf_changed":false,"footnotes":"","_wp_rev_ctl_limit":""},"categories":[228],"tags":[39495,7985,29991,7986,4810,38110,38109,3726,198,2578,12326,17234,39494,36641,39498,39825,115,6913,11453,38111,39499,39826,38127,1326,39496,39497,39824],"class_list":["post-142490","post","type-post","status-publish","format-standard","has-post-thumbnail","hentry","category-noticias","tag-cargo-concurso-pm-rj-oficiais","tag-concurso-pm-rj","tag-concurso-pm-rj-oficiais","tag-concurso-pmerj","tag-concurso-policia-militar","tag-concurso-policia-militar-rio-de-janeiro","tag-concurso-policia-militar-rj","tag-concursos-abertos","tag-concursos-previstos","tag-concursos-publicos","tag-concursos-rio-de-janeiro","tag-concursos-rj","tag-edital-concurso-pm-rj-oficiais","tag-edital-concurso-pmerj","tag-etapas-do-concurso-pm-rj-oficiais","tag-inscricoes-pm-rj","tag-nova-concursos","tag-pm-rj","tag-pm-rio-de-janeiro","tag-policia-militar-rio-de-janeiro","tag-provas-concurso-pm-rj-oficiais","tag-provas-concurso-pmerj","tag-regime-de-recuperacao-fiscal","tag-rio-de-janeiro","tag-salario-concurso-pm-rj","tag-vagas-concurso-pm-rj-oficiais","tag-vagas-concurso-pmerj"],"acf":[],"_links":{"self":[{"href":"https:\/\/www.novaconcursos.com.br\/portal\/wp-json\/wp\/v2\/posts\/142490","targetHints":{"allow":["GET"]}}],"collection":[{"href":"https:\/\/www.novaconcursos.com.br\/portal\/wp-json\/wp\/v2\/posts"}],"about":[{"href":"https:\/\/www.novaconcursos.com.br\/portal\/wp-json\/wp\/v2\/types\/post"}],"author":[{"embeddable":true,"href":"https:\/\/www.novaconcursos.com.br\/portal\/wp-json\/wp\/v2\/users\/54671"}],"replies":[{"embeddable":true,"href":"https:\/\/www.novaconcursos.com.br\/portal\/wp-json\/wp\/v2\/comments?post=142490"}],"version-history":[{"count":5,"href":"https:\/\/www.novaconcursos.com.br\/portal\/wp-json\/wp\/v2\/posts\/142490\/revisions"}],"predecessor-version":[{"id":302026,"href":"https:\/\/www.novaconcursos.com.br\/portal\/wp-json\/wp\/v2\/posts\/142490\/revisions\/302026"}],"wp:featuredmedia":[{"embeddable":true,"href":"https:\/\/www.novaconcursos.com.br\/portal\/wp-json\/wp\/v2\/media\/130289"}],"wp:attachment":[{"href":"https:\/\/www.novaconcursos.com.br\/portal\/wp-json\/wp\/v2\/media?parent=142490"}],"wp:term":[{"taxonomy":"category","embeddable":true,"href":"https:\/\/www.novaconcursos.com.br\/portal\/wp-json\/wp\/v2\/categories?post=142490"},{"taxonomy":"post_tag","embeddable":true,"href":"https:\/\/www.novaconcursos.com.br\/portal\/wp-json\/wp\/v2\/tags?post=142490"}],"curies":[{"name":"wp","href":"https:\/\/api.w.org\/{rel}","templated":true}]}}