{"id":142623,"date":"2021-09-09T16:34:01","date_gmt":"2021-09-09T19:34:01","guid":{"rendered":"https:\/\/www.novaconcursos.com.br\/portal\/?p=142623"},"modified":"2021-09-10T09:16:17","modified_gmt":"2021-09-10T12:16:17","slug":"concurso-banese-provas-aplicadas-domingo","status":"publish","type":"post","link":"https:\/\/www.novaconcursos.com.br\/portal\/noticias\/concurso-banese-provas-aplicadas-domingo\/","title":{"rendered":"Concurso Banese: Provas ser\u00e3o aplicadas neste domingo (12)!"},"content":{"rendered":"<p>Aten\u00e7\u00e3o concurseiros! As provas objetivas do\u00a0<a href=\"https:\/\/www.novaconcursos.com.br\/portal\/concursos\/concurso-banese\/\">concurso Banese 2021<\/a> ser\u00e3o aplicadas no pr\u00f3ximo domingo,\u00a0<strong>12 de setembro<\/strong>. O certame oferta\u00a0<strong>35 vagas<\/strong>, a n\u00edveis m\u00e9dio e superior. Confira tudo sobre os exames!<\/p>\n\n\n\n<ul class=\"wp-block-list\"><li><strong>Confira:<\/strong>\u00a0<a rel=\"noreferrer noopener\" aria-label=\" (abre numa nova aba)\" href=\"https:\/\/www.novaconcursos.com.br\/eventos\/guia-definitivo-como-fazer-uma-boa-revisao\/\" target=\"_blank\">Guia como fazer uma boa revis\u00e3o (Gr\u00e1tis)<\/a><\/li><\/ul><p><\/p>\n\n\n\n<h2 class=\"wp-block-heading\" id=\"concurso-banese-vagas-e-salrios\">Concurso Banese: vagas e sal\u00e1rios<\/h2>\n\n\n\n<p>S\u00e3o\u00a0<strong>35 vagas<\/strong>\u00a0ofertadas para os n\u00edveis m\u00e9dio e superior e as remunera\u00e7\u00f5es chegam a\u00a0<strong>R$ 4.361, 94.<\/strong>\u00a0As\u00a0oportunidades s\u00e3o para os cargos de<strong>\u00a0T\u00e9cnico Banc\u00e1rio I e T\u00e9cnico Banc\u00e1rio III \u2013 Inform\u00e1tica.<\/strong><\/p>\n\n\n\n<h2 class=\"wp-block-heading\" id=\"concurso-banese-confira-tudo-sobre-as-provas\">Concurso Banese: confira tudo sobre as provas<\/h2>\n\n\n\n<p>O\u00a0<a href=\"https:\/\/www.novaconcursos.com.br\/portal\/concursos-previstos\/se\">concurso<\/a>\u00a0Banese 2021 foi retomado em julho e as\u00a0<strong>provas remarcadas<\/strong>\u00a0para 12 de setembro. Confira todas as informa\u00e7\u00f5es sobre os exames, abaixo.<\/p>\n\n\n\n<h3 class=\"wp-block-heading\">N\u00famero de candidatos inscritos<\/h3>\n\n\n\n<p>O Banese disponibilizou a demanda de candidatos por vaga. Foram realizadas <strong>24.335 inscri\u00e7\u00f5es<\/strong>, sendo a distribui\u00e7\u00e3o:<\/p>\n\n\n\n<ul class=\"wp-block-list\"><li>861 para o cargo de T\u00e9cnico Banc\u00e1rio III \u2013 \u00c1rea: Inform\u00e1tica \u2013 Especialidade: Desenvolvimento (gerando demanda de 43 candidatos por vaga) <\/li><li>23.474 para o cargo de T\u00e9cnico Banc\u00e1rio I (gerando demanda de 939 candidatos por vaga)<\/li><\/ul><p><\/p>\n\n\n\n<h3 class=\"wp-block-heading\">Onde as provas ser\u00e3o aplicadas?<\/h3>\n\n\n\n<p>As provas objetivas ser\u00e3o realizadas nas cidades de<strong>\u00a0Aracaju\/SE, Est\u00e2ncia\/SE, Itabaiana\/SE, Nossa Senhora da Gl\u00f3ria\/SE e Propri\u00e1\/SE<\/strong>. <\/p>\n\n\n\n<h3 class=\"wp-block-heading\">Confira seu local de prova<\/h3>\n\n\n\n<p>Para conferir os\u00a0<strong>locais e hor\u00e1rios<\/strong>\u00a0para realiza\u00e7\u00e3o das provas, o candidato dever\u00e1\u00a0<a rel=\"noreferrer noopener\" href=\"https:\/\/security.cebraspe.org.br\/BANESE_21\/LocalHorario_OBJ_2C3451A9-F790-4F19-9685\/\" target=\"_blank\">clicar no link<\/a>\u00a0e colocar o CPF.<\/p>\n\n\n\n<p>Recentemente, o concurso do Banco de\u00a0<a href=\"https:\/\/www.novaconcursos.com.br\/portal\/concursos-abertos\/se\">Sergipe\u00a0<\/a>sofreu uma\u00a0<strong>retifica\u00e7\u00e3o no edital<\/strong>, sobre os\u00a0<strong>locais de prova<\/strong> escolhidos pelos candidatos no momento da inscri\u00e7\u00e3o, que poder\u00e3o n\u00e3o ser os mesmos da aplica\u00e7\u00e3o. <\/p>\n\n\n\n<p> <em>\u201c2.2.1 A cidade de provas escolhida pelo candidato no momento da inscri\u00e7\u00e3o poder\u00e1 n\u00e3o ser a mesma onde o candidato realizar\u00e1 as provas, conforme disposto no subitem 1.3.1 do Edital n\u00ba 1 \u2013 BANESE, de 18 de fevereiro de 2021, e suas altera\u00e7\u00f5es\u201d<\/em>, afirmou a publica\u00e7\u00e3o. <\/p>\n\n\n\n<h3 class=\"wp-block-heading\">Como ser\u00e3o as provas?<\/h3>\n\n\n\n<p>Os exames ter\u00e3o in\u00edcio \u00e0s\u00a0<strong>14h e ser\u00e3o<\/strong> aplicados\u00a0em car\u00e1ter eliminat\u00f3rio e classificat\u00f3rio. Confira os detalhes:<\/p>\n\n\n\n<ul class=\"wp-block-list\"><li><strong>P1 \u2013 Objetiva:<\/strong>\u00a0Conhecimentos b\u00e1sicos \u2013 50 quest\u00f5es<\/li><li><strong>P2 \u2013 Objetiva:<\/strong>\u00a0Conhecimentos espec\u00edficos \u2013 70 quest\u00f5es<\/li><li><strong>P3 \u2013 Discursiva:<\/strong>\u00a0Conhecimentos espec\u00edficos \u2013 Reda\u00e7\u00e3o de at\u00e9 30 linhas<\/li><\/ul><p><\/p>\n\n\n\n<p>No estilo Certo ou Errado e com um total de <strong>120 pontos<\/strong>, as provas abordar\u00e3o as seguintes disciplinas:<\/p>\n\n\n\n<ul class=\"wp-block-list\"><li><strong>Conhecimentos b\u00e1sicos (todos os cargos)<\/strong><ul><li>L\u00edngua Portuguesa<\/li><li>Conhecimentos sobre o Estado de Sergipe<\/li><li>\u00c9tica<\/li><li>Modelagem de Processos de Neg\u00f3cio<\/li><li>No\u00e7\u00f5es de inform\u00e1tica (apenas para T\u00e9cnico Banc\u00e1rio I)<\/li><li>Matem\u00e1tica, Estat\u00edstica e Racioc\u00ednio L\u00f3gico (apenas para T\u00e9cnico Banc\u00e1rio III)<\/li><li>L\u00edngua Inglesa (apenas para T\u00e9cnico Banc\u00e1rio III)<\/li><\/ul><\/li><li><strong>Conhecimentos espec\u00edficos<\/strong><ul><li><strong>T\u00e9cnico Banc\u00e1rio III \u2013 \u00c1rea: Inform\u00e1tica \u2013 Especialidade: Desenvolvimento<\/strong><ul><li>Conhecimentos banc\u00e1rios<\/li><li>Banco de dados<\/li><li>Ci\u00eancia de Dados<\/li><li>Engenharia de Software<\/li><li>Desenvolvimento de Sistemas de Computa\u00e7\u00e3o<\/li><li>Gest\u00e3o e Governan\u00e7a de TI<\/li><li>Seguran\u00e7a de Informa\u00e7\u00e3o<\/li><\/ul><\/li><li><strong>T\u00e9cnico Banc\u00e1rio I<\/strong><ul><li>Atendimento, Negocia\u00e7\u00e3o e Vendas<\/li><li>Conhecimentos banc\u00e1rios<\/li><li>Matem\u00e1tica, Estat\u00edstica e Racioc\u00ednio L\u00f3gico<\/li><li>Confidencialidade e Seguran\u00e7a de Informa\u00e7\u00e3o<\/li><li>Atualidades (somente para a prova discursiva)<\/li><\/ul><\/li><\/ul><\/li><\/ul><p><\/p>\n\n\n\n<h3 class=\"wp-block-heading\">Quando sai o gabarito preliminar?<\/h3>\n\n\n\n<p>Os gabaritos oficiais preliminares ser\u00e3o divulgados na internet, no <a rel=\"noreferrer noopener\" aria-label=\"endere\u00e7o eletr\u00f4nico (abre numa nova aba)\" href=\"http:\/\/www.cebraspe.org.br\/concursos\/banese_21\" target=\"_blank\">endere\u00e7o eletr\u00f4nico<\/a>, a partir das 19h do dia\u00a0<strong>14 de setembro de 2021<\/strong>.<\/p>\n\n\n\n<p>J\u00e1 os recursos contra os gabaritos oficiais preliminares poder\u00e3o ser apresentados entre os dias <strong>15 e 16 de setembro <\/strong>de 2021.<\/p>\n\n\n\n<p>Para <strong>recorrer<\/strong>, o candidato dever\u00e1 utilizar o Sistema Eletr\u00f4nico de <a rel=\"noreferrer noopener\" aria-label=\" (abre numa nova aba)\" href=\"http:\/\/www.cebraspe.org.br\/concursos\/banese_21\" target=\"_blank\">Interposi\u00e7\u00e3o de Recurso<\/a> e seguir as <strong>instru\u00e7\u00f5es<\/strong>.<\/p>\n\n\n\n<p><em>\u201cO candidato dever\u00e1 ser claro, consistente e objetivo em seu pleito. Recurso inconsistente ou intempestivo ser\u00e1 preliminarmente indeferido. O recurso n\u00e3o poder\u00e1 conter, em outro local que n\u00e3o o apropriado, qualquer palavra ou marca que identifique seu autor, sob pena de ser preliminarmente indeferido\u201d<\/em>, afirma a banca.<\/p>\n\n\n\n<h3 class=\"wp-block-heading\">O que elimina o candidato?<\/h3>\n\n\n\n<p>O candidato dever\u00e1 ter\u00a0<strong>cuidado para n\u00e3o ser eliminado<\/strong>\u00a0do certame. Veja o que pode causar elimina\u00e7\u00f5es:<\/p>\n\n\n\n<ul class=\"wp-block-list\"><li>aparelhos eletr\u00f4nicos, tais como wearable tech, m\u00e1quinas calculadoras, agendas eletr\u00f4nicas e(ou) similares, telefones celulares, smartphones, tablets, ipods\u00ae, gravadores, pen drive, mp3 player e(ou) similar, rel\u00f3gio de qualquer esp\u00e9cie, alarmes, chaves com alarme ou com qualquer outro componente eletr\u00f4nico, fones de ouvido e(ou) qualquer transmissor, gravador e(ou) receptor de dados, imagens, v\u00eddeos e mensagens etc.;<\/li><li>\u00f3culos escuros, protetor auricular, l\u00e1pis, lapiseira\/grafite, marca-texto e(ou) borracha;<\/li><li>quaisquer acess\u00f3rios de chapelaria, tais como chap\u00e9u, bon\u00e9, gorro etc.;<\/li><li>qualquer recipiente ou embalagem que n\u00e3o seja fabricado com material transparente, tais como garrafa de \u00e1gua, suco, refrigerante e embalagem de alimentos (biscoitos, barras de cereais, chocolate, balas etc.).<\/li><\/ul><p><\/p>\n\n\n\n<h3 class=\"wp-block-heading\">Orienta\u00e7\u00f5es contra a Covid-19<\/h3>\n\n\n\n<p>O Cebraspe adotou algumas medidas de\u00a0<strong>prote\u00e7\u00e3o \u00e0 transmiss\u00e3o da Covid-19<\/strong>. Confira:<\/p>\n\n\n\n<ul class=\"wp-block-list\"><li>comparecer ao local de aplica\u00e7\u00e3o usando m\u00e1scara e portando m\u00e1scaras reservas, se necess\u00e1rio, de modo a possibilitar a troca de sua m\u00e1scara a cada duas horas;<\/li><li>armazenar as m\u00e1scaras usadas em saco pl\u00e1stico transparente, que dever\u00e1 ser trazido pelo candidato;<\/li><li>permanecer de m\u00e1scara durante todo o tempo em que estiver nas depend\u00eancias dos locais de aplica\u00e7\u00e3o de provas;<\/li><li>submeter-se \u00e0 verifica\u00e7\u00e3o da temperatura corporal para acesso ao local de aplica\u00e7\u00e3o, observado o subitem 2.6.1.5 deste edital;<\/li><li>observar o distanciamento adequado, conforme demarca\u00e7\u00e3o do piso com fita adesiva em frente ao port\u00e3o de acesso ao local de aplica\u00e7\u00e3o, na entrada das salas de provas e dos banheiros;<\/li><li>observar o distanciamento m\u00ednimo exigido na legisla\u00e7\u00e3o aplic\u00e1vel entre os candidatos e entre membros da equipe de aplica\u00e7\u00e3o nas salas de aplica\u00e7\u00e3o das provas;<\/li><li>verificar o seu hor\u00e1rio de acesso ao local de provas, conforme informado na consulta individual, em link espec\u00edfico, em que ser\u00e3o disponibilizadas as informa\u00e7\u00f5es relativas a seu grupo e a seu hor\u00e1rio de entrada;<\/li><li>submeter-se a pr\u00e9-identifica\u00e7\u00e3o realizada pela equipe de campo na chegada dos candidatos ao local de aplica\u00e7\u00e3o, sem contato f\u00edsico e sem o manuseio de documentos ou de qualquer outro objeto dos candidatos, podendo ser solicitado que o candidato abaixe a sua m\u00e1scara, de modo a permitir a visualiza\u00e7\u00e3o do seu rosto \u2014 concedendo-se somente ao candidato a manipula\u00e7\u00e3o de sua m\u00e1scara \u2014, mantendo-se o distanciamento m\u00ednimo exigido na legisla\u00e7\u00e3o aplic\u00e1vel de qualquer outro candidato ou membro da equipe de aplica\u00e7\u00e3o;<\/li><li>permanecer de m\u00e1scara ao se retirar de sala para uso dos banheiros e observar os procedimentos de higieniza\u00e7\u00e3o das m\u00e3os nesses ambientes;<\/li><li>manter os cabelos arrumados de forma que n\u00e3o caiam sobre sua face enquanto estiver dentro dos locais de aplica\u00e7\u00e3o das provas;<\/li><li>submeter-se ao controle de sa\u00edda dos candidatos ao t\u00e9rmino das provas para evitar aglomera\u00e7\u00e3o.<\/li><\/ul>","protected":false},"excerpt":{"rendered":"<p>Aten\u00e7\u00e3o concurseiros! As provas objetivas do\u00a0concurso Banese 2021 ser\u00e3o aplicadas no pr\u00f3ximo domingo,\u00a012 de setembro. O certame oferta\u00a035 vagas, a n\u00edveis m\u00e9dio e superior. Confira tudo sobre os exames! Confira:\u00a0Guia como fazer uma boa revis\u00e3o (Gr\u00e1tis) Concurso Banese: vagas e sal\u00e1rios S\u00e3o\u00a035 vagas\u00a0ofertadas para os n\u00edveis m\u00e9dio e superior e as remunera\u00e7\u00f5es chegam a\u00a0R$ 4.361, [&hellip;]<\/p>\n","protected":false},"author":54671,"featured_media":123625,"comment_status":"closed","ping_status":"closed","sticky":false,"template":"","format":"standard","meta":{"_acf_changed":false,"footnotes":"","_wp_rev_ctl_limit":""},"categories":[228],"tags":[38689,34453,36823,36824,36826,2578,38687,38686,40075,581,582,115,40076,37864,38690,9574,38688],"class_list":["post-142623","post","type-post","status-publish","format-standard","has-post-thumbnail","hentry","category-noticias","tag-cargos-concurso-banese","tag-cebraspe","tag-concurso-banese","tag-concurso-banese-edital","tag-concurso-banese-vagas","tag-concursos-publicos","tag-edital-concurso-banese","tag-edital-ratificado-concurso-banese","tag-edital-retomado-concurso-banese","tag-nivel-medio","tag-nivel-superior","tag-nova-concursos","tag-novo-cronograma-concurso-banese","tag-provas-do-concurso-banese","tag-salario-concurso-banese","tag-sergipe","tag-vagas-concurso-banese"],"acf":[],"_links":{"self":[{"href":"https:\/\/www.novaconcursos.com.br\/portal\/wp-json\/wp\/v2\/posts\/142623","targetHints":{"allow":["GET"]}}],"collection":[{"href":"https:\/\/www.novaconcursos.com.br\/portal\/wp-json\/wp\/v2\/posts"}],"about":[{"href":"https:\/\/www.novaconcursos.com.br\/portal\/wp-json\/wp\/v2\/types\/post"}],"author":[{"embeddable":true,"href":"https:\/\/www.novaconcursos.com.br\/portal\/wp-json\/wp\/v2\/users\/54671"}],"replies":[{"embeddable":true,"href":"https:\/\/www.novaconcursos.com.br\/portal\/wp-json\/wp\/v2\/comments?post=142623"}],"version-history":[{"count":5,"href":"https:\/\/www.novaconcursos.com.br\/portal\/wp-json\/wp\/v2\/posts\/142623\/revisions"}],"predecessor-version":[{"id":142672,"href":"https:\/\/www.novaconcursos.com.br\/portal\/wp-json\/wp\/v2\/posts\/142623\/revisions\/142672"}],"wp:featuredmedia":[{"embeddable":true,"href":"https:\/\/www.novaconcursos.com.br\/portal\/wp-json\/wp\/v2\/media\/123625"}],"wp:attachment":[{"href":"https:\/\/www.novaconcursos.com.br\/portal\/wp-json\/wp\/v2\/media?parent=142623"}],"wp:term":[{"taxonomy":"category","embeddable":true,"href":"https:\/\/www.novaconcursos.com.br\/portal\/wp-json\/wp\/v2\/categories?post=142623"},{"taxonomy":"post_tag","embeddable":true,"href":"https:\/\/www.novaconcursos.com.br\/portal\/wp-json\/wp\/v2\/tags?post=142623"}],"curies":[{"name":"wp","href":"https:\/\/api.w.org\/{rel}","templated":true}]}}