{"id":142668,"date":"2021-09-10T15:43:19","date_gmt":"2021-09-10T18:43:19","guid":{"rendered":"https:\/\/www.novaconcursos.com.br\/portal\/?p=142668"},"modified":"2021-09-10T15:43:23","modified_gmt":"2021-09-10T18:43:23","slug":"concurso-pm-rn-idade-minima-de-21-anos-para-soldado","status":"publish","type":"post","link":"https:\/\/www.novaconcursos.com.br\/portal\/noticias\/concurso-pm-rn-idade-minima-de-21-anos-para-soldado\/","title":{"rendered":"Concurso PM RN: Idade m\u00ednima de 21 anos para Soldado, entenda!"},"content":{"rendered":"<p>Aten\u00e7\u00e3o, concurseiros! O <a href=\"https:\/\/www.novaconcursos.com.br\/portal\/concursos\/concurso-pm-rn\/\">concurso PM RN<\/a> foi recentemente confirmado e entre os <strong>requisitos<\/strong> para concorrer \u00e0s vagas, est\u00e1 a <strong>idade m\u00ednima<\/strong> de 21 anos para o cargo.<\/p>\n\n\n\n<ul class=\"wp-block-list\"><li><strong>Confira: <\/strong><a href=\"https:\/\/www.novaconcursos.com.br\/eventos\/guia-definitivo-como-montar-um-mapa-mental\/\" target=\"_blank\" rel=\"noreferrer noopener\" aria-label=\" (abre numa nova aba)\">Como montar um mapa mental \u2013 Gr\u00e1tis<\/a><\/li><\/ul><p><\/p>\n\n\n\n<p>Na \u00faltima quarta-feira, <strong>8 de setembro de 2021<\/strong>, a autoriza\u00e7\u00e3o do novo concurso PM RN foi anunciada pela governadora do <a href=\"https:\/\/www.novaconcursos.com.br\/portal\/concursos-previstos\/rn\/\">Rio Grande do Norte<\/a>, F\u00e1tima Bezerra. Segundo ela, a expectativa \u00e9 de que o concurso <strong>aconte\u00e7a em 2022.<\/strong><\/p>\n\n\n\n<p>O quantitativo de vagas para o cargo de Soldado<strong> ainda n\u00e3o \u00e9 certo<\/strong>, uma vez que ser\u00e1 necess\u00e1rio fazer um estudo acerca do <strong>deficit de pessoal<\/strong> nas corpora\u00e7\u00f5es do estado.<\/p>\n\n\n\n<h2 class=\"wp-block-heading\" id=\"concurso-pm-rn-vagas\">Concurso PM RN: vagas<\/h2>\n\n\n\n<p>De acordo com o comandante da PM do <a href=\"https:\/\/www.novaconcursos.com.br\/portal\/concursos-abertos\/rn\/\">Rio Grande do Norte<\/a>, Alarico Azevedo, o n\u00famero de vagas para a Pol\u00edcia Militar \u00e9 <strong>bastante grande<\/strong>, mas nem todas podem ser preenchidas de uma vez por meio de <strong>concurso p\u00fablico.<\/strong><\/p>\n\n\n\n<p><em>\u201cTemos mais de 6 mil vagas, mas a Lei de Responsabilidade Fiscal permite, nesse momento, somente o concurso para preenchimento de vac\u00e2ncias.\u201d<\/em><\/p>\n\n\n\n<p>Al\u00e9m disso, o comandante tamb\u00e9m acrescentou que acredita que o concurso contar\u00e1 com <strong>cerca de 800 vagas<\/strong> para o cargo de Soldado.<\/p>\n\n\n\n<h2 class=\"wp-block-heading\" id=\"quais-sero-os-requisitos\">Quais ser\u00e3o os requisitos?<\/h2>\n\n\n\n<p>Ademais, vale destacar que o cargo exige o<strong> n\u00edvel superior<\/strong> em qualquer \u00e1rea, e para concorrer ao concurso p\u00fablico \u00e9 necess\u00e1rio que os candidatos estejam atentos aos demais <strong>requisitos para a carreira<\/strong>. S\u00e3o eles:<\/p>\n\n\n\n<ul class=\"wp-block-list\"><li>Ter, no m\u00ednimo, 1,65m de altura (sexo masculino) e 1,60m (sexo feminino), para o Quadro de Pra\u00e7as Combatentes;<\/li><li>Ter, no m\u00ednimo, 21 (vinte e um) e no m\u00e1ximo 30 (trinta) anos de idade, completos at\u00e9 31 de dezembro do ano da inscri\u00e7\u00e3o, para o Quadro de Pra\u00e7as Combatentes;<\/li><li>Gradua\u00e7\u00e3o de n\u00edvel superior, nos graus de bacharelado ou licenciatura, devidamente comprovado por meio de fotoc\u00f3pia autenticada em cart\u00f3rio, do diploma, certificado ou declara\u00e7\u00e3o, reconhecido legalmente por Secretaria da Educa\u00e7\u00e3o de quaisquer das Unidades Federativas do Brasil ou pelo Minist\u00e9rio da Educa\u00e7\u00e3o, acompanhado do hist\u00f3rico escolar correspondente, registrado no \u00f3rg\u00e3o competente, para matr\u00edcula no curso de forma\u00e7\u00e3o dos seguintes Quadros;<\/li><li>Ser habilitado para a condu\u00e7\u00e3o de ve\u00edculo automotor, no m\u00ednimo, na categoria \u201cB\u201d;<\/li><li>N\u00e3o ter sido isento do servi\u00e7o militar por incapacidade f\u00edsica definitiva;<\/li><li>Apresentar, quando o candidato for militar estadual ou federal, of\u00edcio de seu Comandante, Chefe ou Diretor, dirigido \u00e0 Comiss\u00e3o de Coordena\u00e7\u00e3o-Geral do Concurso, declarando ci\u00eancia e aus\u00eancia de pend\u00eancias do candidato perante a institui\u00e7\u00e3o militar de origem, n\u00e3o podendo estar no comportamento \u201cINSUFICIENTE\u201d ou \u201cMAU\u201d, nos termos do Regulamento Disciplinar dos Militares do Estado do Rio Grande do Norte ou equivalente em outra Corpora\u00e7\u00e3o Militar;<\/li><li>N\u00e3o ter sido exonerado, demitido, exclu\u00eddo ou licenciado ex of\u00edcio de uma das Corpora\u00e7\u00f5es Militares Estaduais ou das For\u00e7as Armadas, inclusive por for\u00e7a de decis\u00e3o judicial, Conselho de Disciplina ou Processo Administrativo Disciplinar;<\/li><li>Estar quite com as obriga\u00e7\u00f5es eleitorais, comprovado mediante apresenta\u00e7\u00e3o de certid\u00e3o original emitida pelo Tribunal Regional Eleitoral (TRE);<\/li><li>Estar quite com as obriga\u00e7\u00f5es militares, comprovado mediante apresenta\u00e7\u00e3o do certificado original de reservista ou de dispensa de incorpora\u00e7\u00e3o;<\/li><li>N\u00e3o ter sofrido condena\u00e7\u00e3o criminal com pena privativa de liberdade ou qualquer condena\u00e7\u00e3o incompat\u00edvel com a fun\u00e7\u00e3o policial militar.<\/li><\/ul><p><\/p>\n\n\n\n<h2 class=\"wp-block-heading\" id=\"ltimo-concurso-pm-rn\">\u00daltimo concurso PM RN<\/h2>\n\n\n\n<p>O \u00faltimo concurso PM RN aconteceu em <strong>2018<\/strong>, quando foram oferecidas <strong>1.000 vagas<\/strong> para o cargo de<strong> Soldado<\/strong>, sob a organiza\u00e7\u00e3o do <a href=\"https:\/\/www.ibade.org.br\/\" target=\"_blank\" rel=\"noreferrer noopener\" aria-label=\"IBADE (abre numa nova aba)\">IBADE<\/a>.<\/p>\n\n\n\n<p>Al\u00e9m disso, a remunera\u00e7\u00e3o dos aprovados era de<strong> R$2.904,00<\/strong> ap\u00f3s o t\u00e9rmino do <strong>curso de forma\u00e7\u00e3o<\/strong> profissional. Antes disso, os alunos recebiam <strong>R$954,00.<\/strong><\/p>\n\n\n\n<p>Para a sele\u00e7\u00e3o, os candidatos realizaram uma <strong>reda\u00e7\u00e3o<\/strong> e uma <strong>prova objetiva<\/strong> que possu\u00eda <strong>80 quest\u00f5es<\/strong> sobre as seguintes disciplinas:<\/p>\n\n\n\n<ul class=\"wp-block-list\"><li>L\u00edngua Portuguesa: 10 quest\u00f5es;<\/li><li>Matem\u00e1tica e Racioc\u00ednio L\u00f3gico: 10 quest\u00f5es;<\/li><li>Geografia do Brasil e do Rio Grande do Norte: 08 quest\u00f5es;<\/li><li>No\u00e7\u00f5es de Direito Constitucional: 05 quest\u00f5es;<\/li><li>No\u00e7\u00f5es de Direito Penal Militar: 10 quest\u00f5es;<\/li><li>No\u00e7\u00f5es de Direito Penal: 10 quest\u00f5es;<\/li><li>No\u00e7\u00f5es de Legisla\u00e7\u00e3o Extravagante: 10 quest\u00f5es;<\/li><li>No\u00e7\u00f5es de Inform\u00e1tica: 07 quest\u00f5es;<\/li><li>Legisla\u00e7\u00e3o Espec\u00edfica da Pol\u00edcia Militar: 10 quest\u00f5es.<\/li><\/ul><p><\/p>\n\n\n\n<p>Al\u00e9m disso, os inscritos tamb\u00e9m\npassaram por exames de sa\u00fade, investiga\u00e7\u00e3o social, exame de avalia\u00e7\u00e3o do\ncondicionamento f\u00edsico e curso de forma\u00e7\u00e3o.<\/p>","protected":false},"excerpt":{"rendered":"<p>Aten\u00e7\u00e3o, concurseiros! O concurso PM RN foi recentemente confirmado e entre os requisitos para concorrer \u00e0s vagas, est\u00e1 a idade m\u00ednima de 21 anos para o cargo. Confira: Como montar um mapa mental \u2013 Gr\u00e1tis Na \u00faltima quarta-feira, 8 de setembro de 2021, a autoriza\u00e7\u00e3o do novo concurso PM RN foi anunciada pela governadora do [&hellip;]<\/p>\n","protected":false},"author":54674,"featured_media":129829,"comment_status":"closed","ping_status":"closed","sticky":false,"template":"","format":"standard","meta":{"_acf_changed":false,"footnotes":"","_wp_rev_ctl_limit":""},"categories":[228],"tags":[41227,16218,23348,24496,41225,41229,20046,37108,41226,29169],"class_list":["post-142668","post","type-post","status-publish","format-standard","has-post-thumbnail","hentry","category-noticias","tag-concurso-pm-rio-grande-do-norte","tag-concurso-pm-rn","tag-concurso-pm-rn-soldado","tag-concurso-pm-rn-nivel-superior","tag-concurso-pm-rn-requisitos","tag-concurso-policia-militar-do-estado-do-rio-grande-do-norte","tag-concurso-policia-militar-rn","tag-concurso-policia-militar-salario","tag-salarios-concurso-pm-rn","tag-vagas-concurso-pm-rn"],"acf":[],"_links":{"self":[{"href":"https:\/\/www.novaconcursos.com.br\/portal\/wp-json\/wp\/v2\/posts\/142668","targetHints":{"allow":["GET"]}}],"collection":[{"href":"https:\/\/www.novaconcursos.com.br\/portal\/wp-json\/wp\/v2\/posts"}],"about":[{"href":"https:\/\/www.novaconcursos.com.br\/portal\/wp-json\/wp\/v2\/types\/post"}],"author":[{"embeddable":true,"href":"https:\/\/www.novaconcursos.com.br\/portal\/wp-json\/wp\/v2\/users\/54674"}],"replies":[{"embeddable":true,"href":"https:\/\/www.novaconcursos.com.br\/portal\/wp-json\/wp\/v2\/comments?post=142668"}],"version-history":[{"count":4,"href":"https:\/\/www.novaconcursos.com.br\/portal\/wp-json\/wp\/v2\/posts\/142668\/revisions"}],"predecessor-version":[{"id":142779,"href":"https:\/\/www.novaconcursos.com.br\/portal\/wp-json\/wp\/v2\/posts\/142668\/revisions\/142779"}],"wp:featuredmedia":[{"embeddable":true,"href":"https:\/\/www.novaconcursos.com.br\/portal\/wp-json\/wp\/v2\/media\/129829"}],"wp:attachment":[{"href":"https:\/\/www.novaconcursos.com.br\/portal\/wp-json\/wp\/v2\/media?parent=142668"}],"wp:term":[{"taxonomy":"category","embeddable":true,"href":"https:\/\/www.novaconcursos.com.br\/portal\/wp-json\/wp\/v2\/categories?post=142668"},{"taxonomy":"post_tag","embeddable":true,"href":"https:\/\/www.novaconcursos.com.br\/portal\/wp-json\/wp\/v2\/tags?post=142668"}],"curies":[{"name":"wp","href":"https:\/\/api.w.org\/{rel}","templated":true}]}}