{"id":142698,"date":"2021-09-10T15:48:34","date_gmt":"2021-09-10T18:48:34","guid":{"rendered":"https:\/\/www.novaconcursos.com.br\/portal\/?p=142698"},"modified":"2025-05-06T15:38:42","modified_gmt":"2025-05-06T18:38:42","slug":"concurso-publicos-mais-de-20-editais-publicados-com-inscricoes-abertas","status":"publish","type":"post","link":"https:\/\/www.novaconcursos.com.br\/portal\/noticias\/concurso-publicos-mais-de-20-editais-publicados-com-inscricoes-abertas\/","title":{"rendered":"Mais de 20 editais publicados e com inscri\u00e7\u00f5es abertas!"},"content":{"rendered":"<p>Novidades para os concurseiros! Este segundo semestre de 2021 conta com uma s\u00e9rie de editais para Concurso P\u00fablico com <strong>inscri\u00e7\u00f5es abertas <\/strong>espalhados por <strong>todo o pa\u00eds<\/strong>. <\/p>\n\n\n\n<h2 class=\"wp-block-heading\" id=\"concursos-abertos-regio-sudeste\">Concursos abertos \u2013 Regi\u00e3o Sudeste<\/h2>\n\n\n\n<h3 class=\"wp-block-heading\">Concurso TJM MG<\/h3>\n\n\n\n<p>J\u00e1 foi publicado o edital para o concurso TJM MG (Tribunal de Justi\u00e7a Militar de Minas Gerais). Ser\u00e3o ofertadas <strong>27 vagas de n\u00edvel m\u00e9dio e superior<\/strong> entre os cargos de Oficial Judici\u00e1rio e Analista Judici\u00e1rio.<\/p>\n\n\n\n<p>O processo contar\u00e1 com a organiza\u00e7\u00e3o da banca Consulplan, por onde os candidatos poder\u00e3o realizar suas inscri\u00e7\u00f5es <strong>entre os dias 4 de outubro e 4 de novembro.<\/strong><\/p>\n\n\n\n<h3 class=\"wp-block-heading\">Concurso Pol\u00edcia Penal MG<\/h3>\n\n\n\n<p>As inscri\u00e7\u00f5es para o concurso <a href=\"https:\/\/www.novaconcursos.com.br\/portal\/concursos\/concurso-policia-penal-mg\/\">Pol\u00edcia Penal MG<\/a> est\u00e3o abertas e podem ser realizadas <strong>at\u00e9 o dia 21 de novembro,<\/strong> por meio do site da banca organizadora, SELECON. A oferta \u00e9 de<strong> 2.420 vagas de n\u00edvel m\u00e9dio.<\/strong><\/p>\n\n\n\n<h3 class=\"wp-block-heading\">Concurso CRP MG<\/h3>\n\n\n\n<p>Por sua vez, as inscri\u00e7\u00f5es para o <a href=\"https:\/\/www.novaconcursos.com.br\/portal\/concursos\/concurso-crp-mg\/\">concurso CRP MG<\/a> ir\u00e3o <strong>at\u00e9 o dia 13 de setembro<\/strong>. Os candidatos podem se inscrever no site do <a rel=\"noreferrer noopener\" aria-label=\"Instituto Quadrix (abre numa nova aba)\" href=\"http:\/\/www.quadrix.org.br\/\" target=\"_blank\">Instituto Quadrix<\/a>. S\u00e3o oferecidas <strong>430 vagas<\/strong> de n\u00edveis m\u00e9dio, t\u00e9cnico e superior.<\/p>\n\n\n\n<h3 class=\"wp-block-heading\">Concurso IFMG<\/h3>\n\n\n\n<p>Foram publicados dois editais para <a href=\"https:\/\/www.novaconcursos.com.br\/portal\/concursos\/concurso-ifmg\/\">concurso IFMG<\/a>, para a carreira de T\u00e9cnico Administrativo. As inscri\u00e7\u00f5es podem ser realizadas <strong>at\u00e9 o dia 12 de setembro<\/strong>, por meio do site do <a rel=\"noreferrer noopener\" aria-label=\"IFMG (abre numa nova aba)\" href=\"https:\/\/www.ifmg.edu.br\/portal\" target=\"_blank\">IFMG<\/a>.<\/p>\n\n\n\n<h3 class=\"wp-block-heading\">Concurso Prefeitura S\u00e3o Jo\u00e3o del-Rei MG<\/h3>\n\n\n\n<p>Com inscri\u00e7\u00f5es que podem ser realizadas <strong>at\u00e9 o dia 20 de setembro<\/strong> no site do <a rel=\"noreferrer noopener\" aria-label=\"IBGP (abre numa nova aba)\" href=\"https:\/\/www.ibgpconcursos.com.br\/\" target=\"_blank\">IBGP<\/a>, o <a href=\"https:\/\/www.novaconcursos.com.br\/portal\/concursos\/concurso-prefeitura-de-sao-joao-del-rei-mg\/\">concurso S\u00e3o Jo\u00e3o del-Rei MG<\/a> oferece <strong>346 vagas<\/strong> de n\u00edveis fundamental, m\u00e9dio e superior.<\/p>\n\n\n\n<h3 class=\"wp-block-heading\">Concurso C\u00e2mara de Ibituruna MG<\/h3>\n\n\n\n<p>Tamb\u00e9m no estado de Minas Gerais, o <strong>concurso C\u00e2mara de Ibituruna MG<\/strong> oferece vagas de n\u00edvel superior para Contador e Assessor Jur\u00eddico.<\/p>\n\n\n\n<p>As inscri\u00e7\u00f5es v\u00e3o <strong>at\u00e9 o dia 15 de setembro<\/strong>, e podem ser feitas no site da <a rel=\"noreferrer noopener\" aria-label=\"JCM Concursos. (abre numa nova aba)\" href=\"https:\/\/www.concursosjcm.com.br\/\" target=\"_blank\">JCM Concursos.<\/a><\/p>\n\n\n\n<h3 class=\"wp-block-heading\">Concurso C\u00e2mara Municipal de Heliodora MG<\/h3>\n\n\n\n<p>O <strong>concurso C\u00e2mara Municipal de Heliodora MG <\/strong>oferece vagas de n\u00edvel fundamental para o cargo de Auxiliar de Servi\u00e7os Internos e Externos.<\/p>\n\n\n\n<p>Al\u00e9m disso, \u00e9 poss\u00edvel realizar a inscri\u00e7\u00e3o at\u00e9 o dia <strong>7 de outubro<\/strong>, no site <a rel=\"noreferrer noopener\" aria-label=\"MB Gest\u00e3o P\u00fablica (abre numa nova aba)\" href=\"https:\/\/www.maximaauditores.com.br\/\" target=\"_blank\">MB Gest\u00e3o P\u00fablica<\/a>.<\/p>\n\n\n\n<h3 class=\"wp-block-heading\">Concurso Prefeitura de Erv\u00e1lia MG<\/h3>\n\n\n\n<p>Tamb\u00e9m com inscri\u00e7\u00f5es que se encerram<strong> no dia 7 de outubro<\/strong>, o <a href=\"https:\/\/www.novaconcursos.com.br\/portal\/concursos\/concurso-prefeitura-de-ervalia-mg\/\">concurso Prefeitura de Erv\u00e1lia MG<\/a> disponibiliza 126 oportunidades com remunera\u00e7\u00f5es que podem chegar a <strong>R$15,9 mil.<\/strong><\/p>\n\n\n\n<p>Para realizar a inscri\u00e7\u00e3o, o candidato pode acessar o site do Instituto <strong>Consulplan.<\/strong><\/p>\n\n\n\n<h3 class=\"wp-block-heading\">Concurso Itapecerica MG<\/h3>\n\n\n\n<p>At\u00e9 o dia <strong>23 de setembro<\/strong> podem ser realizadas as inscri\u00e7\u00f5es para o <strong>concurso Itapecerica MG<\/strong>, que oferece 49 vagas para diversos n\u00edveis de escolaridade, com sal\u00e1rios que podem chegar a <strong>R$2,7 mil.<\/strong><\/p>\n\n\n\n<p>Ademais, as <strong>inscri\u00e7\u00f5es<\/strong> devem ser feitas no site da banca, <a rel=\"noreferrer noopener\" aria-label=\"Fundep (abre numa nova aba)\" href=\"https:\/\/www.fundep.ufmg.br\/\" target=\"_blank\">Fundep<\/a>.<\/p>\n\n\n\n<h3 class=\"wp-block-heading\">Concurso Prefeitura de Ouro Branco MG<\/h3>\n\n\n\n<p>Por sua vez, as inscri\u00e7\u00f5es para o <strong>concurso Prefeitura de Ouro Branco MG <\/strong>v\u00e3o at\u00e9 o dia <strong>7 de outubro<\/strong>. S\u00e3o oferecidas 14 vagas de n\u00edveis m\u00e9dio\/t\u00e9cnico e superior.<\/p>\n\n\n\n<p>Os interessados podem realizar sua <strong>inscri\u00e7\u00e3o <\/strong>por meio do site da <a rel=\"noreferrer noopener\" aria-label=\"ETHOS Concursos P\u00fablicos. (abre numa nova aba)\" href=\"https:\/\/ethosconcursos.com.br\/\" target=\"_blank\">ETHOS Concursos P\u00fablicos.<\/a><\/p>\n\n\n\n<h3 class=\"wp-block-heading\">Concurso Marinha<\/h3>\n\n\n\n<p>J\u00e1 o <a href=\"https:\/\/www.novaconcursos.com.br\/portal\/concursos\/concurso-marinha-pracas-da-armada\/\">concurso Marinha<\/a> estar\u00e1 com suas inscri\u00e7\u00f5es abertas at\u00e9 o dia <strong>26 de setembro<\/strong>, podendo ser realizadas na p\u00e1gina do <a href=\"https:\/\/www.inscricao.marinha.mil.br\/marinha\/index_concursos.jsp?id_concurso=410\" target=\"_blank\" rel=\"noreferrer noopener\" aria-label=\"Ingresso na Marinha. (abre numa nova aba)\">Ingresso na Marinha.<\/a><\/p>\n\n\n\n<p>Os aprovados realizar\u00e3o o curso de forma\u00e7\u00e3o no <a href=\"https:\/\/www.novaconcursos.com.br\/portal\/concursos-abertos\/rj\/\">Rio de Janeiro<\/a>, no Centro de Instru\u00e7\u00e3o Almirante Alexandrino (CIAA).<\/p>\n\n\n\n<h3 class=\"wp-block-heading\">Concurso Prefeitura de Taubat\u00e9 SP<\/h3>\n\n\n\n<p>O novo <strong>concurso Prefeitura de Taubat\u00e9 <\/strong>\u2013 <a href=\"https:\/\/www.novaconcursos.com.br\/portal\/concursos-abertos\/sp\/\">S\u00e3o Paulo<\/a> oferece <strong>15 vagas<\/strong> de n\u00edveis m\u00e9dio, t\u00e9cnico e superior, com sal\u00e1rios que podem chegar a <strong>R$6.638,08.<\/strong><\/p>\n\n\n\n<p>Al\u00e9m disso, os interessados podem se inscrever no site da <a rel=\"noreferrer noopener\" aria-label=\"Funda\u00e7\u00e3o Vunesp  (abre numa nova aba)\" href=\"https:\/\/www.vunesp.com.br\/\" target=\"_blank\">Funda\u00e7\u00e3o Vunesp <\/a>at\u00e9 o dia <strong>7 de outubro.<\/strong><\/p>\n\n\n\n<h3 class=\"wp-block-heading\">Concurso Santana de Parna\u00edba SP<\/h3>\n\n\n\n<p>Com inscri\u00e7\u00f5es abertas at\u00e9 o dia 13 de setembro, o <strong>concurso Santana de Parna\u00edba<\/strong> oferece <strong>33 vagas<\/strong> mais forma\u00e7\u00e3o de cadastro reserva. As inscri\u00e7\u00f5es podem ser feitas no site do <a rel=\"noreferrer noopener\" aria-label=\"Instituto Mais (abre numa nova aba)\" href=\"https:\/\/www.institutomais.org.br\/\" target=\"_blank\">Instituto Mais<\/a>.<\/p>\n\n\n\n<h3 class=\"wp-block-heading\">Concurso C\u00e2mara de Barueri SP<\/h3>\n\n\n\n<p>Ademais, os candidatos interessados no <strong>concurso C\u00e2mara de Barueri SP<\/strong> podem se inscrever at\u00e9 o dia <strong>23 de setembro<\/strong> no site do <a href=\"https:\/\/www.igecs.org.br\/\" target=\"_blank\" rel=\"noreferrer noopener\" aria-label=\"Igecs (abre numa nova aba)\">Igecs<\/a>.<\/p>\n\n\n\n<p>S\u00e3o oferecidas<strong> 37 oportunidades<\/strong> entre diversos cargos de n\u00edveis fundamental, m\u00e9dio\/t\u00e9cnico e superior.<\/p>\n\n\n\n<h2 class=\"wp-block-heading\" id=\"concursos-abertos-regio-nordeste\">Concursos abertos \u2013 Regi\u00e3o Nordeste<\/h2>\n\n\n\n<h3 class=\"wp-block-heading\">Concurso Pol\u00edcia Penal AL<\/h3>\n\n\n\n<p>O concurso <a href=\"https:\/\/www.novaconcursos.com.br\/portal\/concursos\/concurso-agepen-al\/\">Pol\u00edcia Penal AL<\/a> (Pol\u00edcia Penal de <a href=\"https:\/\/www.novaconcursos.com.br\/portal\/concursos-abertos\/al\/\">Alagoas<\/a>) oferece <strong>300 vagas<\/strong>, entre elas tamb\u00e9m para PcDs (pessoas com defici\u00eancia).<\/p>\n\n\n\n<p>As inscri\u00e7\u00f5es podem ser realizadas <strong>at\u00e9 o dia 15 de outubro<\/strong>, no site do <a rel=\"noreferrer noopener\" aria-label=\"Cebraspe (abre numa nova aba)\" href=\"https:\/\/www.cebraspe.org.br\/\" target=\"_blank\">Cebraspe<\/a>, organizador do certame.<\/p>\n\n\n\n<h3 class=\"wp-block-heading\">Concurso PM CE<\/h3>\n\n\n\n<p>Com inscri\u00e7\u00f5es que podem ser feitas at\u00e9 o dia <strong>15 de setembro<\/strong>, o <a href=\"https:\/\/www.novaconcursos.com.br\/portal\/concursos\/concurso-pm-ce\/\">concurso PM CE<\/a> (Pol\u00edcia Militar do <a href=\"https:\/\/www.novaconcursos.com.br\/portal\/concursos-abertos\/ce\/\">Cear\u00e1<\/a>) oferece <strong>2 mil vagas<\/strong> para Soldado, com sal\u00e1rios iniciais que chegam a <strong>R$4,5 mil.<\/strong><\/p>\n\n\n\n<p>Al\u00e9m disso, a banca organizadora do concurso \u00e9 a <a rel=\"noreferrer noopener\" aria-label=\"Funda\u00e7\u00e3o Get\u00falio Vargas (abre numa nova aba)\" href=\"https:\/\/portal.fgv.br\/\" target=\"_blank\">Funda\u00e7\u00e3o Get\u00falio Vargas<\/a> (FGV), onde os interessados podem se inscrever.<\/p>\n\n\n\n<h3 class=\"wp-block-heading\">Concurso IFCE<\/h3>\n\n\n\n<p>Tamb\u00e9m foi publicado o edital para o <a href=\"https:\/\/www.novaconcursos.com.br\/portal\/concursos\/concurso-ifce\/\">concurso IFCE<\/a>. Ser\u00e3o oferecidas <strong>49 oportunidades<\/strong> de n\u00edveis m\u00e9dio e superior. Al\u00e9m disso, as provas j\u00e1 est\u00e3o marcadas para os dias <strong>11 e 12 de dezembro.<\/strong><\/p>\n\n\n\n<p>As inscri\u00e7\u00f5es devem ser realizadas no site do <a rel=\"noreferrer noopener\" aria-label=\"Idecan (abre numa nova aba)\" href=\"https:\/\/www.idecan.org.br\/\" target=\"_blank\">Idecan<\/a>, organizador.<\/p>\n\n\n\n<h2 class=\"wp-block-heading\" id=\"concursos-abertos-regio-sul\">Concursos abertos \u2013 Regi\u00e3o Sul<\/h2>\n\n\n\n<h3 class=\"wp-block-heading\">Concurso Crefono 3<\/h3>\n\n\n\n<p>At\u00e9 o momento, o \u00fanico edital aberto na regi\u00e3o Sul \u00e9 o <a href=\"https:\/\/www.novaconcursos.com.br\/portal\/concursos\/concurso-crefono-3\/\">concurso Crefono 3<\/a>, que oferece<strong> 5 vagas <\/strong>imediatas mais cadastro reserva de <strong>125 vagas.<\/strong><\/p>\n\n\n\n<p>As inscri\u00e7\u00f5es para o concurso p\u00fablico podem ser realizadas at\u00e9 o dia <strong>16 de setembro,<\/strong> no site do <strong>Instituto Quadrix<\/strong>.<\/p>\n\n\n\n<h2 class=\"wp-block-heading\" id=\"concursos-abertos-regio-centrooeste\">Concursos abertos \u2013 Regi\u00e3o Centro-Oeste<\/h2>\n\n\n\n<h3 class=\"wp-block-heading\">Concurso CFT<\/h3>\n\n\n\n<p>O <a href=\"https:\/\/www.novaconcursos.com.br\/portal\/concursos\/concurso-cft-df\/\">concurso CFT<\/a> (Conselho Federal dos T\u00e9cnicos Industriais do <a href=\"https:\/\/www.novaconcursos.com.br\/portal\/concursos-abertos\/df\/\">Distrito Federal<\/a>) oferece<strong> 255 vagas<\/strong> e conta com remunera\u00e7\u00f5es iniciais que chegam a<strong> R$5 mil.<\/strong><\/p>\n\n\n\n<p>Al\u00e9m disso, as inscri\u00e7\u00f5es ser\u00e3o aceitas at\u00e9 o dia <strong>13 de setembro<\/strong>, por meio do site do <strong>Instituto Quadrix.<\/strong><\/p>\n\n\n\n<h3 class=\"wp-block-heading\">Concurso CAU MS<\/h3>\n\n\n\n<p>Ser\u00e3o oferecidas 165 oportunidades no <strong>concurso CAU MS<\/strong> (Conselho de Arquitetura e Urbanismo do <a href=\"https:\/\/www.novaconcursos.com.br\/portal\/concursos-abertos\/ms\/\">Mato Grosso do Sul<\/a>).<\/p>\n\n\n\n<p>As inscri\u00e7\u00f5es estar\u00e3o abertas at\u00e9 <strong>19 de setembro,<\/strong> e podem ser realizadas no site do <a rel=\"noreferrer noopener\" aria-label=\"Iades (abre numa nova aba)\" href=\"https:\/\/www.iades.com.br\/inscricao\" target=\"_blank\">Iades<\/a>.<\/p>\n\n\n\n<h2 class=\"wp-block-heading\" id=\"concursos-abertos-regio-norte\">Concursos abertos \u2013 Regi\u00e3o Norte<\/h2>\n\n\n\n<h3 class=\"wp-block-heading\">Concurso TJ RO<\/h3>\n\n\n\n<p>O <a href=\"https:\/\/www.novaconcursos.com.br\/portal\/concursos\/concurso-tj-ro\/\">concurso TJ RO<\/a> (Tribunal de Justi\u00e7a de <a href=\"https:\/\/www.novaconcursos.com.br\/portal\/concursos-abertos\/ro\/\">Rond\u00f4nia<\/a> e Tribunal de Contas de Rond\u00f4nia) conta com <strong>43 vagas<\/strong> imediatas de n\u00edveis m\u00e9dio e superior.<\/p>\n\n\n\n<p>As inscri\u00e7\u00f5es do concurso p\u00fablico se encerram no dia <strong>29 de setembro<\/strong>, podendo ser realizadas no site da <strong>Funda\u00e7\u00e3o Get\u00falio Vargas<\/strong> (FGV).<\/p>\n\n\n\n<h3 class=\"wp-block-heading\">Concurso Sefaz RR<\/h3>\n\n\n\n<p>Por sua vez, o <a href=\"https:\/\/www.novaconcursos.com.br\/portal\/concursos\/concurso-sefaz-rr\/\">concurso Sefaz RR<\/a> (Secretaria da Fazenda do Estado de <a href=\"https:\/\/www.novaconcursos.com.br\/portal\/concursos-abertos\/rr\/\">Roraima<\/a>) oferece <strong>20 oportunidades<\/strong> de n\u00edvel superior, para o cargo de Auditor Fiscal.<\/p>\n\n\n\n<p>Al\u00e9m disso, as inscri\u00e7\u00f5es v\u00e3o at\u00e9 o dia <strong>24 de setembro,<\/strong> e podem ser feitas no site do <strong>Cebraspe<\/strong>.<\/p>\n\n\n\n<h3 class=\"wp-block-heading\">Concurso PGE PA<\/h3>\n\n\n\n<p>J\u00e1 o <a href=\"https:\/\/www.novaconcursos.com.br\/portal\/concursos\/concurso-pge-pa\/\">concurso PGE PA<\/a> (Procuradoria Geral do Estado do <a href=\"https:\/\/www.novaconcursos.com.br\/portal\/concursos-abertos\/pa\/\">Par\u00e1<\/a>) conta com <strong>36 vagas<\/strong> mais cadastro reserva para n\u00edveis m\u00e9dio e superior.<\/p>\n\n\n\n<p>Os interessados podem se inscrever no site do <a rel=\"noreferrer noopener\" aria-label=\"CETAP (abre numa nova aba)\" href=\"https:\/\/www.cetapnet.com.br\/\" target=\"_blank\">CETAP<\/a> at\u00e9 o dia <strong>13 de outubro.<\/strong><\/p>\n\n\n\n<h3 class=\"wp-block-heading\">Concurso Seplad PA<\/h3>\n\n\n\n<p>Tamb\u00e9m no estado do Par\u00e1, o <a href=\"https:\/\/www.novaconcursos.com.br\/portal\/concursos\/concurso-seplad-pa\/\">concurso Seplad PA<\/a> oferece <strong>24 oportunidades <\/strong>para n\u00edvel superior, com inscri\u00e7\u00f5es que se encerram no dia <strong>7 de outubro.<\/strong><\/p>\n\n\n\n<p>Para se inscrever no concurso p\u00fablico, o candidato interessado pode acessar o site do <strong>CETAP.<\/strong><\/p>\n\n\n\n<h3 class=\"wp-block-heading\">Concurso Jucepa<\/h3>\n\n\n\n<p>O <a href=\"https:\/\/www.novaconcursos.com.br\/portal\/concursos\/concurso-jucepa\/\">concurso Jucepa<\/a> (Junta Comercial do Estado do Par\u00e1) disponibiliza <strong>15 vagas<\/strong> para n\u00edveis m\u00e9dio e superior. Al\u00e9m disso, as inscri\u00e7\u00f5es devem ser feitas no site do <strong>CETAP<\/strong> at\u00e9 <strong>20 de outubro.<\/strong><\/p>\n\n\n\n<h3 class=\"wp-block-heading\">Concurso CRP MA<\/h3>\n\n\n\n<p>J\u00e1 o <a href=\"https:\/\/www.novaconcursos.com.br\/portal\/concursos\/concurso-crp-ma\/\">concurso CRP MA<\/a> (Conselho Regional de Psicologia da 22\u00aa Regi\u00e3o, no <a href=\"https:\/\/www.novaconcursos.com.br\/portal\/concursos-abertos\/ma\/\">Maranh\u00e3o<\/a>) oferece<strong> 60 vagas<\/strong>, sendo 3 imediatas e 57 para cadastro reserva.<\/p>\n\n\n\n<p>As inscri\u00e7\u00f5es devem ser realizadas at\u00e9 o dia <strong>7 de outubro<\/strong>, no site do <strong>Instituto Quadrix<\/strong>.<\/p>\n\n\n\n<h2 class=\"wp-block-heading\" id=\"concurso-caixa-cef-2021\">Concurso Caixa (CEF) 2021<\/h2>\n\n\n\n<p>Por fim, a n\u00edvel <a href=\"https:\/\/www.novaconcursos.com.br\/portal\/concursos-abertos\/nacional\/\">nacional<\/a>, foi aberto o <a href=\"https:\/\/www.novaconcursos.com.br\/portal\/concursos\/concurso-caixa-economica-federal\/\">concurso Caixa 2021<\/a>, que oferece <strong>1.100 oportunidades <\/strong>para PcDs de<strong> n\u00edvel m\u00e9dio<\/strong> para o cargo de T\u00e9cnico Banc\u00e1rio.<\/p>\n\n\n\n<p>Os interessados podem se inscrever <strong>at\u00e9 o dia 27 de setembro,<\/strong> no site do <a href=\"https:\/\/www.cesgranrio.org.br\/\" target=\"_blank\" rel=\"noreferrer noopener\" aria-label=\"Cesgranrio (abre numa nova aba)\">Cesgranrio<\/a>, organizador do certame.<\/p>","protected":false},"excerpt":{"rendered":"<p>Novidades para os concurseiros! Este segundo semestre de 2021 conta com uma s\u00e9rie de editais para Concurso P\u00fablico com inscri\u00e7\u00f5es abertas espalhados por todo o pa\u00eds. Concursos abertos \u2013 Regi\u00e3o Sudeste Concurso TJM MG J\u00e1 foi publicado o edital para o concurso TJM MG (Tribunal de Justi\u00e7a Militar de Minas Gerais). Ser\u00e3o ofertadas 27 vagas [&hellip;]<\/p>\n","protected":false},"author":54674,"featured_media":139896,"comment_status":"closed","ping_status":"closed","sticky":false,"template":"","format":"standard","meta":{"_acf_changed":false,"footnotes":"","_wp_rev_ctl_limit":""},"categories":[228],"tags":[3726,40327,23616,41233,41234,38391,27109,23513,2578,37134,4343,5276],"class_list":["post-142698","post","type-post","status-publish","format-standard","has-post-thumbnail","hentry","category-noticias","tag-concursos-abertos","tag-concursos-abertos-df","tag-concursos-abertos-maranhao","tag-concursos-abertos-minas-gerais","tag-concursos-abertos-nordeste","tag-concursos-abertos-para","tag-concursos-abertos-sao-paulo","tag-concursos-abertos-sudeste","tag-concursos-publicos","tag-concursos-publicos-2021","tag-concursos-publicos-abertos","tag-concursos-publicos-nivel-medio"],"acf":[],"_links":{"self":[{"href":"https:\/\/www.novaconcursos.com.br\/portal\/wp-json\/wp\/v2\/posts\/142698","targetHints":{"allow":["GET"]}}],"collection":[{"href":"https:\/\/www.novaconcursos.com.br\/portal\/wp-json\/wp\/v2\/posts"}],"about":[{"href":"https:\/\/www.novaconcursos.com.br\/portal\/wp-json\/wp\/v2\/types\/post"}],"author":[{"embeddable":true,"href":"https:\/\/www.novaconcursos.com.br\/portal\/wp-json\/wp\/v2\/users\/54674"}],"replies":[{"embeddable":true,"href":"https:\/\/www.novaconcursos.com.br\/portal\/wp-json\/wp\/v2\/comments?post=142698"}],"version-history":[{"count":7,"href":"https:\/\/www.novaconcursos.com.br\/portal\/wp-json\/wp\/v2\/posts\/142698\/revisions"}],"predecessor-version":[{"id":281754,"href":"https:\/\/www.novaconcursos.com.br\/portal\/wp-json\/wp\/v2\/posts\/142698\/revisions\/281754"}],"wp:featuredmedia":[{"embeddable":true,"href":"https:\/\/www.novaconcursos.com.br\/portal\/wp-json\/wp\/v2\/media\/139896"}],"wp:attachment":[{"href":"https:\/\/www.novaconcursos.com.br\/portal\/wp-json\/wp\/v2\/media?parent=142698"}],"wp:term":[{"taxonomy":"category","embeddable":true,"href":"https:\/\/www.novaconcursos.com.br\/portal\/wp-json\/wp\/v2\/categories?post=142698"},{"taxonomy":"post_tag","embeddable":true,"href":"https:\/\/www.novaconcursos.com.br\/portal\/wp-json\/wp\/v2\/tags?post=142698"}],"curies":[{"name":"wp","href":"https:\/\/api.w.org\/{rel}","templated":true}]}}