{"id":142876,"date":"2021-09-13T17:29:00","date_gmt":"2021-09-13T20:29:00","guid":{"rendered":"https:\/\/www.novaconcursos.com.br\/portal\/?p=142876"},"modified":"2021-09-13T17:29:04","modified_gmt":"2021-09-13T20:29:04","slug":"concurso-ibama-primeira-vez-vagas-tecnico-ambiental","status":"publish","type":"post","link":"https:\/\/www.novaconcursos.com.br\/portal\/noticias\/concurso-ibama-primeira-vez-vagas-tecnico-ambiental\/","title":{"rendered":"Concurso Ibama: Ter\u00e1 pela primeira vez vagas para T\u00e9cnico Ambiental!"},"content":{"rendered":"<p><a href=\"https:\/\/www.novaconcursos.com.br\/portal\/concursos\/concurso-ibama\/\">Concurso IBAMA<\/a> foi confirmado com 568 vagas para carreiras de n\u00edveis m\u00e9dios e superiores e essa ser\u00e1 a primeira sele\u00e7\u00e3o para <strong>T\u00e9cnicos Ambientais.<\/strong><\/p>\n\n\n\n<ul class=\"wp-block-list\"><li><strong>Confira<\/strong>: <a href=\"https:\/\/www.novaconcursos.com.br\/eventos\/guia-definitivo-como-montar-um-mapa-mental\/\" target=\"_blank\" rel=\"noreferrer noopener\" aria-label=\"Guia Definitivo - Como Montar Mapas Mentais (GR\u00c1TIS) (abre numa nova aba)\">Guia Definitivo \u2013 Como Montar Mapas Mentais (GR\u00c1TIS)<\/a><\/li><\/ul><p><\/p>\n\n\n\n<p>Os concursos do IBAM e do ICMBio foram autorizados e, de acordo com o Ministro do Meio Ambiente, Joaquim Leite, os novos servidores para trabalhar\u00e3o para diminuir as <strong>a\u00e7\u00f5es de desmatamento<\/strong>, principalmente na \u00e1rea da Amaz\u00f4nia.<\/p>\n\n\n\n<p>\u201c<em>A contrata\u00e7\u00e3o desses 739 novos servidores vai ao encontro da determina\u00e7\u00e3o do presidente Bolsonaro de fortalecimento dos \u00f3rg\u00e3os de fiscaliza\u00e7\u00e3o ambiental. Com esta a\u00e7\u00e3o, reiteramos o compromisso do Governo Federal em trabalhar de maneira integrada para eliminar o desmatamento ilegal, com a plena e pronta aplica\u00e7\u00e3o do nosso C\u00f3digo Florestal<\/em>\u201d, disse Leite.<\/p>\n\n\n\n<ul class=\"wp-block-list\"><li><strong>Adquira<\/strong>: <a href=\"https:\/\/www.novaconcursos.com.br\/concurso\/ibama-instituto-brasileiro-do-meio-ambiente\/apostila\">Apostila Concurso IBAMA<\/a><\/li><li><strong>Adquira<\/strong>: <a href=\"https:\/\/www.novaconcursos.com.br\/concurso\/ibama-instituto-brasileiro-do-meio-ambiente\/curso-online\">Curso Online Concurso IBAMA<\/a><\/li><\/ul><p><\/p>\n\n\n\n<p>Os novos contratados atuar\u00e3o em a\u00e7\u00f5es relativas ao<strong> licenciamento ambiental<\/strong>, \u00e0 autoriza\u00e7\u00e3o de uso dos recursos naturais, ao controle de qualidade ambiental e \u00e0 fiscaliza\u00e7\u00e3o, monitoramento e controle ambiental.<\/p>\n\n\n\n<p>Os dois \u00f3rg\u00e3os t\u00eam at\u00e9 seis meses para realizar a <strong>publica\u00e7\u00e3o dos editais <\/strong>de abertura das sele\u00e7\u00f5es.<\/p>\n\n\n\n<p>Confira como ser\u00e1 a distribui\u00e7\u00e3o de <strong>vagas <\/strong>e como ser\u00e1 a <strong>sele\u00e7\u00e3o do cargo <\/strong>de T\u00e9cnico Ambiental!<\/p>\n\n\n\n<h2 class=\"wp-block-heading\" id=\"concurso-ibama-ir-preencher-568-vagas\">Concurso\nIBAMA ir\u00e1 preencher 568 vagas!<\/h2>\n\n\n\n<p>O <a href=\"https:\/\/www.novaconcursos.com.br\/portal\/concursos-previstos\/nacional\/\">concurso <\/a>do Instituto Brasileiro do Meio Ambiente e Recursos Naturais Renov\u00e1veis tem <strong>568 vagas autorizadas<\/strong> para provimento.<\/p>\n\n\n\n<p>Desse n\u00famero, 432 vagas s\u00e3o para o cargo de <strong>T\u00e9cnico Ambiental<\/strong>, de n\u00edvel m\u00e9dio. A remunera\u00e7\u00e3o para esse cargo \u00e9 de <strong>R$ 4.063,34.<\/strong><\/p>\n\n\n\n<p>O <strong>restante <\/strong>das vagas ser\u00e1 distribu\u00eddo da seguinte forma:<\/p>\n\n\n\n<ul class=\"wp-block-list\"><li><strong>Analista Ambiental<\/strong>, de n\u00edvel superior e sal\u00e1rio de R$ 8.547,64 (96 vagas); e<\/li><li><strong>Analista Administrativo<\/strong>, de n\u00edvel superior e sal\u00e1rio de R$ 8.547,64 (40 vagas).<\/li><\/ul><p><\/p>\n\n\n\n<h2 class=\"wp-block-heading\" id=\"como-ser-a-seleo-de-tcnicos-ambientais\">Como\nser\u00e1 a sele\u00e7\u00e3o de T\u00e9cnicos Ambientais?<\/h2>\n\n\n\n<p>O edital que ser\u00e1 lan\u00e7ado para contrata\u00e7\u00e3o de pessoal do Instituto <a href=\"https:\/\/www.novaconcursos.com.br\/portal\/concursos-abertos\/nacional\/\">Brasileiro <\/a>de do Meio Ambiente e Recursos Naturais Renov\u00e1veis ser\u00e1 o <strong>primeiro a ofertar vagas para T\u00e9cnicos Ambientais. <\/strong><\/p>\n\n\n\n<p>Por conta disso, o <strong>Conte\u00fado Program\u00e1tico<\/strong> deve ser desenvolvido do zero pelo Grupo de Trabalho, respons\u00e1vel por apresentar propostas de mat\u00e9rias a serem cobradas no concurso.<\/p>\n\n\n\n<p>Os \u00faltimos editais contrataram T\u00e9cnicos Administrativos e a forma de avalia\u00e7\u00e3o foi uma <strong>Prova Objetiva<\/strong>, somente. Com base nisso, podemos esperar uma <strong>estrutura de avalia\u00e7\u00e3o semelhante<\/strong>.<\/p>\n\n\n\n<h2 class=\"wp-block-heading\" id=\"concurso-ibama-atribuies-dos-tcnicos-ambientais\">Concurso IBAMA: atribui\u00e7\u00f5es dos T\u00e9cnicos Ambientais<\/h2>\n\n\n\n<p>Os T\u00e9cnicos Ambientais ser\u00e3o os <strong>respons\u00e1veis <\/strong>por:<\/p>\n\n\n\n<ul class=\"wp-block-list\"><li>Prestar <strong>suporte e apoio t\u00e9cnico<\/strong> e especializado \u00e0s atividades de Gestores e Analistas Ambientais;<\/li><li>Executar atividades de coleta, sele\u00e7\u00e3o e tratamento de dados e informa\u00e7\u00f5es especializadas voltadas para atividades final\u00edsticas; e<\/li><li><strong>Orientar e controlar<\/strong> processos voltados \u00e0s \u00e1reas de conserva\u00e7\u00e3o, pesquisa, prote\u00e7\u00e3o e defesa ambiental.<\/li><\/ul><p><\/p>","protected":false},"excerpt":{"rendered":"<p>Concurso IBAMA foi confirmado com 568 vagas para carreiras de n\u00edveis m\u00e9dios e superiores e essa ser\u00e1 a primeira sele\u00e7\u00e3o para T\u00e9cnicos Ambientais. Confira: Guia Definitivo \u2013 Como Montar Mapas Mentais (GR\u00c1TIS) Os concursos do IBAM e do ICMBio foram autorizados e, de acordo com o Ministro do Meio Ambiente, Joaquim Leite, os novos servidores [&hellip;]<\/p>\n","protected":false},"author":54673,"featured_media":0,"comment_status":"closed","ping_status":"closed","sticky":false,"template":"","format":"standard","meta":{"_acf_changed":false,"footnotes":"","_wp_rev_ctl_limit":""},"categories":[228],"tags":[20898,36882,20899,2506,38120,38811,39695,41151,11710,8588,38187,41267],"class_list":["post-142876","post","type-post","status-publish","format-standard","hentry","category-noticias","tag-concurso-ibama","tag-concurso-icmbio","tag-concurso-instituto-brasileiro-do-meio-ambiente-e-dos-recursos-naturais-renovaveis","tag-concursos-nacionais","tag-editais-nacionais","tag-edital-concurso-ibama","tag-edital-ibama","tag-edital-icmbio","tag-ibama","tag-icmbio","tag-instituto-chico-mendes-de-conservacao-da-biodiversidade","tag-tecnico-ambiental-ibama"],"acf":[],"_links":{"self":[{"href":"https:\/\/www.novaconcursos.com.br\/portal\/wp-json\/wp\/v2\/posts\/142876","targetHints":{"allow":["GET"]}}],"collection":[{"href":"https:\/\/www.novaconcursos.com.br\/portal\/wp-json\/wp\/v2\/posts"}],"about":[{"href":"https:\/\/www.novaconcursos.com.br\/portal\/wp-json\/wp\/v2\/types\/post"}],"author":[{"embeddable":true,"href":"https:\/\/www.novaconcursos.com.br\/portal\/wp-json\/wp\/v2\/users\/54673"}],"replies":[{"embeddable":true,"href":"https:\/\/www.novaconcursos.com.br\/portal\/wp-json\/wp\/v2\/comments?post=142876"}],"version-history":[{"count":6,"href":"https:\/\/www.novaconcursos.com.br\/portal\/wp-json\/wp\/v2\/posts\/142876\/revisions"}],"predecessor-version":[{"id":142955,"href":"https:\/\/www.novaconcursos.com.br\/portal\/wp-json\/wp\/v2\/posts\/142876\/revisions\/142955"}],"wp:attachment":[{"href":"https:\/\/www.novaconcursos.com.br\/portal\/wp-json\/wp\/v2\/media?parent=142876"}],"wp:term":[{"taxonomy":"category","embeddable":true,"href":"https:\/\/www.novaconcursos.com.br\/portal\/wp-json\/wp\/v2\/categories?post=142876"},{"taxonomy":"post_tag","embeddable":true,"href":"https:\/\/www.novaconcursos.com.br\/portal\/wp-json\/wp\/v2\/tags?post=142876"}],"curies":[{"name":"wp","href":"https:\/\/api.w.org\/{rel}","templated":true}]}}