{"id":143076,"date":"2021-09-14T15:56:07","date_gmt":"2021-09-14T18:56:07","guid":{"rendered":"https:\/\/www.novaconcursos.com.br\/portal\/?p=143076"},"modified":"2021-09-14T15:56:10","modified_gmt":"2021-09-14T18:56:10","slug":"enem-inscricoes-reabertas-provas-janeiro","status":"publish","type":"post","link":"https:\/\/www.novaconcursos.com.br\/portal\/noticias\/enem-inscricoes-reabertas-provas-janeiro\/","title":{"rendered":"ENEM 2021: Inscri\u00e7\u00f5es reabertas e provas em janeiro!"},"content":{"rendered":"<p>Aten\u00e7\u00e3o estudantes que <strong>faltaram no Enem 2020<\/strong> e tiveram a <strong>isen\u00e7\u00e3o negada na inscri\u00e7\u00e3o<\/strong> do Enem 2021! As inscri\u00e7\u00f5es foram reabertas e as provas para os novos inscritos acontecer\u00e3o em <strong>janeiro de 2022<\/strong>. Entenda!<\/p>\n\n\n\n<ul class=\"wp-block-list\"><li><strong>Confira:<\/strong>\u00a0<a href=\"https:\/\/www.novaconcursos.com.br\/eventos\/guia-definitivo-plano-de-estudos-passo-a-passo\/\" target=\"_blank\" rel=\"noreferrer noopener\" aria-label=\" (abre numa nova aba)\">Guia Definitivo Plano de Estudos (Gr\u00e1tis)<\/a><\/li><\/ul><p><\/p>\n\n\n\n<h2 class=\"wp-block-heading\" id=\"enem-2021-inscries-reabertas-e-provas-em-janeiro\">Enem 2021: inscri\u00e7\u00f5es reabertas e provas em janeiro<\/h2>\n\n\n\n<p>O Instituto Nacional de Estudos e Pesquisas Educacionais An\u00edsio Teixeira (Inep) <strong>reabriu as inscri\u00e7\u00f5es do Enem 2021<\/strong> para os estudantes de baixa renda que tiveram a isen\u00e7\u00e3o de taxa no exame em 2020 e n\u00e3o compareceram \u00e0s provas.<\/p>\n\n\n\n<ul class=\"wp-block-list\"><li><strong>Adquira:<\/strong>\u00a0<a href=\"https:\/\/www.novaconcursos.com.br\/concurso\/enem\/apostila\">Apostila completa Enem 2021<\/a><\/li><li><strong>Adquira:\u00a0<\/strong><a href=\"https:\/\/www.novaconcursos.com.br\/concurso\/enem\/curso-online\">Curso online completo Enem 2021<\/a><\/li><\/ul><p><\/p>\n\n\n\n<p>As inscri\u00e7\u00f5es\u00a0podem ser feitas na\u00a0<a rel=\"noreferrer noopener\" href=\"http:\/\/enem.inep.gov.br\/participante\/#!\" target=\"_blank\">P\u00e1gina do Participante<\/a>, <strong>sem que seja necess\u00e1rio justificar a aus\u00eancia no Enem 2020<\/strong> ou pagar a taxa de inscri\u00e7\u00e3o, at\u00e9 \u00e0s 23h59 do dia 26 de setembro.<\/p>\n\n\n\n<p>A decis\u00e3o do Inep foi devido a uma<strong> determina\u00e7\u00e3o <\/strong>do Supremo Tribunal Federal, que saiu h\u00e1 10 dias. <\/p>\n\n\n\n<p>Segundo o STF, foi determinada a reabertura do pedido de isen\u00e7\u00e3o ap\u00f3s <strong>an\u00e1lise de uma a\u00e7\u00e3o movida<\/strong> pela Educafro e outras entidades ligadas \u00e0 educa\u00e7\u00e3o e partidos pol\u00edticos. <\/p>\n\n\n\n<p>Isso porque o <strong>edital do MEC<\/strong> previa que quem teve a isen\u00e7\u00e3o da taxa em 2020 e faltou nos dias da prova s\u00f3 poderia ter novamente a gratuidade em 2021 se conseguisse justificar a aus\u00eancia. O STF viu isso como errado!<\/p>\n\n\n\n<p>Segundo o STF, <strong>muitos estudantes n\u00e3o foram<\/strong> realizar as provas, uma vez que o pa\u00eds estava em meio a eleva\u00e7\u00e3o de casos de Covid-19, por medo da contamina\u00e7\u00e3o.<\/p>\n\n\n\n<p>Essa justificativa, entretanto, n\u00e3o era considerada aceit\u00e1vel pelos crit\u00e9rios previstos no edital. Ao todo, <strong>5,7 milh\u00f5es de pessoas se inscreveram em 2020<\/strong>, mas 70% dos estudantes n\u00e3o compareceram ao exame digital e 50% ao impresso. Essa foi a maior absten\u00e7\u00e3o desde 2009.<\/p>\n\n\n\n<p>Al\u00e9m disso, os isentos ausentes no Enem 2020 tamb\u00e9m poder\u00e3o solicitar, at\u00e9 27 de setembro, o <strong>atendimento especializado <\/strong>e tratamento pelo nome social. <\/p>\n\n\n\n<h2 class=\"wp-block-heading\" id=\"enem-2021-provas-sero-em-duas-datas-ateno\">Enem 2021: Provas ser\u00e3o em duas datas, aten\u00e7\u00e3o!<\/h2>\n\n\n\n<p>Os estudantes inscritos no Enem 2021 dever\u00e3o se atentar \u00e0s <strong>datas das provas<\/strong>. Isso porque, aos <strong>novos inscritos, <\/strong>a\u00a0prova\u00a0ser\u00e1 aplicada nos dias 9 e 16 de janeiro de 2022. <\/p>\n\n\n\n<p>Essa \u00e9 a mesma data da realiza\u00e7\u00e3o do Enem para Pessoas Privadas de Liberdade e jovens sob medida socioeducativa que inclua priva\u00e7\u00e3o de liberdade (Enem PPL). <\/p>\n\n\n\n<p>Entretanto, os <strong>participantes j\u00e1 inscritos <\/strong>anteriormente ter\u00e3o a aplica\u00e7\u00e3o da prova mantida para os dias 21 e 28 de novembro de 2021.<\/p>\n\n\n\n<p>Ao todo, <strong>3.109.762 pessoas foram confirmadas<\/strong> para o Enem 2021, nas duas vers\u00f5es do exame, impressa e digital. Esse foi o menor n\u00famero de inscri\u00e7\u00f5es desde 2005. <\/p>\n\n\n\n<p>As duas vers\u00f5es ter\u00e3o a\u00a0<strong>mesma estrutura de provas<\/strong>, segundo o Inep,\u00a0com 180 quest\u00f5es de m\u00faltipla escolha\u00a0e a\u00a0prova de reda\u00e7\u00e3o.<\/p>\n\n\n\n<p><strong>Como anda a sua prepara\u00e7\u00e3o para o Enem 2021?\u00a0<\/strong>Confira,\u00a0<a href=\"https:\/\/www.novaconcursos.com.br\/portal\/artigos\/materias-que-mais-caem-no-enem\/\">clicando aqui<\/a>, quais as mat\u00e9rias que mais caem no exame. <\/p>","protected":false},"excerpt":{"rendered":"<p>Aten\u00e7\u00e3o estudantes que faltaram no Enem 2020 e tiveram a isen\u00e7\u00e3o negada na inscri\u00e7\u00e3o do Enem 2021! As inscri\u00e7\u00f5es foram reabertas e as provas para os novos inscritos acontecer\u00e3o em janeiro de 2022. Entenda! Confira:\u00a0Guia Definitivo Plano de Estudos (Gr\u00e1tis) Enem 2021: inscri\u00e7\u00f5es reabertas e provas em janeiro O Instituto Nacional de Estudos e Pesquisas [&hellip;]<\/p>\n","protected":false},"author":54671,"featured_media":0,"comment_status":"closed","ping_status":"closed","sticky":false,"template":"","format":"standard","meta":{"_acf_changed":false,"footnotes":"","_wp_rev_ctl_limit":""},"categories":[228],"tags":[37787,38369,39160,39159,38367,39147,39157,4288,38370,115,38371,38368,39158,20696,39148],"class_list":["post-143076","post","type-post","status-publish","format-standard","hentry","category-noticias","tag-brasil","tag-cronograma-enem-2021","tag-data-das-provas-enem-digital","tag-data-de-inscricao-enem-digital","tag-edital-enem-2021","tag-enem-2021","tag-enem-digital","tag-exame-nacional-do-ensino-medio","tag-justificativa-de-ausencia-enem-2021","tag-nova-concursos","tag-panorama-geral-enem-2021","tag-pedido-de-isencao-de-taxa-enem-2021","tag-problemas-enem-digital","tag-provas-enem","tag-provas-enem-2021"],"acf":[],"_links":{"self":[{"href":"https:\/\/www.novaconcursos.com.br\/portal\/wp-json\/wp\/v2\/posts\/143076","targetHints":{"allow":["GET"]}}],"collection":[{"href":"https:\/\/www.novaconcursos.com.br\/portal\/wp-json\/wp\/v2\/posts"}],"about":[{"href":"https:\/\/www.novaconcursos.com.br\/portal\/wp-json\/wp\/v2\/types\/post"}],"author":[{"embeddable":true,"href":"https:\/\/www.novaconcursos.com.br\/portal\/wp-json\/wp\/v2\/users\/54671"}],"replies":[{"embeddable":true,"href":"https:\/\/www.novaconcursos.com.br\/portal\/wp-json\/wp\/v2\/comments?post=143076"}],"version-history":[{"count":4,"href":"https:\/\/www.novaconcursos.com.br\/portal\/wp-json\/wp\/v2\/posts\/143076\/revisions"}],"predecessor-version":[{"id":143096,"href":"https:\/\/www.novaconcursos.com.br\/portal\/wp-json\/wp\/v2\/posts\/143076\/revisions\/143096"}],"wp:attachment":[{"href":"https:\/\/www.novaconcursos.com.br\/portal\/wp-json\/wp\/v2\/media?parent=143076"}],"wp:term":[{"taxonomy":"category","embeddable":true,"href":"https:\/\/www.novaconcursos.com.br\/portal\/wp-json\/wp\/v2\/categories?post=143076"},{"taxonomy":"post_tag","embeddable":true,"href":"https:\/\/www.novaconcursos.com.br\/portal\/wp-json\/wp\/v2\/tags?post=143076"}],"curies":[{"name":"wp","href":"https:\/\/api.w.org\/{rel}","templated":true}]}}