{"id":143140,"date":"2021-09-15T15:50:15","date_gmt":"2021-09-15T18:50:15","guid":{"rendered":"https:\/\/www.novaconcursos.com.br\/portal\/?p=143140"},"modified":"2021-09-15T15:50:19","modified_gmt":"2021-09-15T18:50:19","slug":"concurso-receita-federal-comissao-edital-remocao-formada","status":"publish","type":"post","link":"https:\/\/www.novaconcursos.com.br\/portal\/noticias\/concurso-receita-federal-comissao-edital-remocao-formada\/","title":{"rendered":"Concurso Receita Federal: Comiss\u00e3o para edital de remo\u00e7\u00e3o est\u00e1 formada!"},"content":{"rendered":"<p>Aten\u00e7\u00e3o, concurseiros! <a href=\"https:\/\/www.novaconcursos.com.br\/portal\/concursos\/concurso-receita-federal\/\">Concurso Receita Federal<\/a> pode estar mais perto que nunca de acontecer. Isso porque a <strong>comiss\u00e3o organizadora <\/strong>para um edital de remo\u00e7\u00e3o interna foi formada!<\/p>\n\n\n\n<ul class=\"wp-block-list\"><li><strong>Confira<\/strong>: <a href=\"https:\/\/www.novaconcursos.com.br\/eventos\/guia-definitivo-plano-de-estudos-passo-a-passo\/\" target=\"_blank\" rel=\"noreferrer noopener\" aria-label=\"Guia Definitivo - Plano de Estudos Passo a Passo (GR\u00c1TIS) (abre numa nova aba)\">Guia Definitivo \u2013 Plano de Estudos Passo a Passo (GR\u00c1TIS)<\/a><\/li><\/ul><p><\/p>\n\n\n\n<p>Geralmente quando um \u00f3rg\u00e3o p\u00fablico inicia um <strong>edital de remo\u00e7\u00e3o interna<\/strong>, \u00e9 porque um novo concurso p\u00fablico est\u00e1 pr\u00f3ximo de acontecer.<\/p>\n\n\n\n<ul class=\"wp-block-list\"><li><strong>Adquira<\/strong>: <a href=\"https:\/\/www.novaconcursos.com.br\/concurso\/rf-receita-federal\/apostila\">Apostila Concurso Receita Federal<\/a><\/li><\/ul><p><\/p>\n\n\n\n<p>A<strong> comiss\u00e3o organizadora<\/strong> para a remo\u00e7\u00e3o interna j\u00e1 est\u00e1 formada, de acordo com Denize Canedo, a coordenadora-geral de Gest\u00e3o de Pessoas.<\/p>\n\n\n\n<p>Juliano Brito, o subsecret\u00e1rio da Receita Federal, tamb\u00e9m contribuiu para as expectativas sobre um novo <a href=\"https:\/\/www.novaconcursos.com.br\/portal\/concursos-abertos\/nacional\/\">concurso<\/a>. Brito afirmou que est\u00e3o sendo tomadas todas as medidas necess\u00e1rias para que<strong> novas sele\u00e7\u00f5es sejam realizadas.<\/strong><\/p>\n\n\n\n<h2 class=\"wp-block-heading\" id=\"receita-federal-tem-mais-de-10-mil-cargos-vagos-para-analist\">Receita Federal tem mais de 10 mil cargos vagos para Analista! <\/h2>\n\n\n\n<p>Um novo <a href=\"https:\/\/www.novaconcursos.com.br\/portal\/concursos-previstos\/nacional\/\">concurso<\/a> Receita Federal se faz necess\u00e1rio: o <strong>n\u00famero de cargos vagos j\u00e1 ultrapassa os 10 mil!<\/strong><\/p>\n\n\n\n<p>Segundo informa\u00e7\u00f5es, somente o cargo de Analista-Tribut\u00e1rio apresenta <strong>10,5 mil vac\u00e2ncias<\/strong>, o que tem afetado muito no bom funcionamento da Receita.<\/p>\n\n\n\n<p>No total, somando com os outros cargos, a <strong>Receita apresenta mais de 20 mil cargos vagos.<\/strong><\/p>\n\n\n\n<p>Em\ncontraposi\u00e7\u00e3o, existem somente 6.053 cargos ocupados, o que \u00e9 bem menos do que\no previsto por lei para o \u00f3rg\u00e3o.<\/p>\n\n\n\n<p>Novo concurso foi requisitado e a expectativa para a <strong>autoriza\u00e7\u00e3o do ME<\/strong> s\u00f3 aumenta.<\/p>\n\n\n\n<h2 class=\"wp-block-heading\" id=\"concurso-receita-federal-panorama-\">Concurso Receita Federal: Panorama <\/h2>\n\n\n\n<p>Um novo concurso Receita Federal pode ser lan\u00e7ado ainda neste ano de 2021, pois uma nova sele\u00e7\u00e3o foi requisitada. O quantitativo pedido \u00e9 de <strong>699 vagas.<\/strong><\/p>\n\n\n\n<p>No entanto, <strong>novos concursos para a Receita<\/strong> tem sido negado h\u00e1 alguns anos e, para que uma sele\u00e7\u00e3o ocorra ainda em 2021, \u00e9 preciso que uma <strong>autoriza\u00e7\u00e3o <\/strong>oficial saia o mais r\u00e1pido poss\u00edvel.<\/p>\n\n\n\n<h2 class=\"wp-block-heading\" id=\"concurso-receita-federal-pedidos-anteriores-de-vagas\">Concurso Receita Federal: pedidos anteriores de\nvagas<\/h2>\n\n\n\n<p>A Receita Federal do Brasil (RFB) <strong>j\u00e1 havia pedido autoriza\u00e7\u00e3o<\/strong> anteriormente para preencher algumas vac\u00e2ncias dentro de sua estrutura.<\/p>\n\n\n\n<p>Em abril, por exemplo, houve um registro de que <strong>2.050 vagas foram requisitadas <\/strong>por meio de of\u00edcio. <\/p>\n\n\n\n<p>Atualmente, um segundo of\u00edcio pede que <strong>699 cargos <\/strong>possam ser preenchidos. As <strong>carreiras <\/strong>ofertadas no edital, caso autorizado, ser\u00e3o:<\/p>\n\n\n\n<ul class=\"wp-block-list\"><li>Auditor-Fiscal (230 vagas); e<\/li><li>Analista Tribut\u00e1rio (469 vagas).<\/li><\/ul><p><\/p>\n\n\n\n<p>O requisito para preencher os cargos ser\u00e1 ter o <strong>Ensino Superior<\/strong> completo em qualquer \u00e1rea de forma\u00e7\u00e3o.<\/p>\n\n\n\n<p>Os <strong>sal\u00e1rios <\/strong>para os dois cargos s\u00e3o de<strong> R$ 11.684,39<\/strong> (Auditor-Fiscal) e de <strong>R$ 21.029,09<\/strong> (Analista).<\/p>\n\n\n\n<p>Segundo informa\u00e7\u00f5es anteriores, o esperado \u00e9 que as <strong>provas <\/strong>aconte\u00e7am ainda no segundo semestre de 2021 e que as nomea\u00e7\u00f5es ocorram no in\u00edcio de 2022.<\/p>","protected":false},"excerpt":{"rendered":"<p>Aten\u00e7\u00e3o, concurseiros! Concurso Receita Federal pode estar mais perto que nunca de acontecer. Isso porque a comiss\u00e3o organizadora para um edital de remo\u00e7\u00e3o interna foi formada! Confira: Guia Definitivo \u2013 Plano de Estudos Passo a Passo (GR\u00c1TIS) Geralmente quando um \u00f3rg\u00e3o p\u00fablico inicia um edital de remo\u00e7\u00e3o interna, \u00e9 porque um novo concurso p\u00fablico est\u00e1 [&hellip;]<\/p>\n","protected":false},"author":54673,"featured_media":127566,"comment_status":"closed","ping_status":"closed","sticky":false,"template":"","format":"standard","meta":{"_acf_changed":false,"footnotes":"","_wp_rev_ctl_limit":""},"categories":[228],"tags":[3541,2506,38120,26638,9602,41319,40997,3545],"class_list":["post-143140","post","type-post","status-publish","format-standard","has-post-thumbnail","hentry","category-noticias","tag-concurso-receita-federal","tag-concursos-nacionais","tag-editais-nacionais","tag-edital-concurso-receita-federal","tag-edital-receita-federal","tag-receia-federal","tag-receita","tag-receita-federal-do-brasil"],"acf":[],"_links":{"self":[{"href":"https:\/\/www.novaconcursos.com.br\/portal\/wp-json\/wp\/v2\/posts\/143140","targetHints":{"allow":["GET"]}}],"collection":[{"href":"https:\/\/www.novaconcursos.com.br\/portal\/wp-json\/wp\/v2\/posts"}],"about":[{"href":"https:\/\/www.novaconcursos.com.br\/portal\/wp-json\/wp\/v2\/types\/post"}],"author":[{"embeddable":true,"href":"https:\/\/www.novaconcursos.com.br\/portal\/wp-json\/wp\/v2\/users\/54673"}],"replies":[{"embeddable":true,"href":"https:\/\/www.novaconcursos.com.br\/portal\/wp-json\/wp\/v2\/comments?post=143140"}],"version-history":[{"count":6,"href":"https:\/\/www.novaconcursos.com.br\/portal\/wp-json\/wp\/v2\/posts\/143140\/revisions"}],"predecessor-version":[{"id":143227,"href":"https:\/\/www.novaconcursos.com.br\/portal\/wp-json\/wp\/v2\/posts\/143140\/revisions\/143227"}],"wp:featuredmedia":[{"embeddable":true,"href":"https:\/\/www.novaconcursos.com.br\/portal\/wp-json\/wp\/v2\/media\/127566"}],"wp:attachment":[{"href":"https:\/\/www.novaconcursos.com.br\/portal\/wp-json\/wp\/v2\/media?parent=143140"}],"wp:term":[{"taxonomy":"category","embeddable":true,"href":"https:\/\/www.novaconcursos.com.br\/portal\/wp-json\/wp\/v2\/categories?post=143140"},{"taxonomy":"post_tag","embeddable":true,"href":"https:\/\/www.novaconcursos.com.br\/portal\/wp-json\/wp\/v2\/tags?post=143140"}],"curies":[{"name":"wp","href":"https:\/\/api.w.org\/{rel}","templated":true}]}}