{"id":143206,"date":"2021-09-16T07:42:47","date_gmt":"2021-09-16T10:42:47","guid":{"rendered":"https:\/\/www.novaconcursos.com.br\/portal\/?p=143206"},"modified":"2025-04-24T17:26:17","modified_gmt":"2025-04-24T20:26:17","slug":"concurso-guarda-municipal-manaus-novo-edital-ainda-este-ano","status":"publish","type":"post","link":"https:\/\/www.novaconcursos.com.br\/portal\/noticias\/concurso-guarda-municipal-manaus-novo-edital-ainda-este-ano\/","title":{"rendered":"Concurso Guarda Municipal Manaus: Novo edital ainda este ano!"},"content":{"rendered":"<p>Boas not\u00edcias para os concurseiros! Um novo edital para <strong>concurso Guarda Municipal Manaus<\/strong> pode sair ainda este ano.<\/p>\n\n\n\n<p>David Almeida, prefeito de <a href=\"https:\/\/www.novaconcursos.com.br\/portal\/concursos-previstos\/am\/\">Manaus<\/a>, revelou que um novo concurso para Guarda Municipal da capital <strong>ser\u00e1 realizado<\/strong>, com o edital podendo ser publicado <strong>at\u00e9 o fim deste ano.<\/strong><\/p>\n\n\n\n<p>O prefeito deu a not\u00edcia na \u00faltima ter\u00e7a-feira, <strong>14 de setembro de 2021<\/strong>, quando tamb\u00e9m afirmou que sair\u00e1 ainda este ano o edital para a Secretaria de Sa\u00fade.<\/p>\n\n\n\n<p><em>\u201cN\u00f3s vamos fazer um concurso p\u00fablico tamb\u00e9m, al\u00e9m da sa\u00fade, para a Guarda Municipal. At\u00e9 o final do ano, estaremos lan\u00e7ando este edital para que as pessoas possam estudar para este concurso para a Guarda Municipal\u201d<\/em>.<\/p>\n\n\n\n<h2 class=\"wp-block-heading\" id=\"novo-concurso-j-havia-sido-cobrado-por-deputado-estadual\">Novo concurso j\u00e1 havia sido cobrado por deputado estadual<\/h2>\n\n\n\n<p>Al\u00e9m disso, o deputado estadual do Amazonas, \u00c1lvaro Campelo, j\u00e1 havia cobrado h\u00e1 alguns meses a realiza\u00e7\u00e3o de <strong>um novo concurso<\/strong> para a Guarda Municipal de <a href=\"https:\/\/www.novaconcursos.com.br\/portal\/concursos-abertos\/am\/\">Manaus<\/a>. <\/p>\n\n\n\n<p>Isso porque a Guarda j\u00e1 contava com <strong>apenas 434 servidores ativos<\/strong> na \u00e9poca, n\u00famero que pode ser ainda menor atualmente.<\/p>\n\n\n\n<p><em>\u201cN\u00e3o podemos esperar que outro acontecimento como este, que ocorreu no \u00faltimo fim de semana, em que patrim\u00f4nios p\u00fablicos e privados foram destru\u00eddos. A Guarda Municipal faz parte da seguran\u00e7a p\u00fablica e precisa de investimento e treinamento adequados\u201d<\/em>, disse o deputado.<\/p>\n\n\n\n<h2 class=\"wp-block-heading\" id=\"ltimo-concurso-guarda-municipal-manaus\">\u00daltimo concurso Guarda Municipal Manaus<\/h2>\n\n\n\n<p>O \u00faltimo concurso Guarda Municipal Manaus aconteceu em<strong> 2012<\/strong>, quando foram oferecidas<strong> 293 vagas imediatas<\/strong> mais cadastro reserva sob a organiza\u00e7\u00e3o da Funcab (Funda\u00e7\u00e3o Professor Carlos Augusto Bittencourt).<\/p>\n\n\n\n<p>Al\u00e9m disso, os <strong>requisitos<\/strong> para concorrer \u00e0s vagas eram o <strong>n\u00edvel m\u00e9dio<\/strong> de escolaridade e <strong>alturas m\u00ednimas<\/strong> de 1,65m para homens e 1,60m para mulheres.<\/p>\n\n\n\n<p>Ademais, os <strong>sal\u00e1rios<\/strong> recebidos na \u00e9poca possu\u00edam o valor de <strong>R$900<\/strong>, al\u00e9m de alguns <strong>benef\u00edcios<\/strong> que eram oferecidos, como o vale transporte. Atualmente, esse valor deve ser consideravelmente maior, devido \u00e0s <strong>progress\u00f5es no sal\u00e1rio m\u00ednimo.<\/strong><\/p>\n\n\n\n<p>Durante a sele\u00e7\u00e3o, os candidatos passaram por <strong>4 etapas avaliativas:<\/strong><\/p>\n\n\n\n<ul class=\"wp-block-list\"><li>Prova objetiva;<\/li>\n\n\n\n<li>Avalia\u00e7\u00e3o m\u00e9dica;<\/li>\n\n\n\n<li>Exame psicol\u00f3gico; e<\/li>\n\n\n\n<li>Teste de Aptid\u00e3o F\u00edsica (TAF).<\/li>\n<\/ul><p><\/p>\n\n\n\n<p>A <strong>avalia\u00e7\u00e3o objetiva<\/strong> contou com <strong>60 quest\u00f5es<\/strong>, sendo 20 de L\u00edngua Portuguesa, 20 de Matem\u00e1tica e 20 de Atualidades. Al\u00e9m disso, para a aprova\u00e7\u00e3o era necess\u00e1rio que o candidato obtivesse <strong>um m\u00ednimo de 6 pontos.<\/strong><\/p>\n\n\n\n<p>Aqueles que foram <strong>convocados<\/strong> para a etapa do TAF tiveram que realizar os seguintes<strong> exerc\u00edcios:<\/strong><\/p>\n\n\n\n<ul class=\"wp-block-list\"><li>Teste din\u00e2mico de barra \u2013 quatro flex\u00f5es<br>(homem) \u2013 sem limite<\/li>\n\n\n\n<li>Flex\u00e3o de bra\u00e7os em seis apoios \u2013 22 flex\u00f5es<br>(mulher) \u2013 60 segundos<\/li>\n\n\n\n<li>Flex\u00e3o abdominal \u2013 30 flex\u00f5es (homem) e 24<br>flex\u00f5es (mulher) \u2013 60 segundos<\/li>\n\n\n\n<li>Corrida 2.400 metros (homem) e 2 mil metros<br>(mulher) \u2013 12 minutos<\/li>\n<\/ul>","protected":false},"excerpt":{"rendered":"<p>Boas not\u00edcias para os concurseiros! Um novo edital para concurso Guarda Municipal Manaus pode sair ainda este ano. David Almeida, prefeito de Manaus, revelou que um novo concurso para Guarda Municipal da capital ser\u00e1 realizado, com o edital podendo ser publicado at\u00e9 o fim deste ano. O prefeito deu a not\u00edcia na \u00faltima ter\u00e7a-feira, 14 [&hellip;]<\/p>\n","protected":false},"author":54674,"featured_media":143208,"comment_status":"closed","ping_status":"closed","sticky":false,"template":"","format":"standard","meta":{"_acf_changed":false,"footnotes":"","_wp_rev_ctl_limit":""},"categories":[228],"tags":[41338,41339,41340,41341,41344,41343,41342],"class_list":["post-143206","post","type-post","status-publish","format-standard","has-post-thumbnail","hentry","category-noticias","tag-concurso-guarda-municipal-de-manaus","tag-concurso-guarda-municipal-de-manaus-am","tag-concurso-guarda-municipal-manaus","tag-concurso-guarda-municipal-manaus-previsto","tag-deficit-concurso-guarda-municipal-manaus","tag-provas-concurso-guarda-municipal-manaus","tag-ultimo-concurso-guarda-municipal-de-manaus"],"acf":[],"_links":{"self":[{"href":"https:\/\/www.novaconcursos.com.br\/portal\/wp-json\/wp\/v2\/posts\/143206","targetHints":{"allow":["GET"]}}],"collection":[{"href":"https:\/\/www.novaconcursos.com.br\/portal\/wp-json\/wp\/v2\/posts"}],"about":[{"href":"https:\/\/www.novaconcursos.com.br\/portal\/wp-json\/wp\/v2\/types\/post"}],"author":[{"embeddable":true,"href":"https:\/\/www.novaconcursos.com.br\/portal\/wp-json\/wp\/v2\/users\/54674"}],"replies":[{"embeddable":true,"href":"https:\/\/www.novaconcursos.com.br\/portal\/wp-json\/wp\/v2\/comments?post=143206"}],"version-history":[{"count":4,"href":"https:\/\/www.novaconcursos.com.br\/portal\/wp-json\/wp\/v2\/posts\/143206\/revisions"}],"predecessor-version":[{"id":280662,"href":"https:\/\/www.novaconcursos.com.br\/portal\/wp-json\/wp\/v2\/posts\/143206\/revisions\/280662"}],"wp:featuredmedia":[{"embeddable":true,"href":"https:\/\/www.novaconcursos.com.br\/portal\/wp-json\/wp\/v2\/media\/143208"}],"wp:attachment":[{"href":"https:\/\/www.novaconcursos.com.br\/portal\/wp-json\/wp\/v2\/media?parent=143206"}],"wp:term":[{"taxonomy":"category","embeddable":true,"href":"https:\/\/www.novaconcursos.com.br\/portal\/wp-json\/wp\/v2\/categories?post=143206"},{"taxonomy":"post_tag","embeddable":true,"href":"https:\/\/www.novaconcursos.com.br\/portal\/wp-json\/wp\/v2\/tags?post=143206"}],"curies":[{"name":"wp","href":"https:\/\/api.w.org\/{rel}","templated":true}]}}