{"id":143509,"date":"2021-09-20T19:04:09","date_gmt":"2021-09-20T22:04:09","guid":{"rendered":"https:\/\/www.novaconcursos.com.br\/portal\/?p=143509"},"modified":"2021-09-20T19:04:24","modified_gmt":"2021-09-20T22:04:24","slug":"concurso-policia-penal-pb-pec-enviada","status":"publish","type":"post","link":"https:\/\/www.novaconcursos.com.br\/portal\/noticias\/concurso-policia-penal-pb-pec-enviada\/","title":{"rendered":"Concurso Pol\u00edcia Penal PB: PEC que cria institui\u00e7\u00e3o \u00e9 enviada!"},"content":{"rendered":"<p>Sem realizar sele\u00e7\u00f5es desde <strong>2008<\/strong>, um novo <a href=\"https:\/\/www.novaconcursos.com.br\/portal\/concursos\/concurso-policia-penal-pb\/\">concurso Pol\u00edcia Penal PB<\/a> segue em <strong>estudo<\/strong>! Enquanto isso, por\u00e9m,  um Projeto de Emenda Constitucional (PEC), que tem por objetivo <strong>criar a Pol\u00edcia Penal na Para\u00edba<\/strong> foi encaminhado pelo governador Jo\u00e3o Azev\u00eado.<\/p>\n\n\n\n<ul class=\"wp-block-list\"><li><strong>Confira:<\/strong> <a href=\"https:\/\/www.novaconcursos.com.br\/eventos\/guia-definitivo-como-montar-um-mapa-mental\/\" target=\"_blank\" rel=\"noreferrer noopener\" aria-label=\"Guia como montar um mapa mental (Gr\u00e1tis) (abre numa nova aba)\">Guia como montar um mapa mental (Gr\u00e1tis)<\/a><\/li><\/ul><p><\/p>\n\n\n\n<h2 class=\"wp-block-heading\" id=\"concurso-polcia-penal-pb-carreira-ser-criada-entenda\">Concurso Pol\u00edcia Penal PB: carreira ser\u00e1 criada? Entenda!<\/h2>\n\n\n\n<p>O governador da <a href=\"https:\/\/www.novaconcursos.com.br\/portal\/concursos-previstos\/pb\/\">Para\u00edba <\/a>enviou uma <strong>PEC <\/strong>(Projeto de Emenda Constitucional), \u00e0 Assembleia Legislativa, com o objetivo de <strong>criar a carreira <\/strong>de Pol\u00edcia Penal no estado.<\/p>\n\n\n\n<p>Isso j\u00e1 impactaria o novo concurso da Pol\u00edcia Penal na Para\u00edba, que segue em <strong>estudo pelos \u00f3rg\u00e3os.<\/strong><\/p>\n\n\n\n<p>A proposta, segundo o governo, \u00e9 um <strong>reconhecimento constitucional <\/strong>e beneficiar\u00e1\u00a0cerca de 1.800 Agentes Penitenci\u00e1rios (futuros Policiais Penais).<\/p>\n\n\n\n<p>Al\u00e9m disso, <strong>fortalecer\u00e1 assim o Sistema<\/strong> de Seguran\u00e7a P\u00fablica e de Defesa Social do Estado, que precisa urgente.<\/p>\n\n\n\n<p>O governo afirmou que a medida atende uma reivindica\u00e7\u00e3o dos Agentes, que desejavam ser equiparados aos membros das demais Pol\u00edcias, conforme a <strong>Emenda Constitucional Federal<\/strong> que criou as Pol\u00edcias Penal Federal em outros estados e no Distrito Federal.<\/p>\n\n\n\n<p>A proposta passou pelo crivo da<strong> Procuradoria Geral do Estado<\/strong> (PGE)\u00a0e n\u00e3o ter\u00e1 repercuss\u00e3o financeira, segundo informa\u00e7\u00f5es do pr\u00f3prio governador. <\/p>\n\n\n\n<p>Depois do envio, o secret\u00e1rio de Estado da Administra\u00e7\u00e3o Penitenci\u00e1ria, S\u00e9rgio Fonseca, <strong>agradeceu ao governador<\/strong> e lembrou de outras a\u00e7\u00f5es, como a implanta\u00e7\u00e3o do Plano de Cargos, Carreira e Remunera\u00e7\u00e3o (PCCR).\u00a0 <\/p>\n\n\n\n<p><em>\u201cPor mais um reconhecimento a essa categoria que tanto tem feito no cumprimento de suas obriga\u00e7\u00f5es e fun\u00e7\u00f5es\u201d<\/em>, enfatizou o secret\u00e1rio.<\/p>\n\n\n\n<h2 class=\"wp-block-heading\" id=\"concurso-polcia-penal-pb-est-em-estudo-e-deve-sair-em-breve\"><strong>Concurso Pol\u00edcia Penal PB est\u00e1 em estudo<\/strong> e deve sair em breve<\/h2>\n\n\n\n<p>Aguardado <strong>desde junho, <\/strong>um novo concurso Pol\u00edcia Penal da <a href=\"https:\/\/www.novaconcursos.com.br\/portal\/concursos-abertos\/pb\/\">Para\u00edba <\/a>deve sair muito em breve.<\/p>\n\n\n\n<p>A sele\u00e7\u00e3o <strong>segue em estudo <\/strong>pela Secretaria de Administra\u00e7\u00e3o Penitenci\u00e1ria\u00a0(Seap) da Para\u00edba, segundo informou o secret\u00e1rio\u00a0S\u00e9rgio Fonseca. <\/p>\n\n\n\n<p>De acordo com o secret\u00e1rio, <strong>duas unidades prisionais<\/strong> estavam sendo constru\u00eddas no estado, o que aumenta a necessidade por mais Policiais Penais.<\/p>\n\n\n\n<p><em>\u201cN\u00f3s temos, hoje, nos quadros da pol\u00edcia penal\u00a0do Sistema Penal, 1.765 policiais penais. Esses 1.765 policiais penais est\u00e3o distribuis nas 64 unidades na Para\u00edba\u201d<\/em>, afirmou o secret\u00e1rio.<\/p>\n\n\n\n<p>Entretanto, para uma nova sele\u00e7\u00e3o, tudo dependeria do <strong>or\u00e7amento <\/strong>do estado, mas, o secret\u00e1rio garantiu que existe dinheiro para a viabiliza\u00e7\u00e3o do concurso.<\/p>\n\n\n\n<p><em>\u201cTemos que respeitar toda a quest\u00e3o or\u00e7ament\u00e1ria do governo. Pode\u00a0ser que, nos pr\u00f3ximos meses ou no pr\u00f3ximo ano, se fale alguma coisa sobre concurso sim\u201d<\/em>, concluiu.<\/p>\n\n\n\n<p>Vale destacar que a \u00faltima sele\u00e7\u00e3o para a carreira foi realizada em 2008, ou seja, s\u00e3o mais de <strong>13 anos sem concursos<\/strong> no estado para a carreira.<\/p>\n\n\n\n<p>Os sal\u00e1rios na \u00e9poca, ainda denominados de Agente de Seguran\u00e7a Penitenci\u00e1ria, era de R$ 1.213,93. A carreira tem o\u00a0<strong>n\u00edvel m\u00e9dio completo<\/strong>\u00a0como requisito.\u00a0<\/p>","protected":false},"excerpt":{"rendered":"<p>Sem realizar sele\u00e7\u00f5es desde 2008, um novo concurso Pol\u00edcia Penal PB segue em estudo! Enquanto isso, por\u00e9m, um Projeto de Emenda Constitucional (PEC), que tem por objetivo criar a Pol\u00edcia Penal na Para\u00edba foi encaminhado pelo governador Jo\u00e3o Azev\u00eado. Confira: Guia como montar um mapa mental (Gr\u00e1tis) Concurso Pol\u00edcia Penal PB: carreira ser\u00e1 criada? Entenda! [&hellip;]<\/p>\n","protected":false},"author":54671,"featured_media":134626,"comment_status":"closed","ping_status":"closed","sticky":false,"template":"","format":"standard","meta":{"_acf_changed":false,"footnotes":"","_wp_rev_ctl_limit":""},"categories":[228],"tags":[36596,41451,39485,41453,3726,39762,38266,198,2578,10836,41450,41449,41452],"class_list":["post-143509","post","type-post","status-publish","format-standard","has-post-thumbnail","hentry","category-noticias","tag-concurso-policia-penal","tag-concurso-policia-penal-paraiba","tag-concurso-policia-penal-pb","tag-concurso-pp-pb","tag-concursos-abertos","tag-concursos-paraiba","tag-concursos-pb","tag-concursos-previstos","tag-concursos-publicos","tag-paraiba","tag-policia-penal-paraiba","tag-policia-penal-pb","tag-pp-pb"],"acf":[],"_links":{"self":[{"href":"https:\/\/www.novaconcursos.com.br\/portal\/wp-json\/wp\/v2\/posts\/143509","targetHints":{"allow":["GET"]}}],"collection":[{"href":"https:\/\/www.novaconcursos.com.br\/portal\/wp-json\/wp\/v2\/posts"}],"about":[{"href":"https:\/\/www.novaconcursos.com.br\/portal\/wp-json\/wp\/v2\/types\/post"}],"author":[{"embeddable":true,"href":"https:\/\/www.novaconcursos.com.br\/portal\/wp-json\/wp\/v2\/users\/54671"}],"replies":[{"embeddable":true,"href":"https:\/\/www.novaconcursos.com.br\/portal\/wp-json\/wp\/v2\/comments?post=143509"}],"version-history":[{"count":4,"href":"https:\/\/www.novaconcursos.com.br\/portal\/wp-json\/wp\/v2\/posts\/143509\/revisions"}],"predecessor-version":[{"id":143513,"href":"https:\/\/www.novaconcursos.com.br\/portal\/wp-json\/wp\/v2\/posts\/143509\/revisions\/143513"}],"wp:featuredmedia":[{"embeddable":true,"href":"https:\/\/www.novaconcursos.com.br\/portal\/wp-json\/wp\/v2\/media\/134626"}],"wp:attachment":[{"href":"https:\/\/www.novaconcursos.com.br\/portal\/wp-json\/wp\/v2\/media?parent=143509"}],"wp:term":[{"taxonomy":"category","embeddable":true,"href":"https:\/\/www.novaconcursos.com.br\/portal\/wp-json\/wp\/v2\/categories?post=143509"},{"taxonomy":"post_tag","embeddable":true,"href":"https:\/\/www.novaconcursos.com.br\/portal\/wp-json\/wp\/v2\/tags?post=143509"}],"curies":[{"name":"wp","href":"https:\/\/api.w.org\/{rel}","templated":true}]}}