{"id":143586,"date":"2021-09-21T15:03:00","date_gmt":"2021-09-21T18:03:00","guid":{"rendered":"https:\/\/www.novaconcursos.com.br\/portal\/?p=143586"},"modified":"2021-09-21T15:04:00","modified_gmt":"2021-09-21T18:04:00","slug":"concurso-mp-pr-edital-retificado-novas-datas","status":"publish","type":"post","link":"https:\/\/www.novaconcursos.com.br\/portal\/noticias\/concurso-mp-pr-edital-retificado-novas-datas\/","title":{"rendered":"Concurso MP PR: Edital \u00e9 retificado e tem novas datas, confira!"},"content":{"rendered":"<p>O edital do <a href=\"https:\/\/www.novaconcursos.com.br\/portal\/concursos\/concurso-mp-pr\/\">concurso MP PR <\/a>foi <strong>retificado <\/strong>e agora tem um novo calend\u00e1rio para a sele\u00e7\u00e3o de Promotores Substitutos.<\/p>\n\n\n\n<ul class=\"wp-block-list\"><li><strong>Confira<\/strong>: <a href=\"https:\/\/www.novaconcursos.com.br\/eventos\/guia-definitivo-plano-de-estudos-passo-a-passo\/\" target=\"_blank\" rel=\"noreferrer noopener\" aria-label=\"Guia Definitivo - Plano de Estudos Passo a Passo (GR\u00c1TIS) (abre numa nova aba)\">Guia Definitivo \u2013 Plano de Estudos Passo a Passo (GR\u00c1TIS)<\/a><\/li><\/ul><p><\/p>\n\n\n\n<p>A principal mudan\u00e7a aconteceu no dia da <strong>Prova <\/strong>para os Promotores, que antes seria no dia 21 de novembro. Com a retifica\u00e7\u00e3o, a nova data passa a ser dia <strong>05 de dezembro<\/strong>.<\/p>\n\n\n\n<p>Al\u00e9m disso, o Grupo II de disciplinas tamb\u00e9m sofreu altera\u00e7\u00f5es e agora ser\u00e3o cobradas<strong> cinco quest\u00f5es sobre Direito Administrativo<\/strong> e n\u00e3o mais quatro.<\/p>\n\n\n\n<p>As altera\u00e7\u00f5es tamb\u00e9m dizem sobre os <strong>crit\u00e9rios <\/strong>para aprova\u00e7\u00e3o na Prova Preambular, sobre a<strong> reserva de vagas<\/strong> para candidatos negros e sobre a <strong>isen\u00e7\u00e3o de taxa<\/strong>, que ser\u00e1 somente para doadores de sangue e de medula \u00f3ssea.<\/p>\n\n\n\n<p>O prazo para requisitar a <strong>isen\u00e7\u00e3o <\/strong>termina nesta ter\u00e7a-feira, \u00e0s 17h.<\/p>\n\n\n\n<h2 class=\"wp-block-heading\" id=\"confira-o-novo-calendrio-do-concurso-mp-pr\">Confira\no novo calend\u00e1rio do concurso MP PR<\/h2>\n\n\n\n<ul class=\"wp-block-list\"><li><strong>Inscri\u00e7\u00f5es Preliminares<\/strong>: de 14 de setembro a 13 de outubro;<\/li><li><strong>Pedido de isen\u00e7\u00e3o de taxa<\/strong>: de 14 a 21 de setembro;<\/li><li><strong>Entrevista com os candidatos \u00e0s vagas reservadas<\/strong>: de 25 a 27 de outubro;<\/li><li><strong>Prova Preambular<\/strong>: 05 de dezembro;<\/li><li><strong>Provas Escritas<\/strong> (dos grupos I ao V): de 24 a 28 de janeiro de 2022;<\/li><li><strong>Inscri\u00e7\u00e3o Definitiva<\/strong>: de 6 a 25 de abril de 2022;<\/li><li><strong>Exames de Sanidade F\u00edsica e Mental:<\/strong> de 6 a 25 de abril de 2022;<\/li><li><strong>Sindic\u00e2ncia<\/strong>: de 26 de abril a 12 de maio de 2022;<\/li><li><strong>Prova Oral<\/strong>: de 21 de maio a 10 de junho de 2022;<\/li><li><strong>Resultados Finais<\/strong>: 29 de junho de 2022.<\/li><\/ul><p><\/p>\n\n\n\n<h2 class=\"wp-block-heading\" id=\"concurso-mp-pr-panorama-geral\">Concurso\nMP PR: Panorama Geral<\/h2>\n\n\n\n<p>O concurso do Minist\u00e9rio P\u00fablico do <a href=\"https:\/\/www.novaconcursos.com.br\/portal\/concursos-abertos\/pr\/\">Paran\u00e1 <\/a>oferta <strong>sete vagas<\/strong> imediatas para o cargo de <strong>Promotor Substituto.<\/strong><\/p>\n\n\n\n<p>O edital tamb\u00e9m prev\u00ea que os<strong> candidatos aprovados <\/strong>que n\u00e3o tomarem posse de uma das sete vagas imediatas poder\u00e3o ser chamados durante a validade do <a href=\"https:\/\/www.novaconcursos.com.br\/portal\/concursos-previstos\/pr\/\">concurso<\/a>, caso vague algum outro cargo.<\/p>\n\n\n\n<p>Os candidatos precisar\u00e3o ter forma\u00e7\u00e3o superior no curso de <strong>Direito <\/strong>e pelo menos tr\u00eas anos de<strong> atividade jur\u00eddica<\/strong> comprovados.<\/p>\n\n\n\n<p>O <strong>sal\u00e1rio <\/strong>inicial para os contratados ser\u00e1 de <strong>R$ 28.884,20<\/strong> e os interessados podem se candidatar ao concurso at\u00e9 o dia 13 de outubro por meio do site do <a href=\"https:\/\/apps.mppr.mp.br\/concursos\/concursos\/detalhes_concurso\/96\" target=\"_blank\" rel=\"noreferrer noopener\" aria-label=\"Minist\u00e9rio P\u00fablico do Paran\u00e1 (abre numa nova aba)\">Minist\u00e9rio P\u00fablico do Paran\u00e1<\/a>.<\/p>\n\n\n\n<p>O certame ser\u00e1 composto pelas seguintes <strong>etapas<\/strong>:<\/p>\n\n\n\n<ul class=\"wp-block-list\"><li>Prova Preambular;<\/li><li>Provas Escritas (ser\u00e3o divididas em cinco grupos de mat\u00e9rias);<\/li><li>Exames de Sanidade F\u00edsica e Mental;<\/li><li>Sindic\u00e2ncia;<\/li><li>Prova Oral; e<\/li><li>Avalia\u00e7\u00e3o de T\u00edtulos.<\/li><\/ul><p><\/p>\n\n\n\n<p>Para <strong>aprova\u00e7\u00e3o<\/strong>, ser\u00e1 necess\u00e1rio alcan\u00e7ar 60 pontos e somente os 250 melhores colocados na Prova Preambular poder\u00e3o realizar a Prova Objetiva.<\/p>","protected":false},"excerpt":{"rendered":"<p>O edital do concurso MP PR foi retificado e agora tem um novo calend\u00e1rio para a sele\u00e7\u00e3o de Promotores Substitutos. Confira: Guia Definitivo \u2013 Plano de Estudos Passo a Passo (GR\u00c1TIS) A principal mudan\u00e7a aconteceu no dia da Prova para os Promotores, que antes seria no dia 21 de novembro. Com a retifica\u00e7\u00e3o, a nova [&hellip;]<\/p>\n","protected":false},"author":54673,"featured_media":143297,"comment_status":"closed","ping_status":"closed","sticky":false,"template":"","format":"standard","meta":{"_acf_changed":false,"footnotes":"","_wp_rev_ctl_limit":""},"categories":[228],"tags":[10789,37580,38336,41360,41472,3865,41471,10791,41470],"class_list":["post-143586","post","type-post","status-publish","format-standard","has-post-thumbnail","hentry","category-noticias","tag-concurso-mp-pr","tag-concursos-pr","tag-editais-pr","tag-edital-concurso-mp-pr","tag-edital-mp-pr","tag-ministerio-publico","tag-ministerio-publico-do-parana","tag-mp-pr","tag-mppr"],"acf":[],"_links":{"self":[{"href":"https:\/\/www.novaconcursos.com.br\/portal\/wp-json\/wp\/v2\/posts\/143586","targetHints":{"allow":["GET"]}}],"collection":[{"href":"https:\/\/www.novaconcursos.com.br\/portal\/wp-json\/wp\/v2\/posts"}],"about":[{"href":"https:\/\/www.novaconcursos.com.br\/portal\/wp-json\/wp\/v2\/types\/post"}],"author":[{"embeddable":true,"href":"https:\/\/www.novaconcursos.com.br\/portal\/wp-json\/wp\/v2\/users\/54673"}],"replies":[{"embeddable":true,"href":"https:\/\/www.novaconcursos.com.br\/portal\/wp-json\/wp\/v2\/comments?post=143586"}],"version-history":[{"count":6,"href":"https:\/\/www.novaconcursos.com.br\/portal\/wp-json\/wp\/v2\/posts\/143586\/revisions"}],"predecessor-version":[{"id":143592,"href":"https:\/\/www.novaconcursos.com.br\/portal\/wp-json\/wp\/v2\/posts\/143586\/revisions\/143592"}],"wp:featuredmedia":[{"embeddable":true,"href":"https:\/\/www.novaconcursos.com.br\/portal\/wp-json\/wp\/v2\/media\/143297"}],"wp:attachment":[{"href":"https:\/\/www.novaconcursos.com.br\/portal\/wp-json\/wp\/v2\/media?parent=143586"}],"wp:term":[{"taxonomy":"category","embeddable":true,"href":"https:\/\/www.novaconcursos.com.br\/portal\/wp-json\/wp\/v2\/categories?post=143586"},{"taxonomy":"post_tag","embeddable":true,"href":"https:\/\/www.novaconcursos.com.br\/portal\/wp-json\/wp\/v2\/tags?post=143586"}],"curies":[{"name":"wp","href":"https:\/\/api.w.org\/{rel}","templated":true}]}}