{"id":143691,"date":"2021-09-23T07:42:38","date_gmt":"2021-09-23T10:42:38","guid":{"rendered":"https:\/\/www.novaconcursos.com.br\/portal\/?p=143691"},"modified":"2021-09-23T07:42:43","modified_gmt":"2021-09-23T10:42:43","slug":"concurso-pm-ce-edital-passa-por-retificacao-altera-conteudo-programatico","status":"publish","type":"post","link":"https:\/\/www.novaconcursos.com.br\/portal\/noticias\/concurso-pm-ce-edital-passa-por-retificacao-altera-conteudo-programatico\/","title":{"rendered":"Concurso PM CE: Edital passa por retifica\u00e7\u00e3o e altera conte\u00fado program\u00e1tico!"},"content":{"rendered":"<p>Novas informa\u00e7\u00f5es sobre o <a href=\"https:\/\/www.novaconcursos.com.br\/portal\/concursos\/concurso-pm-ce\/\">concurso PM CE<\/a>! O edital passou por sua <strong>primeira retifica\u00e7\u00e3o<\/strong>, alterando assim alguns detalhes importantes, incluindo o conte\u00fado program\u00e1tico e o per\u00edodo de inscri\u00e7\u00f5es. Confira!<\/p>\n\n\n\n<ul class=\"wp-block-list\"><li><strong>Confira: <\/strong><a href=\"https:\/\/www.novaconcursos.com.br\/eventos\/guia-definitivo-plano-de-estudos-passo-a-passo\/\" target=\"_blank\" rel=\"noreferrer noopener\" aria-label=\" (abre numa nova aba)\">Guia Definitivo Plano de Estudos \u2013 Gr\u00e1tis<\/a><\/li><\/ul><p><\/p>\n\n\n\n<p>O edital do concurso da Pol\u00edcia Militar do <a href=\"https:\/\/www.novaconcursos.com.br\/portal\/concursos-abertos\/ce\/\">Cear\u00e1<\/a> passou por sua primeira <strong>retifica\u00e7\u00e3o<\/strong>, onde foram alteradas <strong>diversas informa\u00e7\u00f5es<\/strong> do documento, como o per\u00edodo de inscri\u00e7\u00f5es, o conte\u00fado program\u00e1tico e os exerc\u00edcios do TAF (Teste de Aptid\u00e3o F\u00edsica).<\/p>\n\n\n\n<ul class=\"wp-block-list\"><li><strong>Adquira: <\/strong><a href=\"https:\/\/www.novaconcursos.com.br\/concurso\/pm-ce-policia-militar-do-ceara\/apostila\">Apostilas Concurso PM CE<\/a><\/li><li><strong>Adquira:<\/strong> <a href=\"https:\/\/www.novaconcursos.com.br\/curso-online\/pacote-completo-pm-ce-soldado\">Curso Online Concurso PM CE<\/a><\/li><\/ul><p><\/p>\n\n\n\n<h2 class=\"wp-block-heading\" id=\"quais-informaes-foram-alteradas-com-a-retificao\">Quais informa\u00e7\u00f5es foram alteradas com a retifica\u00e7\u00e3o?<\/h2>\n\n\n\n<h3 class=\"wp-block-heading\">Per\u00edodo de inscri\u00e7\u00f5es<\/h3>\n\n\n\n<p>J\u00e1 havia sido informado anteriormente que o per\u00edodo de inscri\u00e7\u00f5es seria <strong>prorrogado<\/strong>. Antes, o per\u00edodo se encerrava no dia 15 de setembro, mas com a prorroga\u00e7\u00e3o os interessados podem se inscrever at\u00e9 <strong>as 16 horas<\/strong> de hoje, <strong>22 de setembro.<\/strong><\/p>\n\n\n\n<p>Al\u00e9m disso, vale refor\u00e7ar que o per\u00edodo para solicita\u00e7\u00e3o de isen\u00e7\u00e3o de taxa <strong>j\u00e1 se encerrou<\/strong>, uma vez que ocorreu entre os dias 16 e 18 de agosto. O valor da taxa \u00e9 de <strong>R$120.<\/strong><\/p>\n\n\n\n<p>As inscri\u00e7\u00f5es podem ser feitas no site da <strong>banca organizadora<\/strong> do certame, a <a rel=\"noreferrer noopener\" aria-label=\"FGV (abre numa nova aba)\" href=\"https:\/\/conhecimento.fgv.br\/concursos\/pmce21\" target=\"_blank\">FGV<\/a> (Funda\u00e7\u00e3o Get\u00falio Vargas). <\/p>\n\n\n\n<h3 class=\"wp-block-heading\">Detalhes acerca do TAF<\/h3>\n\n\n\n<p>Ademais, novos detalhes foram acrescentados quanto aos exerc\u00edcios a serem realizados na etapa de <strong>Teste de Aptid\u00e3o F\u00edsica<\/strong> do processo seletivo. <\/p>\n\n\n\n<p>Originalmente, no edital apenas constava que entre as atividades estava o abdominal. Com a retifica\u00e7\u00e3o, passou a ficar claro que o teste se trata de <strong>abdominal remador.<\/strong><\/p>\n\n\n\n<h3 class=\"wp-block-heading\">Conte\u00fado program\u00e1tico<\/h3>\n\n\n\n<p>Por fim, outra das principais modifica\u00e7\u00f5es realizadas por meio da retifica\u00e7\u00e3o \u00e9 quanto ao <strong>conte\u00fado program\u00e1tico<\/strong>. Duas das disciplinas presentes na avalia\u00e7\u00e3o objetiva passaram por <strong>acr\u00e9scimo ou retirada<\/strong> de legisla\u00e7\u00f5es. Confira:<\/p>\n\n\n\n<p><strong>Em Direito Constitucional\/Humanos:<\/strong><\/p>\n\n\n\n<ul class=\"wp-block-list\"><li>Foi retirado: Direito das pessoas moradoras de favelas. Diversidade sexual. Direito das pessoas LGBTQIA+. As Garantias Judiciais e os direitos pr\u00e9-processuais. Direito a n\u00e3o ser torturado. Popula\u00e7\u00e3o em situa\u00e7\u00e3o de rua. Conceito e Princ\u00edpios das Pol\u00edticas P\u00fablicas. Recolhimento Compuls\u00f3rio.<\/li><\/ul><p><\/p>\n\n\n\n<p><strong>Em Direito Penal:<\/strong><\/p>\n\n\n\n<ul class=\"wp-block-list\"><li>Foi retirado: Disposi\u00e7\u00f5es preliminares do C\u00f3digo de Processo Penal. Disposi\u00e7\u00f5es constitucionais aplic\u00e1veis ao Direito Processual Penal<\/li><li>Foi acrescido: Aspectos penais e processuais da Lei n. 8.072\/1990 (Crimes Hediondos) e altera\u00e7\u00f5es posteriores, da Lei n\u00ba 10.826\/03 (Estatuto do Desarmamento) e altera\u00e7\u00f5es posteriores, da Lei n\u00ba 11.343\/2006 (Entorpecentes) e altera\u00e7\u00f5es posteriores e da Lei n. 13.869\/2019 (Abuso de Autoridade).<\/li><\/ul><p><\/p>\n\n\n\n<h2 class=\"wp-block-heading\" id=\"concurso-pm-ce-detalhes\">Concurso PM CE: detalhes<\/h2>\n\n\n\n<p>O concurso da Pol\u00edcia Militar do <a href=\"https:\/\/www.novaconcursos.com.br\/portal\/concursos-previstos\/ce\/\">Cear\u00e1<\/a> oferece <strong>2.000 vagas de n\u00edvel m\u00e9dio <\/strong>para o cargo de<strong> Soldado<\/strong>, sendo 1.360 vagas para homens, 240 para mulheres e 400 para pessoas negras.<\/p>\n\n\n\n<p>Al\u00e9m disso, a remunera\u00e7\u00e3o para a carreira possui o valor de <strong>R$4.192,72<\/strong> ap\u00f3s o encerramento do <strong>Curso de Forma\u00e7\u00e3o Profissional. <\/strong><\/p>\n\n\n\n<p>Ademais, os <strong>requisitos b\u00e1sicos<\/strong> para concorrer \u00e0s vagas s\u00e3o:<\/p>\n\n\n\n<ul class=\"wp-block-list\"><li>Ensino m\u00e9dio ou ensino m\u00e9dio t\u00e9cnico completo devidamente comprovado por alguma institui\u00e7\u00e3o credenciada pelo MEC;<\/li><li>Idade igual ou superior a 18 anos e inferior a 30 anos de idade no primeiro dia de inscri\u00e7\u00e3o do concurso;<\/li><li>Possuir carteira nacional de habilita\u00e7\u00e3o classificada, no m\u00ednimo, na categoria \u201cB\u201d;<\/li><li>Ter a estatura m\u00ednima de 1,62m, se for do sexo masculino, e 1,57m, se candidata do sexo feminino;<\/li><li>N\u00e3o estar gr\u00e1vida por ocasi\u00e3o da realiza\u00e7\u00e3o do Curso de Forma\u00e7\u00e3o Profissional (candidatas do sexo feminino).<\/li><\/ul><p><\/p>\n\n\n\n<h2 class=\"wp-block-heading\" id=\"como-sero-as-provas-do-concurso\">Como ser\u00e3o as provas do concurso?<\/h2>\n\n\n\n<p>A sele\u00e7\u00e3o do concurso p\u00fablico contar\u00e1 com 6 <strong>etapas avaliativas<\/strong>. S\u00e3o elas:<\/p>\n\n\n\n<ul class=\"wp-block-list\"><li>Prova Objetiva;<\/li><li>Exame de Sa\u00fade;<\/li><li>Teste de Aptid\u00e3o F\u00edsica;<\/li><li>Avalia\u00e7\u00e3o Psicol\u00f3gica;<\/li><li>Investiga\u00e7\u00e3o Social.<\/li><\/ul><p><\/p>\n\n\n\n<p>Al\u00e9m disso, a etapa de prova objetiva j\u00e1 est\u00e1 agendada para o dia <strong>7 de novembro<\/strong>, quando os inscritos dever\u00e3o responder a <strong>80 quest\u00f5es<\/strong> sobre:<\/p>\n\n\n\n<p><strong>M\u00f3dulo I \u2013 Conhecimentos\nB\u00e1sicos:<\/strong><\/p>\n\n\n\n<ul class=\"wp-block-list\"><li>L\u00edngua Portuguesa<\/li><li>Racioc\u00ednio L\u00f3gico<\/li><li>Atualidades\/Hist\u00f3ria do Cear\u00e1<\/li><li>No\u00e7\u00f5es de Administra\u00e7\u00e3o P\u00fablica\/\u00c9tica no Servi\u00e7o P\u00fablico<\/li><\/ul><p><\/p>\n\n\n\n<p><strong>M\u00f3dulo II \u2013 Conhecimentos\nEspec\u00edficos:<\/strong><\/p>\n\n\n\n<ul class=\"wp-block-list\"><li>No\u00e7\u00f5es de Direito Constitucional\/Direito\nHumanos<\/li><li>No\u00e7\u00f5es de Direito Penal Militar\/Processo Penal\nMilitar<\/li><li>No\u00e7\u00f5es de Direito Penal<\/li><li>No\u00e7\u00f5es de Criminologia<\/li><li>Seguran\u00e7a P\u00fablica<\/li><\/ul>","protected":false},"excerpt":{"rendered":"<p>Novas informa\u00e7\u00f5es sobre o concurso PM CE! O edital passou por sua primeira retifica\u00e7\u00e3o, alterando assim alguns detalhes importantes, incluindo o conte\u00fado program\u00e1tico e o per\u00edodo de inscri\u00e7\u00f5es. Confira! Confira: Guia Definitivo Plano de Estudos \u2013 Gr\u00e1tis O edital do concurso da Pol\u00edcia Militar do Cear\u00e1 passou por sua primeira retifica\u00e7\u00e3o, onde foram alteradas diversas [&hellip;]<\/p>\n","protected":false},"author":54674,"featured_media":129920,"comment_status":"closed","ping_status":"closed","sticky":false,"template":"","format":"standard","meta":{"_acf_changed":false,"footnotes":"","_wp_rev_ctl_limit":""},"categories":[228],"tags":[38397,13315,41498,39748,13317,38024,40036,39280,39566,39749,40035,38396,38025],"class_list":["post-143691","post","type-post","status-publish","format-standard","has-post-thumbnail","hentry","category-noticias","tag-cargos-concurso-pm-ce","tag-concurso-pm-ce","tag-concurso-pm-ce-retificacao","tag-concurso-pm-ce-soldados","tag-concurso-pm-ceara","tag-edital-concurso-pm-ce","tag-etapas-concurso-pm-ce","tag-etapas-do-concurso-pm-ce","tag-novidades-concurso-pm-ce","tag-requisitos-concurso-pm-ce","tag-salario-concurso-pm-ce","tag-salarios-concurso-pm-ce","tag-vagas-concurso-pm-ce"],"acf":[],"_links":{"self":[{"href":"https:\/\/www.novaconcursos.com.br\/portal\/wp-json\/wp\/v2\/posts\/143691","targetHints":{"allow":["GET"]}}],"collection":[{"href":"https:\/\/www.novaconcursos.com.br\/portal\/wp-json\/wp\/v2\/posts"}],"about":[{"href":"https:\/\/www.novaconcursos.com.br\/portal\/wp-json\/wp\/v2\/types\/post"}],"author":[{"embeddable":true,"href":"https:\/\/www.novaconcursos.com.br\/portal\/wp-json\/wp\/v2\/users\/54674"}],"replies":[{"embeddable":true,"href":"https:\/\/www.novaconcursos.com.br\/portal\/wp-json\/wp\/v2\/comments?post=143691"}],"version-history":[{"count":3,"href":"https:\/\/www.novaconcursos.com.br\/portal\/wp-json\/wp\/v2\/posts\/143691\/revisions"}],"predecessor-version":[{"id":143694,"href":"https:\/\/www.novaconcursos.com.br\/portal\/wp-json\/wp\/v2\/posts\/143691\/revisions\/143694"}],"wp:featuredmedia":[{"embeddable":true,"href":"https:\/\/www.novaconcursos.com.br\/portal\/wp-json\/wp\/v2\/media\/129920"}],"wp:attachment":[{"href":"https:\/\/www.novaconcursos.com.br\/portal\/wp-json\/wp\/v2\/media?parent=143691"}],"wp:term":[{"taxonomy":"category","embeddable":true,"href":"https:\/\/www.novaconcursos.com.br\/portal\/wp-json\/wp\/v2\/categories?post=143691"},{"taxonomy":"post_tag","embeddable":true,"href":"https:\/\/www.novaconcursos.com.br\/portal\/wp-json\/wp\/v2\/tags?post=143691"}],"curies":[{"name":"wp","href":"https:\/\/api.w.org\/{rel}","templated":true}]}}