{"id":143864,"date":"2021-09-23T16:36:56","date_gmt":"2021-09-23T19:36:56","guid":{"rendered":"https:\/\/www.novaconcursos.com.br\/portal\/?p=143864"},"modified":"2025-12-03T09:42:38","modified_gmt":"2025-12-03T12:42:38","slug":"concurso-policia-penal-mg-edital-retificado","status":"publish","type":"post","link":"https:\/\/www.novaconcursos.com.br\/portal\/noticias\/concurso-policia-penal-mg-edital-retificado\/","title":{"rendered":"Concurso Pol\u00edcia Penal MG: Edital com 2.420 vagas \u00e9 retificado!"},"content":{"rendered":"<p>Uma grande oportunidade aos concurseiros mineiros est\u00e1 aberta! O <a href=\"https:\/\/www.novaconcursos.com.br\/portal\/concursos\/policia-penal-mg\/\" data-type=\"link\" data-id=\"https:\/\/www.novaconcursos.com.br\/portal\/concursos\/policia-penal-mg\/\">concurso Pol\u00edcia Penal MG<\/a>\u00a0conta com a oferta de<strong>\u00a02.420 vagas\u00a0<\/strong>para o n\u00edvel m\u00e9dio, sendo 1.944 para homens e 476 para mulheres. E o <strong>edital <\/strong>passou por <strong>retifica\u00e7\u00f5es <\/strong>nesta semana!<\/p>\n\n\n\n<ul class=\"wp-block-list\"><li><strong>Confira:<\/strong> Curso Gr\u00e1tis Pol\u00edcia Penal MG<\/li>\n<\/ul><p><\/p>\n\n\n\n<h2 class=\"wp-block-heading\" id=\"concurso-polcia-penal-mg-edital-passa-por-retificao\">Concurso Pol\u00edcia Penal MG: edital passa por retifica\u00e7\u00e3o<\/h2>\n\n\n\n<p>O edital do concurso Pol\u00edcia Penal de <a href=\"https:\/\/www.novaconcursos.com.br\/portal\/concursos-abertos\/mg\/\">Minas Gerais<\/a> passou pela <strong>segunda retifica\u00e7\u00e3o<\/strong> nesta semana. As mudan\u00e7as foram identificadas nas disposi\u00e7\u00f5es gerais e no anexo III, que trata dos conte\u00fados program\u00e1ticos.<\/p>\n\n\n\n<ul class=\"wp-block-list\"><li><strong>Adquira:\u00a0<\/strong><a href=\"https:\/\/www.novaconcursos.com.br\/concurso\/policia-penal-mg\/apostila\">Apostilas Concurso Pol\u00edcia Penal MG<\/a><\/li>\n\n\n\n<li><strong>Adquira:<\/strong>\u00a0<a href=\"https:\/\/www.novaconcursos.com.br\/concurso\/policia-penal-mg\/curso-online\">Curso Online Pol\u00edcia Penal MG<\/a><\/li>\n<\/ul><p><\/p>\n\n\n\n<p>O documento foi publicado nesta quarta-feira (22) e pode ser <strong>conferido <\/strong>na \u00edntegra, clicando aqui.<\/p>\n\n\n\n<p>Uma das mudan\u00e7as anunciadas \u00e9 sobre o <strong>Posto de Atendimento <\/strong>para candidatos, que no edital passado afirmava ser para todos, mas agora, ap\u00f3s a retifica\u00e7\u00e3o, exemplifica que \u00e9 para os convocados. <\/p>\n\n\n\n<p>O ponto fica na Av. \u00c1lvares Cabral, 374 \u2013 Sala 1.501 \u2013 Centro \u2013 <strong>Belo Horizonte \u2013 MG<\/strong> e funciona somente em dias \u00fateis, das 9h \u00e0s 12h e das 13h \u00e0s 17h. <\/p>\n\n\n\n<p>As outras mudan\u00e7as s\u00e3o sobre os <strong>conte\u00fados program\u00e1ticos, <\/strong>para que o concurseiro fique por dentro de tudo que tenha que estudar. Confira o conte\u00fado completo, clicando aqui.<\/p>\n\n\n\n<h2 class=\"wp-block-heading\" id=\"quando-comeam-as-inscries-para-o-concurso-polcia-penal-mg\">Quando come\u00e7am as inscri\u00e7\u00f5es para o concurso Pol\u00edcia Penal MG?<\/h2>\n\n\n\n<p>As inscri\u00e7\u00f5es para o concurso da Pol\u00edcia Penal de\u00a0<a href=\"https:\/\/www.novaconcursos.com.br\/portal\/concursos-previstos\/mg\/\">Minas Gerais<\/a>\u00a0ser\u00e3o abertas apenas no dia\u00a0<strong>22 de outubro<\/strong>\u00a0e se encerrar\u00e3o no dia<strong>\u00a021 de novembro.<\/strong><\/p>\n\n\n\n<p>Os interessados dever\u00e3o se inscrever pelo\u00a0endere\u00e7o eletr\u00f4nico do Instituto Selecon, banca organizadora. O valor da taxa ser\u00e1 de\u00a0<strong>R$ 49,16.<\/strong><\/p>\n\n\n\n<h2 class=\"wp-block-heading\" id=\"quem-pode-fazer-o-concurso-polcia-penal-mg\">Quem pode fazer o concurso Pol\u00edcia Penal MG?<\/h2>\n\n\n\n<p>Os concurseiros dever\u00e3o se atentar aos <strong>requisitos b\u00e1sicos <\/strong>para a sele\u00e7\u00e3o, que s\u00e3o:<\/p>\n\n\n\n<ul class=\"wp-block-list\"><li>ser brasileiro nato ou naturalizado e no caso de nacionalidade portuguea, estar amparado pelo Estatuto de Igualdade entre brasileiros e portugueses;<\/li>\n\n\n\n<li>gozar dos direitos pol\u00edticos;<\/li>\n\n\n\n<li>estar em dia com as obriga\u00e7\u00f5es eleitorais;<\/li>\n\n\n\n<li>estar quite com as obriga\u00e7\u00f5es do Servi\u00e7o Militar, para os candidatos do sexo masculino;<\/li>\n\n\n\n<li><strong>ter 18 (dezoito) anos completos na data da contrata\u00e7\u00e3o;<\/strong><\/li>\n\n\n\n<li><strong>possuir, comprovante de conclus\u00e3o do n\u00edvel m\u00e9dio de escolaridade exigido para a fun\u00e7\u00e3o;<\/strong><\/li>\n\n\n\n<li>n\u00e3o ter sido demitido a bem do servi\u00e7o p\u00fablico, conforme art. 250 da Lei 869\/52 e n\u00e3o ter sido demitido das Institui\u00e7\u00f5es Militares ou For\u00e7a Cong\u00eaneres;<\/li>\n\n\n\n<li><strong>n\u00e3o possuir registro de antecedentes criminais nos \u00faltimos cinco (5) anos, ficando impedido a contrata\u00e7\u00e3o nos casos em que houver a\u00e7\u00e3o penal com senten\u00e7a condenat\u00f3ria transitada em julgado, enquanto durarem seus efeitos, garantido o contradit\u00f3rio e a ampla defesa;<\/strong><\/li>\n\n\n\n<li>n\u00e3o possuir ac\u00famulo de cargos na forma da legisla\u00e7\u00e3o vigente.<\/li>\n\n\n\n<li>Ser considerado apto mediante laudo da Superintend\u00eancia Central de Per\u00edcia M\u00e9dica e Sa\u00fade Ocupacional \u2013 SCPMSO da Secretaria de Estado de Planejamento e Gest\u00e3o \u2013 SEPLAG;<\/li>\n\n\n\n<li>N\u00e3o ter sofrido, no exerc\u00edcio de fun\u00e7\u00e3o p\u00fablica, penalidade incompat\u00edvel com a fun\u00e7\u00e3o pleiteada;<\/li>\n\n\n\n<li>N\u00e3o ser aposentado por invalidez;<\/li>\n\n\n\n<li>N\u00e3o possuir v\u00ednculo com a Administra\u00e7\u00e3o Direta do Poder Executivo, suas autarquias e funda\u00e7\u00f5es, salvo nos casos da acumula\u00e7\u00e3o l\u00edcita;<\/li>\n\n\n\n<li>Cumprir o interst\u00edcio de tempo para nova contrata\u00e7\u00e3o com fulcro na Lei Estadual n\u00ba 18.185\/2009, que inviabiliza a respectiva contrata\u00e7\u00e3o, antes de decorridos 24 meses do encerramento de contrato firmado anteriormente, salvo na hip\u00f3tese prevista nos termos do art. 5\u00ba da Lei Estadual supracitada;<\/li>\n\n\n\n<li>atender a todas as exig\u00eancias estabelecidas no edital do concurso Pol\u00edcia Penal MG.<\/li>\n<\/ul><p><\/p>\n\n\n\n<h2 class=\"wp-block-heading\" id=\"polcia-penal-mg-vagas-e-salrios\">Pol\u00edcia Penal MG: vagas e sal\u00e1rios<\/h2>\n\n\n\n<p>O\u00a0<strong>edital\u00a0<\/strong>da Secretaria de Estado de Justi\u00e7a e Seguran\u00e7a (Sejusp), foi publicado com a oferta de 2.240 vagas para\u00a0<strong>Policial Penal.<\/strong><\/p>\n\n\n\n<p>Do total, 1.944 oportunidades s\u00e3o para homens e 476 para mulheres. Haver\u00e1 ainda\u00a0<strong>reserva\u00a0<\/strong>de 10% das vagas para pessoas com defici\u00eancia.<\/p>\n\n\n\n<p>J\u00e1 o sal\u00e1rio inicial para a carreira de Policial Penal \u00e9 de\u00a0<strong>R$ 4.631,25<\/strong>, para uma jornada de trabalho de 40 horas por semana. <\/p>\n\n\n\n<p>Vale destacar ainda que a contrata\u00e7\u00e3o \u00e9 em regime de\u00a0<strong>dedica\u00e7\u00e3o exclusiva,<\/strong>\u00a0podendo ser desempenhada em regime de escala de plant\u00e3o. <\/p>\n\n\n\n<p>O concurso \u00e9 estadual, sendo assim, o candidato que for aprovado poder\u00e1 ser\u00a0<strong>nomeado para\u00a0qualquer uma das unidades prisionais<\/strong>\u00a0do estado\u00a0de\u00a0Minas Gerais.<\/p>\n\n\n\n<h2 class=\"wp-block-heading\" id=\"concurso-polcia-penal-mg-como-sero-as-provas\">Concurso Pol\u00edcia Penal MG: como ser\u00e3o as provas?<\/h2>\n\n\n\n<p>A primeira etapa de avalia\u00e7\u00e3o ser\u00e1 a aplica\u00e7\u00e3o de\u00a0<strong>prova objetiva<\/strong>\u00a0e de reda\u00e7\u00e3o, prevista para o dia 16 de janeiro de 2022.\u00a0Ser\u00e3o\u00a0<strong>60 quest\u00f5es<\/strong>, distribu\u00eddas entre as disciplinas de:<\/p>\n\n\n\n<ul class=\"wp-block-list\"><li>L\u00edngua Portuguesa: 10 quest\u00f5es;<\/li>\n\n\n\n<li>Inform\u00e1tica B\u00e1sica: 5 quest\u00f5es;<\/li>\n\n\n\n<li>No\u00e7\u00f5es de Direito: 10 quest\u00f5es;<\/li>\n\n\n\n<li>Direitos Humanos: 10 quest\u00f5es;<\/li>\n\n\n\n<li>Legisla\u00e7\u00e3o Especial: 20 quest\u00f5es;<\/li>\n\n\n\n<li>Racioc\u00ednio L\u00f3gico: 5 quest\u00f5es.<\/li>\n<\/ul><p><\/p>\n\n\n\n<p>As\u00a0<strong>provas ser\u00e3o aplicadas<\/strong>\u00a0nas cidades de Barbacena, Belo Horizonte, Curvelo, Divin\u00f3polis, Ipatinga, Governador Valadares, Juiz de Fora, Lavras, Montes Claros, Patos de Minas, Po\u00e7os de Caldas, Pouso Alegre, Te\u00f3filo Otoni, Uberaba, Uberl\u00e2ndia e Una\u00ed.<\/p>\n\n\n\n<p>Al\u00e9m do exame objetivo, os inscritos ainda passar\u00e3o por\u00a0<strong>outras etapas de avalia\u00e7\u00e3o<\/strong>, que ser\u00e3o:<\/p>\n\n\n\n<ul class=\"wp-block-list\"><li>Avalia\u00e7\u00e3o Psicol\u00f3gica;<\/li>\n\n\n\n<li>Avalia\u00e7\u00e3o Psicot\u00e9cnica;<\/li>\n\n\n\n<li>Exames M\u00e9dicos;<\/li>\n\n\n\n<li>Teste de Condicionamento F\u00edsico;<\/li>\n\n\n\n<li>Comprova\u00e7\u00e3o de Idoneidade;<\/li>\n\n\n\n<li>Conduta Ilibada (investiga\u00e7\u00e3o social)<\/li>\n<\/ul><p><\/p>\n\n\n\n<p>Saiba <strong>como montar um plano de estudos<\/strong>, clicando aqui. Confira ainda <strong>o que cai na prova<\/strong>, clicando aqui.<\/p>","protected":false},"excerpt":{"rendered":"<p>Uma grande oportunidade aos concurseiros mineiros est\u00e1 aberta! O concurso Pol\u00edcia Penal MG\u00a0conta com a oferta de\u00a02.420 vagas\u00a0para o n\u00edvel m\u00e9dio, sendo 1.944 para homens e 476 para mulheres. E o edital passou por retifica\u00e7\u00f5es nesta semana! Concurso Pol\u00edcia Penal MG: edital passa por retifica\u00e7\u00e3o O edital do concurso Pol\u00edcia Penal de Minas Gerais passou [&hellip;]<\/p>\n","protected":false},"author":54671,"featured_media":126096,"comment_status":"closed","ping_status":"closed","sticky":false,"template":"","format":"standard","meta":{"_acf_changed":false,"footnotes":"","_wp_rev_ctl_limit":""},"categories":[228],"tags":[36579,38340,39534,19630,37112,37894,37892,39004,3726,20403,2069,198,2578,38116,39006,37508,39005,39533,1636,115,22314,36578,38115,38114,38177,39490,37507],"class_list":["post-143864","post","type-post","status-publish","format-standard","has-post-thumbnail","hentry","category-noticias","tag-agepen-mg","tag-cargos-concurso-policia-penal-mg","tag-como-estudar-para-o-concurso-policia-penal-mg","tag-concurso-agepen-mg","tag-concurso-policia-penal-mg","tag-concurso-policia-penal-mg-edital","tag-concurso-policia-penal-minas-gerais","tag-concurso-pp-mg","tag-concursos-abertos","tag-concursos-mg","tag-concursos-minas-gerais","tag-concursos-previstos","tag-concursos-publicos","tag-editais-mg","tag-edital-agepen-mg","tag-edital-concurso-policia-penal-mg","tag-edital-pp-mg","tag-metodos-de-estudo-policia-penal-mg","tag-minas-gerais","tag-nova-concursos","tag-policia-penal","tag-policia-penal-mg","tag-pp-mg","tag-ppmg","tag-provas-concurso-policia-penal-mg","tag-salarios-concurso-policia-penal-mg","tag-vagas-concurso-policia-penal-mg"],"acf":[],"_links":{"self":[{"href":"https:\/\/www.novaconcursos.com.br\/portal\/wp-json\/wp\/v2\/posts\/143864","targetHints":{"allow":["GET"]}}],"collection":[{"href":"https:\/\/www.novaconcursos.com.br\/portal\/wp-json\/wp\/v2\/posts"}],"about":[{"href":"https:\/\/www.novaconcursos.com.br\/portal\/wp-json\/wp\/v2\/types\/post"}],"author":[{"embeddable":true,"href":"https:\/\/www.novaconcursos.com.br\/portal\/wp-json\/wp\/v2\/users\/54671"}],"replies":[{"embeddable":true,"href":"https:\/\/www.novaconcursos.com.br\/portal\/wp-json\/wp\/v2\/comments?post=143864"}],"version-history":[{"count":7,"href":"https:\/\/www.novaconcursos.com.br\/portal\/wp-json\/wp\/v2\/posts\/143864\/revisions"}],"predecessor-version":[{"id":298192,"href":"https:\/\/www.novaconcursos.com.br\/portal\/wp-json\/wp\/v2\/posts\/143864\/revisions\/298192"}],"wp:featuredmedia":[{"embeddable":true,"href":"https:\/\/www.novaconcursos.com.br\/portal\/wp-json\/wp\/v2\/media\/126096"}],"wp:attachment":[{"href":"https:\/\/www.novaconcursos.com.br\/portal\/wp-json\/wp\/v2\/media?parent=143864"}],"wp:term":[{"taxonomy":"category","embeddable":true,"href":"https:\/\/www.novaconcursos.com.br\/portal\/wp-json\/wp\/v2\/categories?post=143864"},{"taxonomy":"post_tag","embeddable":true,"href":"https:\/\/www.novaconcursos.com.br\/portal\/wp-json\/wp\/v2\/tags?post=143864"}],"curies":[{"name":"wp","href":"https:\/\/api.w.org\/{rel}","templated":true}]}}