{"id":143871,"date":"2021-09-23T15:19:06","date_gmt":"2021-09-23T18:19:06","guid":{"rendered":"https:\/\/www.novaconcursos.com.br\/portal\/?p=143871"},"modified":"2025-12-15T12:54:06","modified_gmt":"2025-12-15T15:54:06","slug":"concurso-tj-rj-2021-provas","status":"publish","type":"post","link":"https:\/\/www.novaconcursos.com.br\/portal\/noticias\/concurso-tj-rj-2021-provas\/","title":{"rendered":"Concurso TJ RJ 2021: Provas ser\u00e3o aplicadas em novembro, diz presidente!"},"content":{"rendered":"<p>Novidades no<a href=\"https:\/\/www.novaconcursos.com.br\/portal\/concursos\/concurso-tj-rj\/\"> concurso TJ RJ<\/a>! Edital pode ser retomado em breve e as <strong>provas devem ser realizadas em novembro.<\/strong><\/p>\n\n\n\n<p>Lembrando que o edital do concurso poder\u00e1 ser republicado a qualquer momento com<strong>\u00a0132 vagas<\/strong>, n\u00e3o mais 160, e novo valor da taxa de inscri\u00e7\u00e3o. <\/p>\n\n\n\n<ul class=\"wp-block-list\"><li><strong>Adquira: <\/strong><a href=\"https:\/\/www.novaconcursos.com.br\/concurso\/tj-rj-tribunal-de-justica-do-rio-de-janeiro\/apostila\">Apostila Completa concurso TJ RJ<\/a><\/li>\n\n\n\n<li><strong>Adquira:<\/strong> <a href=\"https:\/\/www.novaconcursos.com.br\/concurso\/tj-rj-tribunal-de-justica-do-rio-de-janeiro\/curso-online\">Curso online completo TJ RJ<\/a><\/li>\n<\/ul><h2 class=\"wp-block-heading\" id=\"novidades-no-concurso-tj-rj\">Novidades no concurso TJ RJ<\/h2>\n\n\n\n<p>Na \u00faltima quarta-feira, 22, foi divulgado pela  Assessoria de Imprensa do tribunal, que o presidente  do Tribunal de Justi\u00e7a do<a href=\"https:\/\/www.novaconcursos.com.br\/portal\/concursos-abertos\/rj\/\"> Rio de Janeiro<\/a>, desembargador Henrique Figueira,\u00a0<strong>anunciou a retomada do concurso TJ RJ para T\u00e9cnicos e Analistas Judici\u00e1rios. <\/strong><\/p>\n\n\n\n<p>De acordo com ele, as provas est\u00e3o previstas para\u00a0<strong>novembro deste ano<\/strong> e as nomea\u00e7\u00f5es de aprovados est\u00e3o programadas para o primeiro semestre de 2022.\u00a0<\/p>\n\n\n\n<p>Lembrando que o concurso est\u00e1 suspenso desde mar\u00e7o do ano passado,\u00a0devido a pandemia do Coronav\u00edrus.\u00a0A elabora\u00e7\u00e3o do edital de retomada da sele\u00e7\u00e3o est\u00e1 em fase final.<\/p>\n\n\n\n<p>Agora, ao inv\u00e9s de 160 oportunidades, na retomada do concurso, ser\u00e3o disponibilizadas 132 oportunidades para preenchimento imediato,\u00a0<strong>al\u00e9m de forma\u00e7\u00e3o de cadastro de reserva.<\/strong><\/p>\n\n\n\n<p>Confira a seguir a nova distribui\u00e7\u00e3o das vagas:<\/p>\n\n\n\n<figure class=\"wp-block-image size-large\"><img decoding=\"async\" width=\"622\" height=\"561\" src=\"https:\/\/www.novaconcursos.com.br\/portal\/wp-content\/uploads\/2021\/09\/concurso-TJ-RJ-1.png\" alt=\"\" class=\"wp-image-143883\" loading=\"lazy\" title=\"\" srcset=\"https:\/\/www.novaconcursos.com.br\/portal\/wp-content\/uploads\/2021\/09\/concurso-TJ-RJ-1-300x271.png 300w, https:\/\/www.novaconcursos.com.br\/portal\/wp-content\/uploads\/2021\/09\/concurso-TJ-RJ-1.png 622w\" sizes=\"auto, (max-width: 480px) 100vw, (max-width: 768px) 100vw, (max-width: 1200px) 70vw, 768px\"><figcaption><\/figcaption><\/figure><p>O n\u00famero de vagas para T\u00e9cnico Judici\u00e1rio, de n\u00edvel m\u00e9dio, reduziu de 85 para 10. A maior parte da oferta ficou concentrada para o cargo de Analista.<\/p>\n\n\n\n<p>Al\u00e9m disso, o tribunal formar\u00e1 um cadastro de reserva, que poder\u00e1 ser usado durante o prazo de validade do concurso. O TJ do <a href=\"https:\/\/www.novaconcursos.com.br\/portal\/concursos-previstos\/rj\/\">Rio de Janeiro<\/a> tem o costume de chamar muitos aprovados como excedentes.\u00a0<\/p>\n\n\n\n<h2 class=\"wp-block-heading\" id=\"deficit-de-servidores-no-tj-rj\">Deficit de servidores no TJ RJ<\/h2>\n\n\n\n<p>At\u00e9 o final de 2020,<strong>\u00a0o Tribunal de Justi\u00e7a do Rio de Janeiro pode apresentar um deficit de 400 cargos, que geram potenciais reposi\u00e7\u00f5es por candidatos aprovados no\u00a0concurso\u00a0TJ RJ<\/strong>. Esse n\u00famero \u00e9 referente \u00e0 poss\u00edvel ades\u00e3o ao PIA (Programa de Incentivo \u00e0 Aposentadoria) mais as sa\u00eddas recorrentes a cada m\u00eas.<\/p>\n\n\n\n<p>Conforme informado, o deficit no Tribunal de Justi\u00e7a do Rio de Janeiro vem crescendo cada m\u00eas.\u00a0<strong>De acordo com uma proje\u00e7\u00e3o de vac\u00e2ncias, at\u00e9 o ano de 2022, o d\u00e9ficit no \u00f3rg\u00e3o pode ser de:<\/strong><\/p>\n\n\n\n<ul class=\"wp-block-list\"><li>At\u00e9 o final de 2020: 300 aposentadorias do PIA + 25 sa\u00eddas mensais = 425 vac\u00e2ncias;<\/li>\n\n\n\n<li>Ano 2021: 25 sa\u00eddas por m\u00eas x 12 meses = 300 vac\u00e2ncias;<\/li>\n\n\n\n<li>Ano 2022: 25 sa\u00eddas por m\u00eas x 12 meses = 300 vac\u00e2ncias;<\/li>\n\n\n\n<li>Total: 1.025 vac\u00e2ncias em 03 (tr\u00eas) anos.<\/li>\n<\/ul><p><\/p>\n\n\n\n<h2 class=\"wp-block-heading\" id=\"prova-ser-aplicada-em-novembro\">Prova ser\u00e1 aplicada em novembro<\/h2>\n\n\n\n<p>Os candidatos ser\u00e3o avaliados por meio de provas objetivas, com data prevista para o m\u00eas de novembro, com dura\u00e7\u00e3o de<strong> 4 horas.<\/strong><\/p>\n\n\n\n<p>Os\u00a0<strong>locais e hor\u00e1rios<\/strong>\u00a0das provas, ser\u00e3o informados no site da banca organizadora, Cebraspe.<\/p>\n\n\n\n<p>Haver\u00e1 ainda uma prova discursiva para os cargos de n\u00edvel superior.<\/p>\n\n\n\n<p>As cidades que receberam as provas s\u00e3o: Cabo Frio, Campos dos Goytacazes, Duque de Caxias, Itagua\u00ed, Itaperuna, Niter\u00f3i, Nova Friburgo, Petr\u00f3polis, Rio de Janeiro, Vassouras e Volta Redonda.<\/p>\n\n\n\n<p>O conte\u00fado program\u00e1tico abrange os seguintes conte\u00fados:<\/p>\n\n\n\n<p><strong>N\u00edvel M\u00e9dio<\/strong><\/p>\n\n\n\n<ul class=\"wp-block-list\"><li>L\u00edngua Portuguesa;<\/li>\n\n\n\n<li>Legisla\u00e7\u00e3o Especial;<\/li>\n\n\n\n<li>No\u00e7\u00f5es dos Direitos das Pessoas com Defici\u00eancia;<\/li>\n\n\n\n<li>No\u00e7\u00f5es de Direito Administrativo;<\/li>\n\n\n\n<li>No\u00e7\u00f5es de Direito Constitucional;<\/li>\n\n\n\n<li>No\u00e7\u00f5es de Direito Processual Civil: ;<\/li>\n\n\n\n<li>No\u00e7\u00f5es de Direito Processual Penal;<\/li>\n\n\n\n<li>Legisla\u00e7\u00e3o.<\/li>\n<\/ul><p><\/p>\n\n\n\n<p><strong>N\u00edvel Superior \u2013 Conhecimentos Comuns<\/strong><\/p>\n\n\n\n<ul class=\"wp-block-list\"><li>L\u00edngua Portuguesa;<\/li>\n\n\n\n<li>Legisla\u00e7\u00e3o Especial;<\/li>\n\n\n\n<li>No\u00e7\u00f5es dos Direitos das Pessoas com Defici\u00eancia;<\/li>\n\n\n\n<li>\u00c9tica no Servi\u00e7o P\u00fablico.<\/li>\n<\/ul>","protected":false},"excerpt":{"rendered":"<p>Novidades no concurso TJ RJ! Edital pode ser retomado em breve e as provas devem ser realizadas em novembro. Lembrando que o edital do concurso poder\u00e1 ser republicado a qualquer momento com\u00a0132 vagas, n\u00e3o mais 160, e novo valor da taxa de inscri\u00e7\u00e3o. Novidades no concurso TJ RJ Na \u00faltima quarta-feira, 22, foi divulgado pela [&hellip;]<\/p>\n","protected":false},"author":54662,"featured_media":126085,"comment_status":"closed","ping_status":"closed","sticky":false,"template":"","format":"standard","meta":{"_acf_changed":false,"footnotes":"","_wp_rev_ctl_limit":""},"categories":[228],"tags":[528,40125,40129,41547,34071],"class_list":["post-143871","post","type-post","status-publish","format-standard","has-post-thumbnail","hentry","category-noticias","tag-concurso-tj-rj","tag-edital-concurso-tj-rj","tag-provas-concurso-tj-rj","tag-remuneracao-concurso-tj-rj","tag-vagas-concurso-tj-rj"],"acf":[],"_links":{"self":[{"href":"https:\/\/www.novaconcursos.com.br\/portal\/wp-json\/wp\/v2\/posts\/143871","targetHints":{"allow":["GET"]}}],"collection":[{"href":"https:\/\/www.novaconcursos.com.br\/portal\/wp-json\/wp\/v2\/posts"}],"about":[{"href":"https:\/\/www.novaconcursos.com.br\/portal\/wp-json\/wp\/v2\/types\/post"}],"author":[{"embeddable":true,"href":"https:\/\/www.novaconcursos.com.br\/portal\/wp-json\/wp\/v2\/users\/54662"}],"replies":[{"embeddable":true,"href":"https:\/\/www.novaconcursos.com.br\/portal\/wp-json\/wp\/v2\/comments?post=143871"}],"version-history":[{"count":5,"href":"https:\/\/www.novaconcursos.com.br\/portal\/wp-json\/wp\/v2\/posts\/143871\/revisions"}],"predecessor-version":[{"id":300824,"href":"https:\/\/www.novaconcursos.com.br\/portal\/wp-json\/wp\/v2\/posts\/143871\/revisions\/300824"}],"wp:featuredmedia":[{"embeddable":true,"href":"https:\/\/www.novaconcursos.com.br\/portal\/wp-json\/wp\/v2\/media\/126085"}],"wp:attachment":[{"href":"https:\/\/www.novaconcursos.com.br\/portal\/wp-json\/wp\/v2\/media?parent=143871"}],"wp:term":[{"taxonomy":"category","embeddable":true,"href":"https:\/\/www.novaconcursos.com.br\/portal\/wp-json\/wp\/v2\/categories?post=143871"},{"taxonomy":"post_tag","embeddable":true,"href":"https:\/\/www.novaconcursos.com.br\/portal\/wp-json\/wp\/v2\/tags?post=143871"}],"curies":[{"name":"wp","href":"https:\/\/api.w.org\/{rel}","templated":true}]}}