{"id":144196,"date":"2021-09-28T16:50:02","date_gmt":"2021-09-28T19:50:02","guid":{"rendered":"https:\/\/www.novaconcursos.com.br\/portal\/?p=144196"},"modified":"2021-09-28T16:50:07","modified_gmt":"2021-09-28T19:50:07","slug":"concurso-pc-sp-pl-preve-reserva-vagas-mulheres","status":"publish","type":"post","link":"https:\/\/www.novaconcursos.com.br\/portal\/noticias\/concurso-pc-sp-pl-preve-reserva-vagas-mulheres\/","title":{"rendered":"Concurso PC SP: PL que prev\u00ea reserva de vagas \u00e0s mulheres, avan\u00e7a!"},"content":{"rendered":"<p>Um PL que garante <strong>30% de reserva das vagas<\/strong> do <a href=\"https:\/\/www.novaconcursos.com.br\/portal\/concursos\/concurso-policia-civil-sp\/\">concurso PC SP<\/a> para as candidatas <strong>mulheres <\/strong>est\u00e1 em pauta e avan\u00e7a na ALESP. Entenda!<\/p>\n\n\n\n<ul class=\"wp-block-list\"><li><strong>Confira<\/strong>: <a href=\"https:\/\/www.novaconcursos.com.br\/curso-online\/gratis-pc-sp-agente\" target=\"_blank\" rel=\"noreferrer noopener\" aria-label=\"Curso Online Gratuito PC SP (abre numa nova aba)\">Curso Online Gratuito PC SP<\/a><\/li><\/ul><p><\/p>\n\n\n\n<p>O deputado Bruno Ganem pautou na Assembleia Legislativa de <a href=\"https:\/\/www.novaconcursos.com.br\/portal\/concursos-abertos\/sp\/\">S\u00e3o Paulo<\/a> o Projeto de Lei que prev\u00ea que<strong> 30% do total de vagas <\/strong>ofertadas no edital dever\u00e3o ser <strong>reservadas para mulheres.<\/strong><\/p>\n\n\n\n<ul class=\"wp-block-list\"><li><strong>Adquira<\/strong>: <a href=\"https:\/\/www.novaconcursos.com.br\/concurso\/pc-sp-policia-civil-sao-paulo\/apostila\">Apostila Concurso PC SP<\/a><\/li><li><strong>Adquira<\/strong>: <a href=\"https:\/\/www.novaconcursos.com.br\/concurso\/pc-sp-policia-civil-sao-paulo\/curso-online\">Curso Online Concurso PC SP<\/a><\/li><\/ul><p><\/p>\n\n\n\n<p>No \u00faltimo dia 13, o <strong>Projeto foi entregue ao delator <\/strong>Carlos Cezar, da Comiss\u00e3o de Constitui\u00e7\u00e3o, Justi\u00e7a e Reda\u00e7\u00e3o, dando mais um passo para sua aprova\u00e7\u00e3o.<\/p>\n\n\n\n<p>Caso o delator e a comiss\u00e3o <strong>aprovem <\/strong>o PL, o texto tamb\u00e9m deve passar pelas comiss\u00f5es de Administra\u00e7\u00e3o P\u00fablica e Rela\u00e7\u00f5es do Trabalho e de Finan\u00e7as, Or\u00e7amento e Planejamento.<\/p>\n\n\n\n<p>Todas as comiss\u00f5es devem analisar e aprovar o texto antes de o PL ser votado, em definitivo,\u00a0pelo<strong> plen\u00e1rio da casa.<\/strong>\u00a0<\/p>\n\n\n\n<h2 class=\"wp-block-heading\" id=\"quais-so-os-pontos-principais-do-pl\">Quais s\u00e3o os pontos\nprincipais do PL?<\/h2>\n\n\n\n<p>De acordo com o projeto, caso aprovado, a lei complementar 207, de 1979, pode passar a ser <strong>composta com o seguinte texto:<\/strong><\/p>\n\n\n\n<ul class=\"wp-block-list\"><li>Artigo 1\u00ba \u2013 A Lei Complementar n\u00ba 207, de 05 de janeiro de 1979, passa a vigorar acrescida do seguinte artigo e par\u00e1grafo \u00fanico:<\/li><li>Artigo 23A \u2013 Os concursos p\u00fablicos reservar\u00e3o 30% (trinta por cento) das vagas para as candidatas do g\u00eanero feminino.<\/li><li>Par\u00e1grafo \u00fanico \u2013 Caso n\u00e3o haja o preenchimento das vagas, as remanescentes poder\u00e3o ser preenchidas por candidatos do g\u00eanero masculino.<\/li><li>Artigo 2\u00ba \u2013 Esta lei entra em vigor na data de sua publica\u00e7\u00e3o.<\/li><\/ul><p><\/p>\n\n\n\n<h2 class=\"wp-block-heading\" id=\"concurso-pc-sp-ser-regionalizado\">Concurso\nPC SP ser\u00e1 regionalizado!<\/h2>\n\n\n\n<p>J\u00falio Guebert afirmou que o concurso PC SP ser\u00e1 regionalizado e que os contratados<strong> poder\u00e3o escolher<\/strong> onde v\u00e3o atuar. Confira a fala do diretor da Acadepol:<\/p>\n\n\n\n<p>\u201c<em>Ao final do curso de forma\u00e7\u00e3o, a delegacia geral fornecer\u00e1 as vagas existentes e os concluintes escolher\u00e3o os locais mediante a classifica\u00e7\u00e3o no curso<\/em>.\u201d<\/p>\n\n\n\n<p>O diretor mencionou, ainda, que as <strong>provas <\/strong>para cada um dos cargos que estar\u00e3o presentes no edital acontecer\u00e3o em dias diferentes, exceto para os cargos de Escriv\u00e3o e Inspetor, que realizar\u00e3o as avalia\u00e7\u00f5es ao mesmo tempo, provavelmente. <\/p>\n\n\n\n<h2 class=\"wp-block-heading\" id=\"editais-do-concurso-pc-sp-podem-ser-publicados-ainda-em-2021\">Editais\ndo concurso PC SP podem ser publicados ainda em 2021<\/h2>\n\n\n\n<p>Existe um Decreto em vig\u00eancia, de n\u00famero 65.453, que pro\u00edbe <strong>abertura de novos concursos<\/strong> at\u00e9 dezembro deste ano. No entanto, alguns \u00f3rg\u00e3os priorit\u00e1rios conseguiram o aval para a publica\u00e7\u00e3o de editais, como foi o caso da Pol\u00edcia Militar de <a href=\"https:\/\/www.novaconcursos.com.br\/portal\/concursos-previstos\/sp\/\">S\u00e3o Paulo.<\/a><\/p>\n\n\n\n<p>Portanto, apesar da PC SP ter os editais prontos, ela <strong>depende da autoriza\u00e7\u00e3o<\/strong> do governador do Estado, Jo\u00e3o D\u00f3ria, para lan\u00e7ar os documentos.<\/p>\n\n\n\n<p>\u201c<em>N\u00f3s estamos com tudo pronto. Acreditamos que os editais saiam em 2021. Assim que o governador liberar a autoriza\u00e7\u00e3o, poderemos publicar um edital por carreira. Os interessados j\u00e1 podem ir se preparando porque teremos not\u00edcias em breve<\/em>\u201d, pronunciou o diretor da Academia de Pol\u00edcia.<\/p>\n\n\n\n<p>As<strong> 2.939 vagas previstas<\/strong> para o pr\u00f3ximo concurso ser\u00e3o distribu\u00eddas nas carreiras:<\/p>\n\n\n\n<ul class=\"wp-block-list\"><li>Delegado (250 vagas);<\/li><li>Escriv\u00e3o (1.600 vagas);<\/li><li>Investigador (900 vagas);<\/li><li>M\u00e9dico Legista (189 vagas).<\/li><\/ul><p><\/p>\n\n\n\n<p>Os sal\u00e1rios poder\u00e3o chegar a<strong> R$ 10 mil por m\u00eas<\/strong>.<\/p>","protected":false},"excerpt":{"rendered":"<p>Um PL que garante 30% de reserva das vagas do concurso PC SP para as candidatas mulheres est\u00e1 em pauta e avan\u00e7a na ALESP. Entenda! Confira: Curso Online Gratuito PC SP O deputado Bruno Ganem pautou na Assembleia Legislativa de S\u00e3o Paulo o Projeto de Lei que prev\u00ea que 30% do total de vagas ofertadas [&hellip;]<\/p>\n","protected":false},"author":54673,"featured_media":125251,"comment_status":"closed","ping_status":"closed","sticky":false,"template":"","format":"standard","meta":{"_acf_changed":false,"footnotes":"","_wp_rev_ctl_limit":""},"categories":[228],"tags":[3524,15967,23706,40742,38151,26260,17837,41616,3527,24556,41614,2294,4394,3528,41615],"class_list":["post-144196","post","type-post","status-publish","format-standard","has-post-thumbnail","hentry","category-noticias","tag-concurso-pc-sp","tag-concursos-pc","tag-concursos-sp","tag-editais-pc","tag-editais-sp","tag-edital-concurso-pc-sp","tag-edital-pc-sp","tag-mulheres-no-concurso-pc-sp","tag-pc-sp","tag-pcsp","tag-pl-31-2021","tag-policia-civil","tag-policia-civil-de-sao-paulo","tag-policia-civil-sp","tag-reserva-de-vagas"],"acf":[],"_links":{"self":[{"href":"https:\/\/www.novaconcursos.com.br\/portal\/wp-json\/wp\/v2\/posts\/144196","targetHints":{"allow":["GET"]}}],"collection":[{"href":"https:\/\/www.novaconcursos.com.br\/portal\/wp-json\/wp\/v2\/posts"}],"about":[{"href":"https:\/\/www.novaconcursos.com.br\/portal\/wp-json\/wp\/v2\/types\/post"}],"author":[{"embeddable":true,"href":"https:\/\/www.novaconcursos.com.br\/portal\/wp-json\/wp\/v2\/users\/54673"}],"replies":[{"embeddable":true,"href":"https:\/\/www.novaconcursos.com.br\/portal\/wp-json\/wp\/v2\/comments?post=144196"}],"version-history":[{"count":6,"href":"https:\/\/www.novaconcursos.com.br\/portal\/wp-json\/wp\/v2\/posts\/144196\/revisions"}],"predecessor-version":[{"id":144269,"href":"https:\/\/www.novaconcursos.com.br\/portal\/wp-json\/wp\/v2\/posts\/144196\/revisions\/144269"}],"wp:featuredmedia":[{"embeddable":true,"href":"https:\/\/www.novaconcursos.com.br\/portal\/wp-json\/wp\/v2\/media\/125251"}],"wp:attachment":[{"href":"https:\/\/www.novaconcursos.com.br\/portal\/wp-json\/wp\/v2\/media?parent=144196"}],"wp:term":[{"taxonomy":"category","embeddable":true,"href":"https:\/\/www.novaconcursos.com.br\/portal\/wp-json\/wp\/v2\/categories?post=144196"},{"taxonomy":"post_tag","embeddable":true,"href":"https:\/\/www.novaconcursos.com.br\/portal\/wp-json\/wp\/v2\/tags?post=144196"}],"curies":[{"name":"wp","href":"https:\/\/api.w.org\/{rel}","templated":true}]}}