{"id":144226,"date":"2021-09-29T08:46:52","date_gmt":"2021-09-29T11:46:52","guid":{"rendered":"https:\/\/www.novaconcursos.com.br\/portal\/?p=144226"},"modified":"2021-09-29T08:46:56","modified_gmt":"2021-09-29T11:46:56","slug":"concurso-semad-pa-saiu-edital-451-vagas-todos-niveis","status":"publish","type":"post","link":"https:\/\/www.novaconcursos.com.br\/portal\/noticias\/concurso-semad-pa-saiu-edital-451-vagas-todos-niveis\/","title":{"rendered":"Concurso Semad PA: Saiu o edital com 451 vagas para todos os n\u00edveis!"},"content":{"rendered":"<p>O <a href=\"https:\/\/www.novaconcursos.com.br\/portal\/concursos\/concurso-semad-pa\/\">concurso Semad PA<\/a> foi <strong>reaberto com a oferta de 451 vagas <\/strong>para todos os n\u00edveis de escolaridade. Saiba mais sobre o certame!<\/p>\n\n\n\n<ul class=\"wp-block-list\"><li><strong>Confira<\/strong>: <a href=\"https:\/\/www.novaconcursos.com.br\/eventos\/guia-definitivo-plano-de-estudos-passo-a-passo\/\" target=\"_blank\" rel=\"noreferrer noopener\" aria-label=\"Guia Definitivo - Plano de Estudos Passo a Passo (GR\u00c1TIS) (abre numa nova aba)\">Guia Definitivo \u2013 Plano de Estudos Passo a Passo (GR\u00c1TIS)<\/a><\/li><\/ul><p><\/p>\n\n\n\n<p>A Secretaria de Estado de Administra\u00e7\u00e3o do <a href=\"https:\/\/www.novaconcursos.com.br\/portal\/concursos-abertos\/pa\/\">Par\u00e1 <\/a>juntamente \u00e0 banca organizadora AOCP tornaram p\u00fablica a <strong>reabertura <\/strong>do concurso Semad PA, que foi iniciado em fevereiro de 2020.<\/p>\n\n\n\n<ul class=\"wp-block-list\"><li><strong>Adquira<\/strong>: <a href=\"https:\/\/www.novaconcursos.com.br\/concurso\/semad-pa-secretaria-municipal-de-administracao-do-municipio-de-belem\/apostila\">Apostila Concurso Semad PA<\/a><\/li><\/ul><p><\/p>\n\n\n\n<h2 class=\"wp-block-heading\" id=\"como-fazer-a-inscrio-no-concurso-semad-pa\">Como fazer a inscri\u00e7\u00e3o no concurso Semad PA?<\/h2>\n\n\n\n<p>As inscri\u00e7\u00f5es do concurso Semad PA estar\u00e3o abertas at\u00e9 o <strong>dia 8 de novembro <\/strong>deste ano e podem ser feitas pelo site da banca organizadora, o <a href=\"http:\/\/www.aocp.com.br\/concurso.jsp?id=353\" target=\"_blank\" rel=\"noreferrer noopener\" aria-label=\"AOCP Concursos P\u00fablicos (abre numa nova aba)\">AOCP Concursos P\u00fablicos<\/a>.<\/p>\n\n\n\n<p>Aos <strong>candidatos que j\u00e1 haviam realizado as inscri\u00e7\u00f5es<\/strong> anteriormente, fiquem tranquilos! Todas as participa\u00e7\u00f5es no certame est\u00e3o garantidas.<\/p>\n\n\n\n<p>Al\u00e9m disso, o per\u00edodo para requisitar a <strong>isen\u00e7\u00e3o de taxa<\/strong> tamb\u00e9m est\u00e1 correndo e ser\u00e1 v\u00e1lido tanto para os candidatos que se inscreveram em 2020, quanto para os candidatos que se inscrever\u00e3o agora.<\/p>\n\n\n\n<p>As <strong>taxas<\/strong>, para quem n\u00e3o requisitar ou n\u00e3o conseguir a isen\u00e7\u00e3o, v\u00e3o variar de <strong>R$ 40 a R$ 80.<\/strong><\/p>\n\n\n\n<h2 class=\"wp-block-heading\" id=\"quem-pode-fazer-o-concurso-semad-pa\">Quem\npode fazer o concurso Semad PA?<\/h2>\n\n\n\n<p>Saiba quais ser\u00e3o os <strong>cargos <\/strong>ofertados no edital e suas respectivas exig\u00eancias.<\/p>\n\n\n\n<p><strong>Auxiliar de Administra\u00e7\u00e3o<\/strong>: \u00e9 necess\u00e1rio ter no\u00e7\u00f5es de inform\u00e1tica, documentos de identifica\u00e7\u00e3o expedidos por \u00f3rg\u00e3os p\u00fablicos, al\u00e9m de certificado de conclus\u00e3o do <strong>Ensino Fundamental<\/strong>.<\/p>\n\n\n\n<p><strong>Assistente de Administra\u00e7\u00e3o<\/strong>: \u00e9 preciso ter conhecimento b\u00e1sico de inform\u00e1tica, sistemas operacionais, softwares e aplicativos, documentos de identifica\u00e7\u00e3o expedidos por \u00f3rg\u00e3os p\u00fablicos e certificado de conclus\u00e3o do <strong>Ensino M\u00e9dio<\/strong>.<\/p>\n\n\n\n<p><strong>Administrador<\/strong>: o candidato deve apresentar certificado de curso de <strong>Bacharel em Administra\u00e7\u00e3o<\/strong>, expedido por institui\u00e7\u00e3o de ensino superior, registro e inscri\u00e7\u00e3o em \u00f3rg\u00e3o de classe e documentos de identifica\u00e7\u00e3o expedidos por \u00f3rg\u00e3os p\u00fablicos.<\/p>\n\n\n\n<p><strong>Arquiteto<\/strong>: Curso de <strong>gradua\u00e7\u00e3o em<\/strong> <strong>Arquitetura e Urbanismo<\/strong>, comprovado atrav\u00e9s de diploma de conclus\u00e3o, registro e inscri\u00e7\u00e3o em \u00f3rg\u00e3o de classe e documentos de identifica\u00e7\u00e3o expedidos por \u00f3rg\u00e3os p\u00fablicos.<\/p>\n\n\n\n<p><strong>Assistente Social<\/strong>: Curso de <strong>gradua\u00e7\u00e3o em Servi\u00e7o Social<\/strong>, comprovado atrav\u00e9s de diploma de conclus\u00e3o, registro e inscri\u00e7\u00e3o em \u00f3rg\u00e3o de classe e documentos de identifica\u00e7\u00e3o expedidos por \u00f3rg\u00e3os p\u00fablicos.<\/p>\n\n\n\n<p><strong>Contador<\/strong>: Curso de<strong> Bacharel em Ci\u00eancias Cont\u00e1beis<\/strong>, comprovado atrav\u00e9s de diploma de conclus\u00e3o; registro e inscri\u00e7\u00e3o em \u00f3rg\u00e3o de classe e documentos de identifica\u00e7\u00e3o expedidos por \u00f3rg\u00e3os p\u00fablicos.<\/p>\n\n\n\n<p><strong>Engenheiro Civil<\/strong>: Curso de <strong>gradua\u00e7\u00e3o em Engenharia Civil<\/strong>, comprovado atrav\u00e9s de diploma de conclus\u00e3o, registro e inscri\u00e7\u00e3o em \u00f3rg\u00e3o de classe e documentos de identifica\u00e7\u00e3o expedidos por \u00f3rg\u00e3os p\u00fablicos.<\/p>\n\n\n\n<p><strong>Estat\u00edstico<\/strong>: Curso Superior de <strong>Bacharel em Estat\u00edstica<\/strong>, comprovado atrav\u00e9s de diploma ou certificado de conclus\u00e3o, registro e inscri\u00e7\u00e3o em \u00f3rg\u00e3o de classe e documentos de identifica\u00e7\u00e3o expedidos por \u00f3rg\u00e3os p\u00fablicos.<\/p>\n\n\n\n<p><strong>Jornalista<\/strong>: Curso de <strong>gradua\u00e7\u00e3o em Comunica\u00e7\u00e3o Social <\/strong>com habilita\u00e7\u00e3o em Jornalismo, comprovado atrav\u00e9s de diploma de conclus\u00e3o, registro profissional de jornalista no Minist\u00e9rio do Trabalho e documentos de identifica\u00e7\u00e3o expedidos por \u00f3rg\u00e3os p\u00fablicos.<\/p>\n\n\n\n<p><strong>M\u00e9dico Veterin\u00e1rio<\/strong>: Curso de <strong>Medicina Veterin\u00e1ria<\/strong>, comprovado atrav\u00e9s de diploma de conclus\u00e3o, expedido por institui\u00e7\u00e3o de ensino superior, registro e inscri\u00e7\u00e3o em \u00f3rg\u00e3o de classe e documentos de identifica\u00e7\u00e3o expedidos por \u00f3rg\u00e3os p\u00fablicos.<\/p>\n\n\n\n<h2 class=\"wp-block-heading\" id=\"salrios-do-concurso-semad\">Sal\u00e1rios\ndo concurso Semad<\/h2>\n\n\n\n<p>Confira quais s\u00e3o as<strong> cargas hor\u00e1rias e a remunera\u00e7\u00e3o <\/strong>de cada um dos cargos presentes no edital:<\/p>\n\n\n\n<figure class=\"wp-block-image size-large\"><img decoding=\"async\" width=\"770\" height=\"338\" src=\"https:\/\/www.novaconcursos.com.br\/portal\/wp-content\/uploads\/2021\/09\/tabela-de-remunera%C3%A7%C3%A3o.png\" alt=\"\" class=\"wp-image-144233\" loading=\"lazy\" title=\"\" srcset=\"https:\/\/www.novaconcursos.com.br\/portal\/wp-content\/uploads\/2021\/09\/tabela-de-remunera\u00e7\u00e3o-300x132.png 300w, https:\/\/www.novaconcursos.com.br\/portal\/wp-content\/uploads\/2021\/09\/tabela-de-remunera\u00e7\u00e3o.png 770w\" sizes=\"auto, (max-width: 480px) 100vw, (max-width: 768px) 100vw, (max-width: 1200px) 70vw, 768px\"><figcaption><\/figcaption><\/figure><h2 class=\"wp-block-heading\" id=\"como-sero-as-provas-do-concurso-semad-par\">Como ser\u00e3o as provas do concurso Semad Par\u00e1?<\/h2>\n\n\n\n<p>As provas do concurso Semad do <a href=\"https:\/\/www.novaconcursos.com.br\/portal\/concursos-previstos\/pa\/\">Par\u00e1 <\/a>acontecer\u00e3o em <strong>janeiro <\/strong>de 2022, no <strong>dia 23<\/strong>, mais especificamente.<\/p>\n\n\n\n<p>Os candidatos ter\u00e3o acesso ao<strong> local de aplica\u00e7\u00e3o<\/strong> de prova no dia 12 de janeiro.<\/p>\n\n\n\n<p>Confira como ser\u00e3o as provas por n\u00edvel de escolaridade:<\/p>\n\n\n\n<figure class=\"wp-block-image size-large\"><img decoding=\"async\" width=\"772\" height=\"219\" src=\"https:\/\/www.novaconcursos.com.br\/portal\/wp-content\/uploads\/2021\/09\/prova-1.png\" alt=\"\" class=\"wp-image-144234\" loading=\"lazy\" title=\"\" srcset=\"https:\/\/www.novaconcursos.com.br\/portal\/wp-content\/uploads\/2021\/09\/prova-1-300x85.png 300w, https:\/\/www.novaconcursos.com.br\/portal\/wp-content\/uploads\/2021\/09\/prova-1.png 772w\" sizes=\"auto, (max-width: 480px) 100vw, (max-width: 768px) 100vw, (max-width: 1200px) 70vw, 768px\"><figcaption><\/figcaption><\/figure><figure class=\"wp-block-image size-large\"><img decoding=\"async\" width=\"776\" height=\"299\" src=\"https:\/\/www.novaconcursos.com.br\/portal\/wp-content\/uploads\/2021\/09\/prova-2.png\" alt=\"\" class=\"wp-image-144235\" loading=\"lazy\" title=\"\" srcset=\"https:\/\/www.novaconcursos.com.br\/portal\/wp-content\/uploads\/2021\/09\/prova-2-300x116.png 300w, https:\/\/www.novaconcursos.com.br\/portal\/wp-content\/uploads\/2021\/09\/prova-2.png 776w\" sizes=\"auto, (max-width: 480px) 100vw, (max-width: 768px) 100vw, (max-width: 1200px) 70vw, 768px\"><figcaption><\/figcaption><\/figure>","protected":false},"excerpt":{"rendered":"<p>O concurso Semad PA foi reaberto com a oferta de 451 vagas para todos os n\u00edveis de escolaridade. Saiba mais sobre o certame! Confira: Guia Definitivo \u2013 Plano de Estudos Passo a Passo (GR\u00c1TIS) A Secretaria de Estado de Administra\u00e7\u00e3o do Par\u00e1 juntamente \u00e0 banca organizadora AOCP tornaram p\u00fablica a reabertura do concurso Semad PA, [&hellip;]<\/p>\n","protected":false},"author":54673,"featured_media":144286,"comment_status":"closed","ping_status":"closed","sticky":false,"template":"","format":"standard","meta":{"_acf_changed":false,"footnotes":"","_wp_rev_ctl_limit":""},"categories":[228],"tags":[41639,37209,38802,41641,41640,41637,41638,41635,41636],"class_list":["post-144226","post","type-post","status-publish","format-standard","has-post-thumbnail","hentry","category-noticias","tag-concurso-semad-pa","tag-concursos-pa","tag-editais-pa","tag-edital-concurso-semad-pa","tag-edital-semad-pa","tag-secretaria-de-administracao","tag-secretaria-de-administracao-do-para","tag-semad","tag-semad-pa"],"acf":[],"_links":{"self":[{"href":"https:\/\/www.novaconcursos.com.br\/portal\/wp-json\/wp\/v2\/posts\/144226","targetHints":{"allow":["GET"]}}],"collection":[{"href":"https:\/\/www.novaconcursos.com.br\/portal\/wp-json\/wp\/v2\/posts"}],"about":[{"href":"https:\/\/www.novaconcursos.com.br\/portal\/wp-json\/wp\/v2\/types\/post"}],"author":[{"embeddable":true,"href":"https:\/\/www.novaconcursos.com.br\/portal\/wp-json\/wp\/v2\/users\/54673"}],"replies":[{"embeddable":true,"href":"https:\/\/www.novaconcursos.com.br\/portal\/wp-json\/wp\/v2\/comments?post=144226"}],"version-history":[{"count":8,"href":"https:\/\/www.novaconcursos.com.br\/portal\/wp-json\/wp\/v2\/posts\/144226\/revisions"}],"predecessor-version":[{"id":144288,"href":"https:\/\/www.novaconcursos.com.br\/portal\/wp-json\/wp\/v2\/posts\/144226\/revisions\/144288"}],"wp:featuredmedia":[{"embeddable":true,"href":"https:\/\/www.novaconcursos.com.br\/portal\/wp-json\/wp\/v2\/media\/144286"}],"wp:attachment":[{"href":"https:\/\/www.novaconcursos.com.br\/portal\/wp-json\/wp\/v2\/media?parent=144226"}],"wp:term":[{"taxonomy":"category","embeddable":true,"href":"https:\/\/www.novaconcursos.com.br\/portal\/wp-json\/wp\/v2\/categories?post=144226"},{"taxonomy":"post_tag","embeddable":true,"href":"https:\/\/www.novaconcursos.com.br\/portal\/wp-json\/wp\/v2\/tags?post=144226"}],"curies":[{"name":"wp","href":"https:\/\/api.w.org\/{rel}","templated":true}]}}