{"id":144255,"date":"2021-09-28T16:25:35","date_gmt":"2021-09-28T19:25:35","guid":{"rendered":"https:\/\/www.novaconcursos.com.br\/portal\/?p=144255"},"modified":"2021-09-28T16:28:27","modified_gmt":"2021-09-28T19:28:27","slug":"concurso-semec-pa-vagas-abertas","status":"publish","type":"post","link":"https:\/\/www.novaconcursos.com.br\/portal\/noticias\/concurso-semec-pa-vagas-abertas\/","title":{"rendered":"Concurso Semec PA: 379 vagas abertas para todos os n\u00edveis escolares!"},"content":{"rendered":"<p>O <a href=\"https:\/\/www.novaconcursos.com.br\/portal\/concursos\/concurso-semec-pa\/\">concurso Semec PA<\/a> (Secretaria Municipal de Educa\u00e7\u00e3o do Par\u00e1) foi retomado e as <strong>inscri\u00e7\u00f5es reabertas<\/strong> at\u00e9 outubro. S\u00e3o <strong>379 vagas <\/strong>para v\u00e1rios cargos e especialidades. <\/p>\n\n\n\n<ul class=\"wp-block-list\"><li><strong>Confira:<\/strong> <a href=\"https:\/\/www.novaconcursos.com.br\/eventos\/guia-definitivo-como-fazer-uma-boa-revisao\/\" target=\"_blank\" rel=\"noreferrer noopener\" aria-label=\"Guia como fazer uma boa revis\u00e3o! (Gr\u00e1tis) (abre numa nova aba)\">Guia como fazer uma boa revis\u00e3o! (Gr\u00e1tis)<\/a><\/li><\/ul><p><\/p>\n\n\n\n<h2 class=\"wp-block-heading\" id=\"como-fazer-a-inscrio-no-concurso-semec-pa-\">Como fazer a inscri\u00e7\u00e3o no concurso Semec PA? <\/h2>\n\n\n\n<p>As inscri\u00e7\u00f5es foram reabertas, mas calma,<strong> quem j\u00e1 tinha efetuado<\/strong> cadastro atualmente, continuar\u00e1 valendo! O edital foi retomado ap\u00f3s suspens\u00e3o em 2020!<\/p>\n\n\n\n<ul class=\"wp-block-list\"><li><strong>Adquira:<\/strong> <a rel=\"noreferrer noopener\" aria-label=\"Apostila completa concurso Semec PA (abre numa nova aba)\" href=\"https:\/\/www.novaconcursos.com.br\/concurso\/semec-pa-secretaria-municipal-de-educacao-do-para\/apostila\" target=\"_blank\">Apostila completa concurso Semec PA<\/a><\/li><\/ul><p><\/p>\n\n\n\n<p>Agora, os concurseiros <strong>poder\u00e3o se inscrever<\/strong> at\u00e9 o dia 15 de outubro deste ano no concurso da Secretaria de Educa\u00e7\u00e3o do <a href=\"https:\/\/www.novaconcursos.com.br\/portal\/concursos-previstos\/pa\/\">Estado do Par\u00e1.<\/a><\/p>\n\n\n\n<p>Vale destacar que tamb\u00e9m est\u00e1 aberta a possibilidade de solicita\u00e7\u00e3o de <strong>isen\u00e7\u00e3o das taxas<\/strong>, que t\u00eam valor de <strong>R$ 80. <\/strong><a href=\"http:\/\/www.aocp.com.br\/\" target=\"_blank\" rel=\"noreferrer noopener\" aria-label=\" (abre numa nova aba)\">Clique e n\u00e3o perca o prazo<\/a>.<\/p>\n\n\n\n<h2 class=\"wp-block-heading\" id=\"quem-pode-fazer-o-concurso-semec-pa\">Quem pode fazer o concurso Semec PA?<\/h2>\n\n\n\n<p>O concurso Semec PA est\u00e1 ofertando um total de <strong>379 vagas <\/strong>em diversos cargos e especialidades. Confira as carreiras:<\/p>\n\n\n\n<ul class=\"wp-block-list\"><li>Professor Licenciado Pleno (MAG 04)<\/li><li>Pedagogia, Magist\u00e9rio para educa\u00e7\u00e3o Infantil e s\u00e9ries iniciais do ensino Fundamental, \u00e1rea de atua\u00e7\u00e3o: Educa\u00e7\u00e3o infantil.<\/li><li>Professor Licenciado Pleno (MAG 04)<\/li><li>Pedagogia, Magist\u00e9rio para educa\u00e7\u00e3o Infantil e s\u00e9ries iniciais do ensino Fundamental e\/ou Educa\u00e7\u00e3o para Jovens e adultos<\/li><li>Professor Licenciado Pleno (MAG 04) \u2013 L\u00edngua Portuguesa<\/li><li>Professor Licenciado Pleno (MAG 04) \u2013 Matem\u00e1tica<\/li><li>Professor Licenciado Pleno (MAG 04) \u2013 Hist\u00f3ria<\/li><li>Professor Licenciado Pleno (MAG 04) \u2013 Geografia<\/li><li>Professor Licenciado Pleno (MAG 04) \u2013 Ingl\u00eas<\/li><li>Professor Licenciado Pleno (MAG 04) \u2013 Artes visuais, M\u00fasica, Dan\u00e7a, Teatro ou Educa\u00e7\u00e3o<\/li><li>Professor Licenciado Pleno (MAG 04) \u2013 Ci\u00eancias<\/li><li>Professor Licenciado Pleno (MAG 04) \u2013 Educa\u00e7\u00e3o F\u00edsica<\/li><li>T\u00e9cnico Pedag\u00f3gico (MAG 08).\u00a0<\/li><\/ul><p><\/p>\n\n\n\n<p>Entretanto, os concurseiros devem ficar atentos aos<strong> requisitos b\u00e1sicos <\/strong>para a sele\u00e7\u00e3o, que s\u00e3o:<\/p>\n\n\n\n<ul class=\"wp-block-list\"><li>ser brasileiro nato\/naturalizado ou possuir os direitos inerentes a tal nas condi\u00e7\u00f5es previstas no art. 12, \u00a71\u00ba da Constitui\u00e7\u00e3o Federal;<\/li><li>possuir os pr\u00e9-requisitos exigidos para o exerc\u00edcio do cargo na data da posse;<\/li><li>estar em dia com as obriga\u00e7\u00f5es militares (se do sexo masculino) e eleitorais, comprovadas \u00e0 \u00e9poca da nomea\u00e7\u00e3o;<\/li><li>estar em gozo dos direitos pol\u00edticos;<\/li><li>ter, no m\u00ednimo, 18 (dezoito) anos completos na data da posse;<\/li><li>ter aptid\u00e3o f\u00edsica e mental para o exerc\u00edcio das atribui\u00e7\u00f5es do cargo a ser avaliada por uma junta multidisciplinar<\/li><li>espec\u00edfica criada pela Prefeitura Municipal de Bel\u00e9m \u2013 PMB durante o processo de investidura do cargo;<\/li><li>nos \u00faltimos 05 (cinco) anos, na forma da legisla\u00e7\u00e3o vigente:<ul><li>g.1) n\u00e3o haver sofrido san\u00e7\u00e3o impeditiva do exerc\u00edcio de cargo\/emprego ou fun\u00e7\u00e3o p\u00fablica;<\/li><li>g.2) n\u00e3o ter sido condenado em processo criminal, por senten\u00e7a transitada em julgado, pela pr\u00e1tica de crimes contra a Administra\u00e7\u00e3o P\u00fablica capitulados no T\u00edtulo XI da Parte Especial no C\u00f3digo Penal Brasileiro, na Lei n.\u00ba 7.492, de 16 de junho de 1985 e na Lei n\u00ba 8.429, de 2 de junho de 1992<\/li><\/ul><\/li><li>3.2 A n\u00e3o comprova\u00e7\u00e3o de qualquer dos requisitos especificados no subitem 3.1 impedir\u00e1 a posse do candidato.<\/li><\/ul><p><\/p>\n\n\n\n<h2 class=\"wp-block-heading\" id=\"salrios-do-concurso-semec-pa\">Sal\u00e1rios do concurso Semec PA<\/h2>\n\n\n\n<p>Entre os sal\u00e1rios, o <strong>T\u00e9cnico Pedag\u00f3gico<\/strong> ganha <strong>R$ 3.514,16<\/strong>, enquanto as outras carreiras contempladas possuem o mesmo ganho: <strong>R$ 2.723,48.<\/strong><\/p>\n\n\n\n<h2 class=\"wp-block-heading\" id=\"como-sero-as-provas-do-concurso-semec-par\">Como ser\u00e3o as provas do concurso Semec Par\u00e1?<\/h2>\n\n\n\n<p>As <strong>provas objetivas <\/strong>foram remarcadas para o dia<strong> 5 de dezembro<\/strong>. E, no dia 24 de novembro, os candidatos ter\u00e3o acesso aos locais de aplica\u00e7\u00e3o.<\/p>\n\n\n\n<p>O <a href=\"https:\/\/www.novaconcursos.com.br\/portal\/concursos-abertos\/pa\/\">concurso <\/a>ser\u00e1 realizado em<strong> tr\u00eas etapas<\/strong>: provas objetivas, prova discursiva e provas de t\u00edtulos. <\/p>\n\n\n\n<p>A prova objetiva ser\u00e1 composta das seguintes <strong>mat\u00e9rias<\/strong>: portugu\u00eas, legisla\u00e7\u00e3o, inform\u00e1tica e conhecimentos espec\u00edficos. <\/p>\n\n\n\n<p><em>\u201cComunicamos que a legisla\u00e7\u00e3o a ser aplicada na Prova Objetiva e Discursiva do Concurso P\u00fablico PMB\/SEMEC, \u00e9 a vigente no momento da publica\u00e7\u00e3o do Edital de Abertura, divulgado na data de 19 de fevereiro de 2020, no endere\u00e7o eletr\u00f4nico da AOCP Concursos P\u00fablicos www.aocp.com.br\u201d,<\/em> afirmou a secretaria.<\/p>","protected":false},"excerpt":{"rendered":"<p>O concurso Semec PA (Secretaria Municipal de Educa\u00e7\u00e3o do Par\u00e1) foi retomado e as inscri\u00e7\u00f5es reabertas at\u00e9 outubro. S\u00e3o 379 vagas para v\u00e1rios cargos e especialidades. Confira: Guia como fazer uma boa revis\u00e3o! (Gr\u00e1tis) Como fazer a inscri\u00e7\u00e3o no concurso Semec PA? As inscri\u00e7\u00f5es foram reabertas, mas calma, quem j\u00e1 tinha efetuado cadastro atualmente, continuar\u00e1 [&hellip;]<\/p>\n","protected":false},"author":54671,"featured_media":144256,"comment_status":"closed","ping_status":"closed","sticky":false,"template":"","format":"standard","meta":{"_acf_changed":false,"footnotes":"","_wp_rev_ctl_limit":""},"categories":[228],"tags":[29874,29867,29868,29870,29866,41646,29872,29871,29869,41647,29873],"class_list":["post-144255","post","type-post","status-publish","format-standard","has-post-thumbnail","hentry","category-noticias","tag-belem-pa","tag-certame-prefeitura-de-belem-pa","tag-concurso-belem-pa","tag-concurso-no-estado-do-para","tag-concurso-prefeitura-de-belem-pa","tag-concurso-semec-pa","tag-edital-do-concurso-da-prefeitura-de-belem-pa","tag-inscricoes-do-concurso-da-prefeitura-de-belem-pa","tag-prefeitura-de-belem-pa","tag-semec-pa","tag-vagas-do-concurso-da-prefeitura-de-belem-pa"],"acf":[],"_links":{"self":[{"href":"https:\/\/www.novaconcursos.com.br\/portal\/wp-json\/wp\/v2\/posts\/144255","targetHints":{"allow":["GET"]}}],"collection":[{"href":"https:\/\/www.novaconcursos.com.br\/portal\/wp-json\/wp\/v2\/posts"}],"about":[{"href":"https:\/\/www.novaconcursos.com.br\/portal\/wp-json\/wp\/v2\/types\/post"}],"author":[{"embeddable":true,"href":"https:\/\/www.novaconcursos.com.br\/portal\/wp-json\/wp\/v2\/users\/54671"}],"replies":[{"embeddable":true,"href":"https:\/\/www.novaconcursos.com.br\/portal\/wp-json\/wp\/v2\/comments?post=144255"}],"version-history":[{"count":7,"href":"https:\/\/www.novaconcursos.com.br\/portal\/wp-json\/wp\/v2\/posts\/144255\/revisions"}],"predecessor-version":[{"id":144262,"href":"https:\/\/www.novaconcursos.com.br\/portal\/wp-json\/wp\/v2\/posts\/144255\/revisions\/144262"}],"wp:featuredmedia":[{"embeddable":true,"href":"https:\/\/www.novaconcursos.com.br\/portal\/wp-json\/wp\/v2\/media\/144256"}],"wp:attachment":[{"href":"https:\/\/www.novaconcursos.com.br\/portal\/wp-json\/wp\/v2\/media?parent=144255"}],"wp:term":[{"taxonomy":"category","embeddable":true,"href":"https:\/\/www.novaconcursos.com.br\/portal\/wp-json\/wp\/v2\/categories?post=144255"},{"taxonomy":"post_tag","embeddable":true,"href":"https:\/\/www.novaconcursos.com.br\/portal\/wp-json\/wp\/v2\/tags?post=144255"}],"curies":[{"name":"wp","href":"https:\/\/api.w.org\/{rel}","templated":true}]}}