{"id":144770,"date":"2021-10-04T17:08:24","date_gmt":"2021-10-04T20:08:24","guid":{"rendered":"https:\/\/www.novaconcursos.com.br\/portal\/?p=144770"},"modified":"2021-10-04T17:08:34","modified_gmt":"2021-10-04T20:08:34","slug":"concurso-olinda-pe-mais-um-edital-esta-autorizado","status":"publish","type":"post","link":"https:\/\/www.novaconcursos.com.br\/portal\/noticias\/concurso-olinda-pe-mais-um-edital-esta-autorizado\/","title":{"rendered":"Concurso Olinda PE: Mais um edital est\u00e1 autorizado!"},"content":{"rendered":"<p>Novidades para os concurseiros pernambucanos! Mais um edital para <strong>concurso Olinda PE<\/strong> foi autorizado, dessa vez para a \u00e1rea de Patrim\u00f4nio e S\u00edtio Hist\u00f3rico.<\/p>\n\n\n\n<ul class=\"wp-block-list\"><li><strong>Confira: <\/strong><a href=\"https:\/\/www.novaconcursos.com.br\/eventos\/guia-definitivo-como-montar-um-mapa-mental\/\" target=\"_blank\" rel=\"noreferrer noopener\" aria-label=\" (abre numa nova aba)\">Como montar um mapa mental \u2013 Gr\u00e1tis<\/a><\/li><\/ul><p><\/p>\n\n\n\n<p>Na \u00faltima sexta-feira,<strong> 1\u00ba de outubro de 2021<\/strong>, foi anunciado pela prefeitura de Pernambuco que mais um concurso Olinda PE foi autorizado, e contar\u00e1 com vagas para a \u00e1rea de<strong> Patrim\u00f4nio e S\u00edtio Hist\u00f3rico.<\/strong><\/p>\n\n\n\n<p>Al\u00e9m disso, a minuta para a forma\u00e7\u00e3o da <strong>comiss\u00e3o organizadora<\/strong>, que ser\u00e1 respons\u00e1vel por elaborar, planejar e discutir os tr\u00e2mites e as vagas e cargos necess\u00e1rios, j\u00e1 foi assinada pelo prefeito do estado, Professor Lup\u00e9rcio.<\/p>\n\n\n\n<h2 class=\"wp-block-heading\" id=\"quais-sero-os-prximos-passos\">Quais ser\u00e3o os pr\u00f3ximos passos?<\/h2>\n\n\n\n<p>Ap\u00f3s a finaliza\u00e7\u00e3o do<strong> projeto b\u00e1sico<\/strong> do concurso, a ser realizado pelos membros da comiss\u00e3o ap\u00f3s todos os levantamentos necess\u00e1rios para a sele\u00e7\u00e3o, o pr\u00f3ximo passo ser\u00e1 o processo de <strong>escolha e contrata\u00e7\u00e3o da banca organizadora.<\/strong><\/p>\n\n\n\n<p>Ademais, \u00e9 apenas ap\u00f3s a contrata\u00e7\u00e3o da banca que os tr\u00e2mites finais podem ser realizados para que o<strong> edital <\/strong>possa ent\u00e3o <strong>ser publicado<\/strong>. Com isso, ainda n\u00e3o se sabem maiores detalhes acerca das<strong> vagas e dos cargos<\/strong> a serem ofertados.<\/p>\n\n\n\n<p>Al\u00e9m disso, vale destacar que neste ano <strong>outros concursos<\/strong> foram autorizados no munic\u00edpio do estado de <a href=\"https:\/\/www.novaconcursos.com.br\/portal\/concursos-previstos\/pe\/\">Pernambuco<\/a>, sendo eles para a <strong>Professores<\/strong> e para a <strong>Guarda Municipal.<\/strong><\/p>\n\n\n\n<h2 class=\"wp-block-heading\" id=\"concurso-olinda-pe-guarda-municipal\">Concurso Olinda PE Guarda Municipal<\/h2>\n\n\n\n<p>Tamb\u00e9m foi autorizado, <strong>no m\u00eas de agosto<\/strong>, um <a href=\"https:\/\/www.novaconcursos.com.br\/portal\/concursos\/concurso-prefeitura-de-olinda-pe\/\">concurso Olinda PE para Guarda Municipal<\/a>. O processo j\u00e1 conta com comiss\u00e3o organizadora que j\u00e1 est\u00e1 cuidando dos tr\u00e2mites para o <strong>projeto b\u00e1sico.<\/strong><\/p>\n\n\n\n<p>Sendo assim, ainda n\u00e3o foram reveladas maiores informa\u00e7\u00f5es acerca do processo seletivo, como o <strong>quantitativo de vagas<\/strong> e a data para a publica\u00e7\u00e3o do <strong>edital<\/strong>, visto que ainda \u00e9 necess\u00e1ria a escolha e a <strong>contrata\u00e7\u00e3o da banca.<\/strong><\/p>\n\n\n\n<p><em>\u201cO concurso p\u00fablico para a Guarda Municipal est\u00e1 cada vez mais pr\u00f3ximo. Autorizei que esse importante processo aconte\u00e7a. Essa \u00e9 a segunda autoriza\u00e7\u00e3o dada pela gest\u00e3o para realiza\u00e7\u00e3o de concurso, j\u00e1 que em menos de um m\u00eas autorizamos para a Educa\u00e7\u00e3o. O edital com todas as informa\u00e7\u00f5es ser\u00e1 divulgado em breve\u201d<\/em>, disse o prefeito.<\/p>\n\n\n\n<p>Al\u00e9m disso, tal edital para Guarda Municipal \u00e9 necess\u00e1rio, visto que a \u00faltima sele\u00e7\u00e3o para a \u00e1rea<strong> aconteceu h\u00e1 10 anos<\/strong>, fazendo com que atualmente o <strong>deficit de Guardas<\/strong> no munic\u00edpio seja alto.<\/p>\n\n\n\n<h2 class=\"wp-block-heading\" id=\"ltimo-concurso-olinda-pe\">\u00daltimo concurso Olinda PE<\/h2>\n\n\n\n<p>O \u00faltimo <a href=\"https:\/\/www.novaconcursos.com.br\/portal\/concursos-abertos\/pe\/\">concurso<\/a> Olinda PE que contemplou o cargo de Guarda Municipal aconteceu<strong> em 2011<\/strong>, quando foram ofertadas <strong>344 vagas<\/strong> para distintos cargos. <\/p>\n\n\n\n<p>Ademais, para a carreira de <strong>Guarda<\/strong> foram disponibilizadas <strong>65 oportunidades,<\/strong> que possu\u00edam como requisito apenas o <strong>n\u00edvel m\u00e9dio<\/strong> de escolaridade. <\/p>\n\n\n\n<p>Al\u00e9m disso, <strong>remunera\u00e7\u00e3o <\/strong>para o cargo era de<strong> R$529,61<\/strong>, mais o adicional de <strong>R$211,84<\/strong>, para as 30 horas de jornada de trabalho.<\/p>\n\n\n\n<p>Durante a <strong>sele\u00e7\u00e3o<\/strong>, que contou com a organiza\u00e7\u00e3o do Instituto de Apoio \u00e0 Universidade de Pernambuco (Iaupe), os inscritos passaram pelas seguintes <strong>etapas avaliativas:<\/strong><\/p>\n\n\n\n<ul class=\"wp-block-list\"><li>Prova objetiva;<\/li><li>Exame de sa\u00fade;<\/li><li>Teste de Aptid\u00e3o F\u00edsica (TAF); e<\/li><li>Avalia\u00e7\u00e3o psicol\u00f3gica.<\/li><\/ul><p><\/p>\n\n\n\n<p>Ademais, para a <strong>prova objetiva<\/strong>, os candidatos deveriam responder a quest\u00f5es sobre os conte\u00fados de Hist\u00f3ria do Brasil e Geral, Geografia F\u00edsica, Humana e Econ\u00f4mica, No\u00e7\u00f5es de Direitos Humanos e Legisla\u00e7\u00e3o.<\/p>","protected":false},"excerpt":{"rendered":"<p>Novidades para os concurseiros pernambucanos! Mais um edital para concurso Olinda PE foi autorizado, dessa vez para a \u00e1rea de Patrim\u00f4nio e S\u00edtio Hist\u00f3rico. Confira: Como montar um mapa mental \u2013 Gr\u00e1tis Na \u00faltima sexta-feira, 1\u00ba de outubro de 2021, foi anunciado pela prefeitura de Pernambuco que mais um concurso Olinda PE foi autorizado, e [&hellip;]<\/p>\n","protected":false},"author":54674,"featured_media":140700,"comment_status":"closed","ping_status":"closed","sticky":false,"template":"","format":"standard","meta":{"_acf_changed":false,"footnotes":"","_wp_rev_ctl_limit":""},"categories":[228],"tags":[4447,40774,41800,41802,41799,41803,4448,41801],"class_list":["post-144770","post","type-post","status-publish","format-standard","has-post-thumbnail","hentry","category-noticias","tag-concurso-olinda","tag-concurso-olinda-pe","tag-concurso-olinda-pe-autorizado","tag-concurso-olinda-pe-guarda-municipal","tag-concurso-olinda-pe-novo-edital","tag-concurso-olinda-pe-patrimonio-e-sitio-historico","tag-olinda-pernambuco","tag-ultimo-concurso-olinda-pe"],"acf":[],"_links":{"self":[{"href":"https:\/\/www.novaconcursos.com.br\/portal\/wp-json\/wp\/v2\/posts\/144770","targetHints":{"allow":["GET"]}}],"collection":[{"href":"https:\/\/www.novaconcursos.com.br\/portal\/wp-json\/wp\/v2\/posts"}],"about":[{"href":"https:\/\/www.novaconcursos.com.br\/portal\/wp-json\/wp\/v2\/types\/post"}],"author":[{"embeddable":true,"href":"https:\/\/www.novaconcursos.com.br\/portal\/wp-json\/wp\/v2\/users\/54674"}],"replies":[{"embeddable":true,"href":"https:\/\/www.novaconcursos.com.br\/portal\/wp-json\/wp\/v2\/comments?post=144770"}],"version-history":[{"count":4,"href":"https:\/\/www.novaconcursos.com.br\/portal\/wp-json\/wp\/v2\/posts\/144770\/revisions"}],"predecessor-version":[{"id":144784,"href":"https:\/\/www.novaconcursos.com.br\/portal\/wp-json\/wp\/v2\/posts\/144770\/revisions\/144784"}],"wp:featuredmedia":[{"embeddable":true,"href":"https:\/\/www.novaconcursos.com.br\/portal\/wp-json\/wp\/v2\/media\/140700"}],"wp:attachment":[{"href":"https:\/\/www.novaconcursos.com.br\/portal\/wp-json\/wp\/v2\/media?parent=144770"}],"wp:term":[{"taxonomy":"category","embeddable":true,"href":"https:\/\/www.novaconcursos.com.br\/portal\/wp-json\/wp\/v2\/categories?post=144770"},{"taxonomy":"post_tag","embeddable":true,"href":"https:\/\/www.novaconcursos.com.br\/portal\/wp-json\/wp\/v2\/tags?post=144770"}],"curies":[{"name":"wp","href":"https:\/\/api.w.org\/{rel}","templated":true}]}}