{"id":144788,"date":"2021-10-04T17:15:41","date_gmt":"2021-10-04T20:15:41","guid":{"rendered":"https:\/\/www.novaconcursos.com.br\/portal\/?p=144788"},"modified":"2021-10-04T17:15:48","modified_gmt":"2021-10-04T20:15:48","slug":"concurso-pm-am-podera-ter-idade-maxima-35-anos","status":"publish","type":"post","link":"https:\/\/www.novaconcursos.com.br\/portal\/noticias\/concurso-pm-am-podera-ter-idade-maxima-35-anos\/","title":{"rendered":"Concurso PM AM: Poder\u00e1 ter idade m\u00e1xima de 35 anos, entenda!"},"content":{"rendered":"<p>Aten\u00e7\u00e3o, concurseiros! Um PL foi enviado \u00e0 Assembleia Legislativa do Amazonas para realizar algumas <strong>adequa\u00e7\u00f5es nos requisitos das vagas<\/strong> do <a href=\"https:\/\/www.novaconcursos.com.br\/portal\/concursos\/concurso-pm-am\/\">concurso PM AM<\/a>.<\/p>\n\n\n\n<ul class=\"wp-block-list\"><li><strong>Confira<\/strong>: <a href=\"https:\/\/www.novaconcursos.com.br\/eventos\/guia-definitivo-plano-de-estudos-passo-a-passo\/\" target=\"_blank\" rel=\"noreferrer noopener\" aria-label=\"Guia Definitivo - Plano de Estudos Passo a Passo (GR\u00c1TIS) (abre numa nova aba)\">Guia Definitivo \u2013 Plano de Estudos Passo a Passo (GR\u00c1TIS)<\/a><\/li><\/ul><p><\/p>\n\n\n\n<p>O Projeto de Lei (PL), que foi encaminhado \u00e0 ALEAM pelo governador Wilson Lima, pede que a<strong> idade m\u00e1xima<\/strong> permitida para adentrar na Pol\u00edcia Militar do <a href=\"https:\/\/www.novaconcursos.com.br\/portal\/concursos-abertos\/am\/\">Amazonas <\/a>seja de<strong> 35 anos<\/strong>. A idade m\u00ednima continua sendo de 18 anos completos.<\/p>\n\n\n\n<ul class=\"wp-block-list\"><li><strong>Adquira<\/strong>: <a href=\"https:\/\/www.novaconcursos.com.br\/concurso\/pm-am-policia-militar-do-amazonas\/curso-online\">Curso Online Concurso PM AM<\/a><\/li><\/ul><p><\/p>\n\n\n\n<p>A <strong>justificativa <\/strong>apresentada aos deputados aponta que diversos concursos da PM j\u00e1 fixam a idade m\u00e1xima permitida em 35 anos. Atualmente, a PM AM coloca como limite para contrata\u00e7\u00e3o de <strong>28 anos de idade.<\/strong><\/p>\n\n\n\n<p>\u201c<em>N\u00f3s enviamos uma mensagem para a Assembleia Legislativa alterando a idade de 28 para 35 anos completos at\u00e9 o momento da inscri\u00e7\u00e3o. Essa \u00e9 uma corre\u00e7\u00e3o hist\u00f3rica que a gente faz, visto que o \u00faltimo certame para a corpora\u00e7\u00e3o foi realizado em 2011. Contamos com o apoio dos deputados para essa repara\u00e7\u00e3o<\/em>\u201d, justificou o governador.<\/p>\n\n\n\n<p>A mudan\u00e7a, no entanto, ser\u00e1 excepcional e <strong>somente para o pr\u00f3ximo concurso.<\/strong><\/p>\n\n\n\n<p>O texto do PL tamb\u00e9m prev\u00ea a <strong>reserva de 10% das vagas <\/strong>do pr\u00f3ximo concurso para <strong>mulheres<\/strong>.<\/p>\n\n\n\n<h2 class=\"wp-block-heading\" id=\"concurso-pm-am-panorama-geral\">Concurso\nPM AM: Panorama geral<\/h2>\n\n\n\n<p>O concurso PM do <a href=\"https:\/\/www.novaconcursos.com.br\/portal\/concursos-previstos\/am\/\">Amazonas <\/a>foi autorizado em julho pelo governador do Estado, Wilson Lima, que tamb\u00e9m confirmou o <strong>lan\u00e7amento do edital at\u00e9 outubro de 2021.<\/strong><\/p>\n\n\n\n<p>Ainda de acordo com Lima, os <strong>editais <\/strong>j\u00e1 est\u00e3o sendo finalizados.<\/p>\n\n\n\n<p>Durante o an\u00fancio das comiss\u00f5es organizadoras do certame, informa\u00e7\u00f5es sobre <strong>vagas e cargos<\/strong> foram confirmadas. Veja mais detalhes:<\/p>\n\n\n\n<ul class=\"wp-block-list\"><li><strong>1.000<\/strong> vagas para o cargo de <strong>Soldado<\/strong>; e<\/li><li><strong>350<\/strong> vagas para o caro de <strong>Oficial<\/strong>.<\/li><\/ul><p><\/p>\n\n\n\n<h2 class=\"wp-block-heading\" id=\"o-concurso-pm-am-esperado-de-2018\">O\nconcurso PM AM \u00e9 esperado de 2018!<\/h2>\n\n\n\n<p>Os concursos da Pol\u00edcia Militar e Civil do Amazonas est\u00e3o sendo <strong>esperados desde 2018.<\/strong><\/p>\n\n\n\n<p>Naquele ano, a Seguran\u00e7a P\u00fablica chegou a abrir vagas para <strong>1.300 contrata\u00e7\u00f5es<\/strong>, por\u00e9m os editais n\u00e3o foram publicados por quest\u00f5es or\u00e7ament\u00e1rias.<\/p>\n\n\n\n<p>No caso da PM,<strong> 681 vagas <\/strong>seriam preenchidas e para os Bombeiros AM, <strong>228 vagas<\/strong> foram autorizadas.<\/p>\n\n\n\n<p>J\u00e1 no caso da Pol\u00edcia Civil, oito cargos seriam ofertados e<strong> 424 vagas<\/strong> seriam preenchidas, caso o edital tivesse sido oficialmente publicado.<\/p>\n\n\n\n<p>Em 2020, o governador Wilson Lima, voltou a comentar sobre os concursos e afirmou que esperava os <strong>editais da \u00e1rea de Seguran\u00e7a P\u00fablica<\/strong> ainda para o primeiro semestre de 2021, o que n\u00e3o aconteceu. Veja o pronunciamento de Lima na cerim\u00f4nia de inaugura\u00e7\u00e3o da Delegacia Especializada em Combate \u00e0 Corrup\u00e7\u00e3o no ano passado:<\/p>\n\n\n\n<p>\u201c<em>Assim que o Amazonas tiver condi\u00e7\u00f5es, vamos realizar os concursos p\u00fablicos (para PM E PC AM). Trabalhamos com a possibilidade de fazer isso no ano que vem (2021), ainda no primeiro semestre, mas vai depender muito de como a economia vai se comportar e a situa\u00e7\u00e3o fiscal do estado\u201d<\/em>.<\/p>\n\n\n\n<p>O Amazonas passa por limita\u00e7\u00f5es por conta da <strong>Lei de Responsabilidade Fiscal<\/strong>, o que dificultou um pouco a abertura de novos concursos.<\/p>","protected":false},"excerpt":{"rendered":"<p>Aten\u00e7\u00e3o, concurseiros! Um PL foi enviado \u00e0 Assembleia Legislativa do Amazonas para realizar algumas adequa\u00e7\u00f5es nos requisitos das vagas do concurso PM AM. Confira: Guia Definitivo \u2013 Plano de Estudos Passo a Passo (GR\u00c1TIS) O Projeto de Lei (PL), que foi encaminhado \u00e0 ALEAM pelo governador Wilson Lima, pede que a idade m\u00e1xima permitida para [&hellip;]<\/p>\n","protected":false},"author":54673,"featured_media":0,"comment_status":"closed","ping_status":"closed","sticky":false,"template":"","format":"standard","meta":{"_acf_changed":false,"footnotes":"","_wp_rev_ctl_limit":""},"categories":[228],"tags":[22638,22640,37852,36926,38227,38728,40291,23833,40743,23329,40039,3985,39822],"class_list":["post-144788","post","type-post","status-publish","format-standard","hentry","category-noticias","tag-concurso-pm-am","tag-concurso-previsto-pm-am","tag-concursos-am","tag-concursos-pm","tag-editais-am","tag-editais-pm","tag-edital-concurso-pm-am","tag-edital-pm-am","tag-edital-previsto-concurso-pm-am","tag-pm-am","tag-pmam","tag-policia-militar","tag-policia-militar-do-amazonas"],"acf":[],"_links":{"self":[{"href":"https:\/\/www.novaconcursos.com.br\/portal\/wp-json\/wp\/v2\/posts\/144788","targetHints":{"allow":["GET"]}}],"collection":[{"href":"https:\/\/www.novaconcursos.com.br\/portal\/wp-json\/wp\/v2\/posts"}],"about":[{"href":"https:\/\/www.novaconcursos.com.br\/portal\/wp-json\/wp\/v2\/types\/post"}],"author":[{"embeddable":true,"href":"https:\/\/www.novaconcursos.com.br\/portal\/wp-json\/wp\/v2\/users\/54673"}],"replies":[{"embeddable":true,"href":"https:\/\/www.novaconcursos.com.br\/portal\/wp-json\/wp\/v2\/comments?post=144788"}],"version-history":[{"count":5,"href":"https:\/\/www.novaconcursos.com.br\/portal\/wp-json\/wp\/v2\/posts\/144788\/revisions"}],"predecessor-version":[{"id":144896,"href":"https:\/\/www.novaconcursos.com.br\/portal\/wp-json\/wp\/v2\/posts\/144788\/revisions\/144896"}],"wp:attachment":[{"href":"https:\/\/www.novaconcursos.com.br\/portal\/wp-json\/wp\/v2\/media?parent=144788"}],"wp:term":[{"taxonomy":"category","embeddable":true,"href":"https:\/\/www.novaconcursos.com.br\/portal\/wp-json\/wp\/v2\/categories?post=144788"},{"taxonomy":"post_tag","embeddable":true,"href":"https:\/\/www.novaconcursos.com.br\/portal\/wp-json\/wp\/v2\/tags?post=144788"}],"curies":[{"name":"wp","href":"https:\/\/api.w.org\/{rel}","templated":true}]}}