{"id":144910,"date":"2021-10-05T17:48:13","date_gmt":"2021-10-05T20:48:13","guid":{"rendered":"https:\/\/www.novaconcursos.com.br\/portal\/?p=144910"},"modified":"2021-10-05T17:48:17","modified_gmt":"2021-10-05T20:48:17","slug":"concurso-semed-de-santarem-pa-saiu-edital-com-745-vagas","status":"publish","type":"post","link":"https:\/\/www.novaconcursos.com.br\/portal\/noticias\/concurso-semed-de-santarem-pa-saiu-edital-com-745-vagas\/","title":{"rendered":"Concurso Semed de Santar\u00e9m &#8211; PA: Saiu edital com 745 vagas!"},"content":{"rendered":"<p>Foi publicado o edital do novo <strong>concurso Semed de Santar\u00e9m \u2013 PA<\/strong>, que oferece oportunidades tempor\u00e1rias de n\u00edveis fundamental, m\u00e9dio e t\u00e9cnico!<\/p>\n\n\n\n<ul class=\"wp-block-list\"><li><strong>Confira: <\/strong><a href=\"https:\/\/www.novaconcursos.com.br\/eventos\/guia-definitivo-como-montar-um-mapa-mental\/\" target=\"_blank\" rel=\"noreferrer noopener\" aria-label=\" (abre numa nova aba)\">Como montar um mapa mental \u2013 Gr\u00e1tis<\/a><\/li><\/ul><p><\/p>\n\n\n\n<p>J\u00e1 saiu o edital do novo concurso da Secretaria Municipal de Educa\u00e7\u00e3o de Santar\u00e9m \u2013 PA, que busca preencher uma s\u00e9rie de vagas de <strong>n\u00edveis fundamental e m\u00e9dio\/t\u00e9cnico<\/strong> em car\u00e1ter tempor\u00e1rio para servidores de apoio.<\/p>\n\n\n\n<p>Al\u00e9m disso, os interessados devem ficar atentos ao <strong>modelo de inscri\u00e7\u00f5es<\/strong>, que acontecer\u00e1 de <strong>forma presencial<\/strong>, e n\u00e3o pela internet! Confira todos os detalhes a seguir.<\/p>\n\n\n\n<h2 class=\"wp-block-heading\" id=\"concurso-semed-de-santarm-pa-inscries\">Concurso Semed de Santar\u00e9m \u2013 PA: inscri\u00e7\u00f5es<\/h2>\n\n\n\n<p>Os concurseiros interessados no processo seletivo da Secretaria Municipal de Educa\u00e7\u00e3o de Santar\u00e9m, localizada no Estado do <a href=\"https:\/\/www.novaconcursos.com.br\/portal\/concursos-abertos\/pa\/\">Par\u00e1<\/a>, poder\u00e3o se inscrever entre os dias<strong> 5 e 15 de outubro de 2021.<\/strong><\/p>\n\n\n\n<p>Ademais, o processo de inscri\u00e7\u00f5es acontecer\u00e1 de forma <strong>presencial<\/strong> em dois endere\u00e7os diferentes, a depender do cargo escolhido pelo candidato. Vale refor\u00e7ar que as inscri\u00e7\u00f5es ocorrer\u00e3o entre as <strong>8h e 14h<\/strong>, em dias de <strong>expedientes \u00fateis<\/strong> da Reparti\u00e7\u00e3o P\u00fablica Municipal. Confira os endere\u00e7os:<\/p>\n\n\n\n<ul class=\"wp-block-list\"><li>inscri\u00e7\u00e3o dos candidatos para as vagas ofertadas na regi\u00e3o cidade, transporte e log\u00edstica, escola de artes, tecnologia da informa\u00e7\u00e3o e divis\u00e3o de manuten\u00e7\u00e3o: Audit\u00f3rio da Escola de Artes Emir Hermes Bemergui, situado na Rua Hort\u00eancia, s\/n, Bairro Jardim Santar\u00e9m;<\/li><li>inscri\u00e7\u00e3o dos candidatos para as vagas ofertadas na Regi\u00e3o de rios, regi\u00e3o de planalto e educa\u00e7\u00e3o infantil: Escola do Parque, situado na Rua Bartolomeu de Gusm\u00e3o, s\/n, Bairro Aparecida, anexo ao Parque da Cidade.<\/li><\/ul><p><\/p>\n\n\n\n<h2 class=\"wp-block-heading\" id=\"vagas-e-cargos-do-novo-concurso\">Vagas e cargos do novo concurso<\/h2>\n\n\n\n<p>O concurso Semed de Santar\u00e9m \u2013 PA oferta<strong> 745 vagas<\/strong> de car\u00e1ter <strong>tempor\u00e1rio<\/strong> entre diversos cargos de n\u00edveis fundamental, m\u00e9dio e t\u00e9cnico, com remunera\u00e7\u00f5es que <strong>n\u00e3o foram divulgadas<\/strong> at\u00e9 o momento.<\/p>\n\n\n\n<p>Sendo assim, confira os <strong>cargos dispon\u00edveis<\/strong> para cada um dos n\u00edveis de escolaridade:<\/p>\n\n\n\n<p><strong>N\u00edvel fundamental<\/strong><\/p>\n\n\n\n<ul class=\"wp-block-list\"><li>Agente de Servi\u00e7os Gerais;<\/li><li>Agente Operacional de Conserva\u00e7\u00e3o \u2013 Servente;<\/li><li>Agente de Seguran\u00e7a Patrimonial \u2013 Vigia;<\/li><li>Agente Operacional \u2013 Motorista de Ve\u00edculos Pesados;<\/li><li>Agente Operacional \u2013 Motorista de Transporte Escolar;<\/li><li>Agente Operacional \u2013 Motorista de Ve\u00edculos Leves;<\/li><li>Agente Operacional Marinheiro Fluvial de Pequeno Porte \u2013 Piloto de Lancha;<\/li><li>Agente Operacional de Condutor e Embarca\u00e7\u00e3o de Pequeno Porte \u2013 Auxiliar de Piloto de Lancha;<\/li><li>Agente Op. Equip. de Ve\u00edculos \u2013 Mec\u00e2nico;<\/li><li>Agente Op. Equip. de Ve\u00edculos \u2013 Eletricista;<\/li><li>Agente Operacional de Constru\u00e7\u00e3o \u2013 Pedreiro;<\/li><li>Agente Operacional de Constru\u00e7\u00e3o \u2013 Pintor; e<\/li><li>Agente Operacional de Constru\u00e7\u00e3o \u2013 Eletricista.<\/li><\/ul><p><\/p>\n\n\n\n<p><strong>N\u00edvel m\u00e9dio\/t\u00e9cnico<\/strong><\/p>\n\n\n\n<ul class=\"wp-block-list\"><li>Agente Administrativo;<\/li><li>T\u00e9cnico Especializado \u2013 Monitor; e<\/li><li>T\u00e9cnico em instrutor musical.<\/li><\/ul><p><\/p>\n\n\n\n<h2 class=\"wp-block-heading\" id=\"concurso-semed-de-santarm-pa-provas\">Concurso Semed de Santar\u00e9m \u2013 PA: provas<\/h2>\n\n\n\n<p>Al\u00e9m disso, durante a<strong> sele\u00e7\u00e3o<\/strong>, os candidatos inscritos no concurso Semed de Santar\u00e9m \u2013 <a href=\"https:\/\/www.novaconcursos.com.br\/portal\/concursos-previstos\/pa\/\">Par\u00e1<\/a> dever\u00e3o passar por somente <strong>uma etapa avaliativa<\/strong>, sendo ela de<strong> an\u00e1lise documental<\/strong>, que ter\u00e1 car\u00e1ter eliminat\u00f3rio e classificat\u00f3rio.<\/p>","protected":false},"excerpt":{"rendered":"<p>Foi publicado o edital do novo concurso Semed de Santar\u00e9m \u2013 PA, que oferece oportunidades tempor\u00e1rias de n\u00edveis fundamental, m\u00e9dio e t\u00e9cnico! Confira: Como montar um mapa mental \u2013 Gr\u00e1tis J\u00e1 saiu o edital do novo concurso da Secretaria Municipal de Educa\u00e7\u00e3o de Santar\u00e9m \u2013 PA, que busca preencher uma s\u00e9rie de vagas de n\u00edveis [&hellip;]<\/p>\n","protected":false},"author":54674,"featured_media":144911,"comment_status":"closed","ping_status":"closed","sticky":false,"template":"","format":"standard","meta":{"_acf_changed":false,"footnotes":"","_wp_rev_ctl_limit":""},"categories":[228],"tags":[41848,19835,41849,41847,41851,41852,41850],"class_list":["post-144910","post","type-post","status-publish","format-standard","has-post-thumbnail","hentry","category-noticias","tag-cargos-concurso-semed-de-santarem-pa","tag-concurso-semed","tag-concurso-semed-de-santarem-pa-nivel-fundamental","tag-concurso-semed-de-santarem-pa-vagas","tag-concurso-semed-de-santarem-pa-provas","tag-edital-concurso-semed-de-santarem-pa","tag-inscricoes-concurso-semed-de-santarem-pa"],"acf":[],"_links":{"self":[{"href":"https:\/\/www.novaconcursos.com.br\/portal\/wp-json\/wp\/v2\/posts\/144910","targetHints":{"allow":["GET"]}}],"collection":[{"href":"https:\/\/www.novaconcursos.com.br\/portal\/wp-json\/wp\/v2\/posts"}],"about":[{"href":"https:\/\/www.novaconcursos.com.br\/portal\/wp-json\/wp\/v2\/types\/post"}],"author":[{"embeddable":true,"href":"https:\/\/www.novaconcursos.com.br\/portal\/wp-json\/wp\/v2\/users\/54674"}],"replies":[{"embeddable":true,"href":"https:\/\/www.novaconcursos.com.br\/portal\/wp-json\/wp\/v2\/comments?post=144910"}],"version-history":[{"count":3,"href":"https:\/\/www.novaconcursos.com.br\/portal\/wp-json\/wp\/v2\/posts\/144910\/revisions"}],"predecessor-version":[{"id":144914,"href":"https:\/\/www.novaconcursos.com.br\/portal\/wp-json\/wp\/v2\/posts\/144910\/revisions\/144914"}],"wp:featuredmedia":[{"embeddable":true,"href":"https:\/\/www.novaconcursos.com.br\/portal\/wp-json\/wp\/v2\/media\/144911"}],"wp:attachment":[{"href":"https:\/\/www.novaconcursos.com.br\/portal\/wp-json\/wp\/v2\/media?parent=144910"}],"wp:term":[{"taxonomy":"category","embeddable":true,"href":"https:\/\/www.novaconcursos.com.br\/portal\/wp-json\/wp\/v2\/categories?post=144910"},{"taxonomy":"post_tag","embeddable":true,"href":"https:\/\/www.novaconcursos.com.br\/portal\/wp-json\/wp\/v2\/tags?post=144910"}],"curies":[{"name":"wp","href":"https:\/\/api.w.org\/{rel}","templated":true}]}}