{"id":145015,"date":"2021-10-05T17:41:22","date_gmt":"2021-10-05T20:41:22","guid":{"rendered":"https:\/\/www.novaconcursos.com.br\/portal\/?p=145015"},"modified":"2021-10-05T17:46:00","modified_gmt":"2021-10-05T20:46:00","slug":"semec-semad-pa-inscricoes-abertas","status":"publish","type":"post","link":"https:\/\/www.novaconcursos.com.br\/portal\/noticias\/semec-semad-pa-inscricoes-abertas\/","title":{"rendered":"Concursos Semec e Semad PA: Inscri\u00e7\u00f5es para 882 vagas est\u00e3o abertas!"},"content":{"rendered":"<p>Os\u00a0<a href=\"https:\/\/www.novaconcursos.com.br\/portal\/concursos\/concurso-prefeitura-de-belem-pa\/\">concursos Bel\u00e9m PA<\/a>, da\u00a0<strong>Semec e<\/strong> <strong>Semad<\/strong>, foram\u00a0<strong>retomados<\/strong> e est\u00e3o ofertando\u00a0<strong>882 vagas<\/strong>! As inscri\u00e7\u00f5es seguem abertas at\u00e9 15 de outubro e 08 de novembro, respectivamente. <\/p>\n\n\n\n<ul class=\"wp-block-list\"><li><strong>Confira:<\/strong> <a href=\"https:\/\/www.novaconcursos.com.br\/eventos\/guia-definitivo-plano-de-estudos-passo-a-passo\/\" target=\"_blank\" rel=\"noreferrer noopener\" aria-label=\" (abre numa nova aba)\">Guia Definitivo Plano de Estudos (Gr\u00e1tis)<\/a> <\/li><\/ul><p><\/p>\n\n\n\n<h2 class=\"wp-block-heading\" id=\"concursos-semec-e-semad-pa-como-realizar-inscries\">Concursos Semec e Semad PA: como realizar inscri\u00e7\u00f5es?<\/h2>\n\n\n\n<p>Os concursos das Secretarias de Educa\u00e7\u00e3o (Semec) e de Administra\u00e7\u00e3o (Semad), da Prefeitura Municipal de Bel\u00e9m, no <a href=\"https:\/\/www.novaconcursos.com.br\/portal\/concursos-abertos\/pa\/\">estado do Par\u00e1<\/a>, contam com <strong>inscri\u00e7\u00f5es abertas<\/strong>. <\/p>\n\n\n\n<p>Quem se interessar, dever\u00e1 <strong>entrar <\/strong>no <a rel=\"noreferrer noopener\" href=\"https:\/\/www.aocp.com.br\/\" target=\"_blank\">site do AOCP concursos<\/a>, <strong>banca <\/strong>organizadora da sele\u00e7\u00e3o. <\/p>\n\n\n\n<p>Importante destacar que as <strong>datas de encerramento<\/strong> das inscri\u00e7\u00f5es s\u00e3o em meses <strong>diferentes <\/strong>para cada concurso. Confira:<\/p>\n\n\n\n<ul class=\"wp-block-list\"><li>Semec<ul><li>Reabertas dia 27 de setembro<\/li><li>Se encerram \u00e0s 12h do dia 15 de outubro<\/li><\/ul><\/li><li>Semad<ul><li>Reabertas dia 27 de setembro <\/li><li>Se encerram \u00e0s 23h59 do dia 8 de novembro<\/li><\/ul><\/li><\/ul><p><\/p>\n\n\n\n<p>Al\u00e9m disso, <strong>n\u00e3o h\u00e1 mais prazo<\/strong>, em nenhuma das duas sele\u00e7\u00f5es, para solicitar <strong>isen\u00e7\u00e3o <\/strong>das taxas. <\/p>\n\n\n\n<p>Sendo assim, os boletos, com taxas de <strong>R$ 40 a R$ 80<\/strong>, devem ser pagos tamb\u00e9m respeitando as <strong>datas <\/strong>limites, que s\u00e3o:<\/p>\n\n\n\n<ul class=\"wp-block-list\"><li>Semec \u2013 15 de outubro (mesmo dia do encerramento)<\/li><li>Semad \u2013 09 de novembro (um dia depois)<\/li><\/ul><p><\/p>\n\n\n\n<h3 class=\"wp-block-heading\"><strong>Inscri\u00e7<\/strong>\u00f5es anteriores continuam valendo?<\/h3>\n\n\n\n<p>Os dois concursos j\u00e1 tinham iniciado a<strong>\u00a0fase de inscri\u00e7\u00f5es<\/strong>, antes mesmo da suspens\u00e3o. Com isso, surgem d\u00favidas!<\/p>\n\n\n\n<p>Mas, os candidatos que j\u00e1 se inscreveram, <strong>n\u00e3o precisam<\/strong> de novos cadastros. <\/p>\n\n\n\n<p><em>\u201cOs concursos ser\u00e3o realizados\u00a0em datas diferentes, porque tem todo o trabalho de reorganiza\u00e7\u00e3o do espa\u00e7o, de recomposi\u00e7\u00e3o das condi\u00e7\u00f5es para que seja realizado com seguran\u00e7a. Ser\u00e1 aberta a inscri\u00e7\u00e3o para todos que desejarem se inscrever e ser\u00e1 garantido os direitos dos que se inscreveram\u201d,<\/em>\u00a0diz a Semad. <\/p>\n\n\n\n<h2 class=\"wp-block-heading\" id=\"concursos-semec-e-semad-pa-tm-novas-datas-de-provas\"><strong>Concursos Semec e Semad PA t\u00eam novas datas de provas<\/strong><\/h2>\n\n\n\n<p>Os novos <strong>cronogramas <\/strong>dos concursos Semec e Semad, de Bel\u00e9m, no <a href=\"https:\/\/www.novaconcursos.com.br\/portal\/concursos-previstos\/pa\/\">estado do Par\u00e1<\/a>, tamb\u00e9m possuem <strong>novas datas<\/strong> de realiza\u00e7\u00e3o das provas, que s\u00e3o:<\/p>\n\n\n\n<ul class=\"wp-block-list\"><li>Semec \u2013 5 de dezembro de 2021<ul><li>com cart\u00e3o de confirma\u00e7\u00e3o do candidato sendo emitido a partir do dia 24 de novembro<\/li><\/ul><\/li><li>Semad \u2013 23 de janeiro de 2022<ul><li>com cart\u00e3o de confirma\u00e7\u00e3o do candidato sendo emitido a partir do dia 12 de janeiro<\/li><\/ul><\/li><\/ul><p><\/p>\n\n\n\n<h2 class=\"wp-block-heading\" id=\"concursos-belm-pa-oferecem-882-vagas\"><strong>Concursos Bel\u00e9m PA oferecem 882 vagas<\/strong><\/h2>\n\n\n\n<p>Publicados em<strong> fevereiro de 2020,<\/strong> os concursos Semec e Semad PA somam <strong>882 vagas<\/strong> em diversos cargos e em todos os n\u00edveis de escolaridade.<\/p>\n\n\n\n<h3 class=\"wp-block-heading\">Semec<\/h3>\n\n\n\n<p>Na Secretaria Municipal de Educa\u00e7\u00e3o s\u00e3o <strong>404 vagas imediatas,<\/strong> mais a forma\u00e7\u00e3o de cadastro de reserva. <\/p>\n\n\n\n<p>O edital aponta\u00a0<strong>379 <\/strong>para disputa de concorr\u00eancia geral e <strong>25 <\/strong>para pessoas com necessidades especiais. Os <strong>cargos <\/strong>s\u00e3o:<\/p>\n\n\n\n<ul class=\"wp-block-list\"><li>T\u00e9cnico pedag\u00f3gico;<\/li><li>Professor\u00a0<\/li><li>Professor Educa\u00e7\u00e3o Infantil;<\/li><li>Professor Ensino fundamental e\/ou Educa\u00e7\u00e3o de Jovens e Adultos;<\/li><li>Professor de L\u00edngua Portuguesa;<\/li><li>Professor de Matem\u00e1tica;<\/li><li>Professor de Hist\u00f3ria;<\/li><li>Professor de Geografia;<\/li><li>Professor de Ingl\u00eas;<\/li><li>Professor de Artes;<\/li><li>Professor de Ci\u00eancias; e<\/li><li>Professor de Educa\u00e7\u00e3o F\u00edsica<\/li><\/ul><p><\/p>\n\n\n\n<h3 class=\"wp-block-heading\">Semad<\/h3>\n\n\n\n<p>Enquanto isso, na Secretaria de Administra\u00e7\u00e3o s\u00e3o <strong>478 vagas<\/strong> para os n\u00edveis fundamental, m\u00e9dio e superior. <\/p>\n\n\n\n<p>Do total, s\u00e3o\u00a0<strong>451 <\/strong>vagas para disputa em ampla concorr\u00eancia e <strong>27 <\/strong>para pessoas com defici\u00eancia. Os <strong>cargos <\/strong>s\u00e3o:<\/p>\n\n\n\n<ul class=\"wp-block-list\"><li>Auxiliar de administra\u00e7\u00e3o;<\/li><li>Assistente de administra\u00e7\u00e3o;<\/li><li>Administrador;<\/li><li>Arquiteto;<\/li><li>Assistente social;<\/li><li>Contador;<\/li><li>Engenheiro Civil;<\/li><li>Estat\u00edstico;<\/li><li>Jornalista; e<\/li><li>M\u00e9dico veterin\u00e1rio.<\/li><\/ul><p><\/p>\n\n\n\n<p>Os dois concursos ficar\u00e3o <strong>v\u00e1lidos por dois anos<\/strong>, a partir de suas homologa\u00e7\u00f5es, podendo ser prorrogados por mais dois anos. <\/p>\n\n\n\n<h2 class=\"wp-block-heading\" id=\"concursos-belm-pa-e-os-salrios\"><strong>Concursos Bel\u00e9m PA: e os sal\u00e1rios?<\/strong><\/h2>\n\n\n\n<p>Segundo dados de 2020, os sal\u00e1rios iniciais estavam entre\u00a0<strong>R$ 1.045 e R$ 3.514,16<\/strong>, para jornadas de at\u00e9 40 horas semanais.\u00a0<\/p>\n\n\n\n<p>Al\u00e9m disso, \u00e9 v\u00e1lido lembrar que as contrata\u00e7\u00f5es ser\u00e3o pelo\u00a0<strong>regime estatut\u00e1rio<\/strong>, ou seja, que assegura a estabilidade empregat\u00edcia.<\/p>","protected":false},"excerpt":{"rendered":"<p>Os\u00a0concursos Bel\u00e9m PA, da\u00a0Semec e Semad, foram\u00a0retomados e est\u00e3o ofertando\u00a0882 vagas! As inscri\u00e7\u00f5es seguem abertas at\u00e9 15 de outubro e 08 de novembro, respectivamente. Confira: Guia Definitivo Plano de Estudos (Gr\u00e1tis) Concursos Semec e Semad PA: como realizar inscri\u00e7\u00f5es? Os concursos das Secretarias de Educa\u00e7\u00e3o (Semec) e de Administra\u00e7\u00e3o (Semad), da Prefeitura Municipal de Bel\u00e9m, [&hellip;]<\/p>\n","protected":false},"author":54671,"featured_media":144222,"comment_status":"closed","ping_status":"closed","sticky":false,"template":"","format":"standard","meta":{"_acf_changed":false,"footnotes":"","_wp_rev_ctl_limit":""},"categories":[228],"tags":[29874,29867,29868,29870,29866,29872,29871,29869,29873],"class_list":["post-145015","post","type-post","status-publish","format-standard","has-post-thumbnail","hentry","category-noticias","tag-belem-pa","tag-certame-prefeitura-de-belem-pa","tag-concurso-belem-pa","tag-concurso-no-estado-do-para","tag-concurso-prefeitura-de-belem-pa","tag-edital-do-concurso-da-prefeitura-de-belem-pa","tag-inscricoes-do-concurso-da-prefeitura-de-belem-pa","tag-prefeitura-de-belem-pa","tag-vagas-do-concurso-da-prefeitura-de-belem-pa"],"acf":[],"_links":{"self":[{"href":"https:\/\/www.novaconcursos.com.br\/portal\/wp-json\/wp\/v2\/posts\/145015","targetHints":{"allow":["GET"]}}],"collection":[{"href":"https:\/\/www.novaconcursos.com.br\/portal\/wp-json\/wp\/v2\/posts"}],"about":[{"href":"https:\/\/www.novaconcursos.com.br\/portal\/wp-json\/wp\/v2\/types\/post"}],"author":[{"embeddable":true,"href":"https:\/\/www.novaconcursos.com.br\/portal\/wp-json\/wp\/v2\/users\/54671"}],"replies":[{"embeddable":true,"href":"https:\/\/www.novaconcursos.com.br\/portal\/wp-json\/wp\/v2\/comments?post=145015"}],"version-history":[{"count":9,"href":"https:\/\/www.novaconcursos.com.br\/portal\/wp-json\/wp\/v2\/posts\/145015\/revisions"}],"predecessor-version":[{"id":145027,"href":"https:\/\/www.novaconcursos.com.br\/portal\/wp-json\/wp\/v2\/posts\/145015\/revisions\/145027"}],"wp:featuredmedia":[{"embeddable":true,"href":"https:\/\/www.novaconcursos.com.br\/portal\/wp-json\/wp\/v2\/media\/144222"}],"wp:attachment":[{"href":"https:\/\/www.novaconcursos.com.br\/portal\/wp-json\/wp\/v2\/media?parent=145015"}],"wp:term":[{"taxonomy":"category","embeddable":true,"href":"https:\/\/www.novaconcursos.com.br\/portal\/wp-json\/wp\/v2\/categories?post=145015"},{"taxonomy":"post_tag","embeddable":true,"href":"https:\/\/www.novaconcursos.com.br\/portal\/wp-json\/wp\/v2\/tags?post=145015"}],"curies":[{"name":"wp","href":"https:\/\/api.w.org\/{rel}","templated":true}]}}