{"id":145117,"date":"2021-10-06T16:10:42","date_gmt":"2021-10-06T19:10:42","guid":{"rendered":"https:\/\/www.novaconcursos.com.br\/portal\/?p=145117"},"modified":"2021-10-06T16:10:48","modified_gmt":"2021-10-06T19:10:48","slug":"concurso-pm-df-governador-cfp","status":"publish","type":"post","link":"https:\/\/www.novaconcursos.com.br\/portal\/noticias\/concurso-pm-df-governador-cfp\/","title":{"rendered":"Concurso PM DF: Governador anuncia novo CFP!"},"content":{"rendered":"<p>Um novo <strong>Curso de Forma\u00e7\u00e3o de Pra\u00e7as<\/strong> (CFP) ser\u00e1 realizado neste ano no Distrito Federal, segundo anunciou o governador Ibaneis Rocha. Depois, <strong>em 2022,<\/strong> acontecer\u00e1 o <a href=\"https:\/\/www.novaconcursos.com.br\/portal\/concursos\/concurso-pm-df\/\">concurso PM DF.<\/a><\/p>\n\n\n\n<ul class=\"wp-block-list\"><li><strong>Confira:<\/strong> <a href=\"https:\/\/www.novaconcursos.com.br\/eventos\/guia-definitivo-como-montar-um-mapa-mental\/\" target=\"_blank\" rel=\"noreferrer noopener\" aria-label=\"Guia como montar um mapa mental (Gr\u00e1tis) (abre numa nova aba)\">Guia como montar um mapa mental (Gr\u00e1tis)<\/a><\/li><\/ul><p><\/p>\n\n\n\n<h2 class=\"wp-block-heading\" id=\"concurso-pm-df-novo-curso-para-praas-ser-este-ano\">Concurso PM DF: novo curso para Pra\u00e7as ser\u00e1 este ano<\/h2>\n\n\n\n<p>Aten\u00e7\u00e3o concurseiros do <a href=\"https:\/\/www.novaconcursos.com.br\/portal\/concursos-abertos\/df\/\">Distrito Federal<\/a>! O governador Ibaneis Rocha anunciou que ser\u00e1 realizado um <strong>Curso de Forma\u00e7\u00e3o de Pra\u00e7as<\/strong> ainda em 2021.<\/p>\n\n\n\n<ul class=\"wp-block-list\"><li><strong>Adquira<\/strong>:\u00a0<a href=\"https:\/\/www.novaconcursos.com.br\/concurso\/pm-df-policia-militar-distrito-federal\/curso-online\">Curso Online PM DF<\/a><\/li><\/ul><p><\/p>\n\n\n\n<p>O governador afirmou que a turma ter\u00e1 <strong>750 Pra\u00e7as<\/strong> e ser\u00e1 realizado em dezembro deste ano. Com isso, o concurso PM DF ficar\u00e1 para 2022.<\/p>\n\n\n\n<p><em>\u201cJuntos seguimos recompondo as for\u00e7as de seguran\u00e7a do nosso DF\u201d<\/em>, disse o governador.<\/p>\n\n\n\n<p>Ele ainda confirmou que a <strong>decis\u00e3o <\/strong>do novo curso foi tomada em conjunto com o secret\u00e1rio de Economia, Andr\u00e9 Clemente, o coronel da PM, M\u00e1rcio Vasconcelos, al\u00e9m de deputados.<\/p>\n\n\n\n<h3 class=\"wp-block-heading\"><strong>Novo concurso em 2022?<\/strong><\/h3>\n\n\n\n<p>\u00c9 o que esperam o governador e o comandante da Pol\u00edcia Militar do <a href=\"https:\/\/www.novaconcursos.com.br\/portal\/concursos-previstos\/df\/\">Distrito Federal,<\/a> <strong>M\u00e1rcio <\/strong>Cavalcante de Vasconcelos. <\/p>\n\n\n\n<p>O comandante afirmou que, no que depender dele, <strong>o concurso sair\u00e1<\/strong> no pr\u00f3ximo ano, assim como a realiza\u00e7\u00e3o das provas.<\/p>\n\n\n\n<p>M\u00e1rcio afirmou, durante entrevista, que <strong>enviar\u00e1 um pedido<\/strong> de autoriza\u00e7\u00e3o financeira e or\u00e7ament\u00e1ria para a Secretaria de Economia, pedindo a realiza\u00e7\u00e3o do concurso em 2022.<\/p>\n\n\n\n<p><em>\u201cIsso demora. Entre a autoriza\u00e7\u00e3o or\u00e7ament\u00e1ria e a realiza\u00e7\u00e3o efetiva do concurso h\u00e1 uma demora de mais ou menos um ano. E entre a realiza\u00e7\u00e3o do concurso e o chamamento \u00e9 quase mais um ano\u201d<\/em>, disse o comandante.<\/p>\n\n\n\n<p>A previs\u00e3o \u00e9 iniciar o <strong>curso de forma\u00e7\u00e3o em 2023.<\/strong> O pedido envolver\u00e1 cargos de Soldados (Pra\u00e7as) e Oficiais.<\/p>\n\n\n\n<h2 class=\"wp-block-heading\" id=\"quantas-vagas-ter-o-novo-concurso-pm-df\"><strong>Quantas vagas ter\u00e1 o novo concurso PM DF?<\/strong><\/h2>\n\n\n\n<p>N\u00e3o d\u00e1 para se afirmar, uma vez que <strong>n\u00e3o houve autoriza\u00e7\u00e3o<\/strong>. Entretanto, a PLOA 2022 do DF trouxe a previs\u00e3o de 1.091 vagas para a Pol\u00edcia Militar e o Corpo de Bombeiros. <\/p>\n\n\n\n<p>Do total, <strong>736 vagas\u00a0<\/strong>ser\u00e3o para a PM. Entretanto, em 2020, a pr\u00f3pria corpora\u00e7\u00e3o afirmou que pretendia preencher um total de 2.100 vagas, ou seja, o pedido poder\u00e1 aumentar, assim como o aval.<\/p>\n\n\n\n<h2 class=\"wp-block-heading\" id=\"o-que-preciso-para-ser-um-policial-militar-do-distrito-feder\"><strong>O que \u00e9 preciso para ser um Policial Militar do Distrito Federal?<\/strong><\/h2>\n\n\n\n<p>Levando em considera\u00e7\u00e3o o <strong>\u00faltimo <\/strong>concurso da PM, realizado em 2018, no Distrito Federal, \u00e9 exigido para Policial Militar o n\u00edvel <strong>superior<\/strong>.<\/p>\n\n\n\n<p>Al\u00e9m disso, \u00e9 preciso ter\u00a0<strong>idade\u00a0<\/strong>entre 18 e 30 anos, <strong>Carteira <\/strong>de Habilita\u00e7\u00e3o na categoria B e <strong>altura <\/strong>m\u00ednima de 1m65 (homens) e 1m60 (mulheres).<\/p>\n\n\n\n<h2 class=\"wp-block-heading\" id=\"quanto-ganha-um-soldado-da-polcia-militar-no-df\"><strong>Quanto ganha um soldado da Pol\u00edcia Militar no DF?<\/strong><\/h2>\n\n\n\n<p>No Distrito Federal, um Policial Militar ganha sal\u00e1rios iniciais de <strong>R$ 6.095,41<\/strong> para Soldados e de\u00a0<strong>R$4.119,22\u00a0<\/strong>para M\u00fasicos, isso durante o curso de forma\u00e7\u00e3o.<\/p>\n\n\n\n<p>Vale destacar que os valores j\u00e1 incluem o\u00a0aux\u00edlio-alimenta\u00e7\u00e3o de <strong>R$ 850.<\/strong> Mas, os valores podem aumentar.<\/p>\n\n\n\n<p>Isso porque o\u00a0Senado Federal\u00a0<strong>aprovou a Medida Provis\u00f3ria<\/strong>\u00a0(MP) n\u00ba 971 que assegura o reajuste salarial para servidores da Seguran\u00e7a do Distrito Federal.<\/p>","protected":false},"excerpt":{"rendered":"<p>Um novo Curso de Forma\u00e7\u00e3o de Pra\u00e7as (CFP) ser\u00e1 realizado neste ano no Distrito Federal, segundo anunciou o governador Ibaneis Rocha. Depois, em 2022, acontecer\u00e1 o concurso PM DF. Confira: Guia como montar um mapa mental (Gr\u00e1tis) Concurso PM DF: novo curso para Pra\u00e7as ser\u00e1 este ano Aten\u00e7\u00e3o concurseiros do Distrito Federal! O governador Ibaneis [&hellip;]<\/p>\n","protected":false},"author":54671,"featured_media":134029,"comment_status":"closed","ping_status":"closed","sticky":false,"template":"","format":"standard","meta":{"_acf_changed":false,"footnotes":"","_wp_rev_ctl_limit":""},"categories":[228],"tags":[18639,36573,3726,24832,24833,36926,198,8332,38728,39545,19200,6748,19575,18636,3985,41089],"class_list":["post-145117","post","type-post","status-publish","format-standard","has-post-thumbnail","hentry","category-noticias","tag-concurso-pm-df","tag-concursos-2021","tag-concursos-abertos","tag-concursos-df","tag-concursos-distrito-federal","tag-concursos-pm","tag-concursos-previstos","tag-editais-df","tag-editais-pm","tag-edital-concurso-pm-df","tag-edital-pm-df","tag-pm","tag-pm-df","tag-pmdf","tag-policia-militar","tag-policia-militar-do-distrito-federal"],"acf":[],"_links":{"self":[{"href":"https:\/\/www.novaconcursos.com.br\/portal\/wp-json\/wp\/v2\/posts\/145117","targetHints":{"allow":["GET"]}}],"collection":[{"href":"https:\/\/www.novaconcursos.com.br\/portal\/wp-json\/wp\/v2\/posts"}],"about":[{"href":"https:\/\/www.novaconcursos.com.br\/portal\/wp-json\/wp\/v2\/types\/post"}],"author":[{"embeddable":true,"href":"https:\/\/www.novaconcursos.com.br\/portal\/wp-json\/wp\/v2\/users\/54671"}],"replies":[{"embeddable":true,"href":"https:\/\/www.novaconcursos.com.br\/portal\/wp-json\/wp\/v2\/comments?post=145117"}],"version-history":[{"count":4,"href":"https:\/\/www.novaconcursos.com.br\/portal\/wp-json\/wp\/v2\/posts\/145117\/revisions"}],"predecessor-version":[{"id":145144,"href":"https:\/\/www.novaconcursos.com.br\/portal\/wp-json\/wp\/v2\/posts\/145117\/revisions\/145144"}],"wp:featuredmedia":[{"embeddable":true,"href":"https:\/\/www.novaconcursos.com.br\/portal\/wp-json\/wp\/v2\/media\/134029"}],"wp:attachment":[{"href":"https:\/\/www.novaconcursos.com.br\/portal\/wp-json\/wp\/v2\/media?parent=145117"}],"wp:term":[{"taxonomy":"category","embeddable":true,"href":"https:\/\/www.novaconcursos.com.br\/portal\/wp-json\/wp\/v2\/categories?post=145117"},{"taxonomy":"post_tag","embeddable":true,"href":"https:\/\/www.novaconcursos.com.br\/portal\/wp-json\/wp\/v2\/tags?post=145117"}],"curies":[{"name":"wp","href":"https:\/\/api.w.org\/{rel}","templated":true}]}}