{"id":145260,"date":"2021-10-07T15:50:40","date_gmt":"2021-10-07T18:50:40","guid":{"rendered":"https:\/\/www.novaconcursos.com.br\/portal\/?p=145260"},"modified":"2021-10-07T15:50:46","modified_gmt":"2021-10-07T18:50:46","slug":"concurso-rj-regime-recuperacao-aprovado","status":"publish","type":"post","link":"https:\/\/www.novaconcursos.com.br\/portal\/noticias\/concurso-rj-regime-recuperacao-aprovado\/","title":{"rendered":"Concurso RJ: Novo regime de recupera\u00e7\u00e3o \u00e9 aprovado pela ALERJ com editais previstos!"},"content":{"rendered":"<p>Foi <strong>aprovado <\/strong>pela Assembleia Legislativa, na \u00faltima ter\u00e7a-feira (05), o novo <strong>regime de recupera\u00e7\u00e3o fiscal <\/strong>no Estado do Rio de Janeiro. H\u00e1 <strong>previs\u00e3o <\/strong>de novos <a href=\"https:\/\/www.novaconcursos.com.br\/portal\/concursos-previstos\/rj\/\">concursos RJ<\/a>. Entenda!<\/p>\n\n\n\n<ul class=\"wp-block-list\"><li><strong>Confira:<\/strong> <a href=\"https:\/\/www.novaconcursos.com.br\/eventos\/curso-gratis-pc-rj\/\" target=\"_blank\" rel=\"noreferrer noopener\" aria-label=\"Curso Gr\u00e1tis Pol\u00edcia Civil RJ (abre numa nova aba)\">Curso Gr\u00e1tis Pol\u00edcia Civil RJ<\/a><\/li><\/ul><p><\/p>\n\n\n\n<h2 class=\"wp-block-heading\" id=\"concursos-rj-plano-de-recuperao-fiscal-aprovado\">Concursos RJ: Plano de Recupera\u00e7\u00e3o Fiscal \u00e9 aprovado<\/h2>\n\n\n\n<p>O novo <strong>Plano de Recupera\u00e7\u00e3o Fiscal<\/strong> foi aprovado pela Assembleia Legislativa do <a href=\"https:\/\/www.novaconcursos.com.br\/portal\/concursos-abertos\/rj\/\">Estado do Rio de Janeiro<\/a>, trazendo a previs\u00e3o de novos concursos p\u00fablicos.<\/p>\n\n\n\n<p>O texto foi aprovado na \u00faltima ter\u00e7a-feira (05) e agora seguir\u00e1 para o governador Cl\u00e1udio Castro, que tem at\u00e9 15 dias para <strong>sancion\u00e1-lo ou vet\u00e1-lo. <\/strong><\/p>\n\n\n\n<p>Vale destacar que, ao todo, todas as medidas enviadas pelo Governo Estadual receberam cerca de <strong>1.200 emendas.  <\/strong><\/p>\n\n\n\n<p>Segundo o <strong>projeto de lei 4852\/21<\/strong>, est\u00e1 prevista a realiza\u00e7\u00e3o de concursos e nomea\u00e7\u00f5es em \u00e1reas essenciais, como Sa\u00fade, Educa\u00e7\u00e3o, Ci\u00eancia e Tecnologia e Seguran\u00e7a. Confira o trecho:<\/p>\n\n\n\n<p><em>\u201cIV \u2013 Independentemente do que previsto no Plano de Recupera\u00e7\u00e3o Fiscal homologado, sempre que as Pastas de Seguran\u00e7a, Sa\u00fade e Educa\u00e7\u00e3o apresentarem d\u00e9ficit de pessoal superior a 30% (trinta por cento) do quantitativo fixado, dever\u00e1 ser aberto concurso p\u00fablico para o preenchimento dos cargos vagos, no percentual m\u00ednimo de 10%\u201d.<\/em><\/p>\n\n\n\n<p>Entretanto, importante ressaltar que a realiza\u00e7\u00e3o dos certames e as nomea\u00e7\u00f5es ser\u00e3o <strong>autorizadas <\/strong>observando as seguintes <strong>hip\u00f3teses<\/strong>:<\/p>\n\n\n\n<ul class=\"wp-block-list\"><li>I \u2013 as reposi\u00e7\u00f5es de cargos de chefia e de dire\u00e7\u00e3o e assessoramento que n\u00e3o acarretem aumento de despesa;<\/li><li>II \u2013 as reposi\u00e7\u00f5es de contrata\u00e7\u00f5es tempor\u00e1rias;<\/li><li>III \u2013 o provimento de cargos efetivos essenciais \u00e0 continuidade dos servi\u00e7os p\u00fablicos, desde que expressamente previstos no Plano de Recupera\u00e7\u00e3o Fiscal homologado.<\/li><li>IV \u2013 de concursos p\u00fablicos j\u00e1 em andamento<\/li><li>V \u2013 concursos p\u00fablicos homologados at\u00e9 a aprova\u00e7\u00e3o do novo regime<\/li><\/ul><p><\/p>\n\n\n\n<p>Al\u00e9m disso, a Assembleia ainda aprovou emendas para permitir a<strong> realiza\u00e7\u00e3o de concursos<\/strong>\u00a0para preencher todas as vac\u00e2ncias de servidores que aconteceram a partir de\u00a0<strong>06 de setembro de 2017<\/strong>.<\/p>\n\n\n\n<p>Sendo assim, o projeto de lei <strong>4852\/21,<\/strong> do Poder Executivo, adequa a legisla\u00e7\u00e3o estadual referente ao antigo RRF, <strong>homologado em 2017,<\/strong> \u00e0s novas regras estabelecidas pelo Governo Federal por meio de leis complementares.<\/p>\n\n\n\n<h2 class=\"wp-block-heading\" id=\"h-concurso-rj-editais-autorizados\">Concurso RJ: v\u00e1rios editais est\u00e3o autorizados<\/h2>\n\n\n\n<p>V\u00e1rios concursos est\u00e3o autorizados no <a href=\"https:\/\/www.novaconcursos.com.br\/portal\/concursos-previstos\/rj\/\">Rio de Janeiro<\/a> e poder\u00e3o ter <strong>editais publicados muito em breve<\/strong>, alguns inclusive j\u00e1 foram.<\/p>\n\n\n\n<p>O\u00a0<a rel=\"noreferrer noopener\" href=\"https:\/\/s3-sa-east-1.amazonaws.com\/diariospdf\/_2021\/04\/26\/diario_executivo_estado_rio_de_janeiro\/1e\/c20303708f02128d98c89860dccb56e8\/diarioOficial.pdf\" target=\"_blank\"><strong>Decreto n\u00b0 47.585<\/strong><\/a>, que foi publicado no Di\u00e1rio Oficial de 26 de abril, tornou p\u00fablico o <strong>bloqueio de cargos <\/strong>na administra\u00e7\u00e3o direta e indireta do Rio de Janeiro.<\/p>\n\n\n\n<p>Entretanto, o documento ainda apresentou uma <strong>lista de \u00f3rg\u00e3os e vagas<\/strong> que poder\u00e3o ser ocupadas, ap\u00f3s a realiza\u00e7\u00e3o do procedimento administrativo. S\u00e3o eles:<\/p>\n\n\n\n<ul class=\"wp-block-list\"><li>Pol\u00edcia Civil: 400 vagas<\/li><li>Administra\u00e7\u00e3o Penitenci\u00e1ria: 300 vagas<\/li><li>Pol\u00edcia Militar: 700 vagas<\/li><li>Defesa Civil: 300 vagas<\/li><li>Secretaria de Educa\u00e7\u00e3o: 300 vagas<\/li><li>Secretaria de Fazenda: 40 vagas<\/li><li>Ag\u00eancia Reguladora de Energia e Saneamento B\u00e1sico: 40 vagas<\/li><li>Procuradoria-Geral: 27 vagas<\/li><\/ul>","protected":false},"excerpt":{"rendered":"<p>Foi aprovado pela Assembleia Legislativa, na \u00faltima ter\u00e7a-feira (05), o novo regime de recupera\u00e7\u00e3o fiscal no Estado do Rio de Janeiro. H\u00e1 previs\u00e3o de novos concursos RJ. Entenda! Confira: Curso Gr\u00e1tis Pol\u00edcia Civil RJ Concursos RJ: Plano de Recupera\u00e7\u00e3o Fiscal \u00e9 aprovado O novo Plano de Recupera\u00e7\u00e3o Fiscal foi aprovado pela Assembleia Legislativa do Estado [&hellip;]<\/p>\n","protected":false},"author":54671,"featured_media":131244,"comment_status":"closed","ping_status":"closed","sticky":false,"template":"","format":"standard","meta":{"_acf_changed":false,"footnotes":"","_wp_rev_ctl_limit":""},"categories":[228],"tags":[36573,3726,198,2578,12326,17234,41949,41950,41951,1326],"class_list":["post-145260","post","type-post","status-publish","format-standard","has-post-thumbnail","hentry","category-noticias","tag-concursos-2021","tag-concursos-abertos","tag-concursos-previstos","tag-concursos-publicos","tag-concursos-rio-de-janeiro","tag-concursos-rj","tag-concursos-rj-autorizados","tag-editais-previstos-tj","tag-regime-de-recuperacao-fiscal-rj","tag-rio-de-janeiro"],"acf":[],"_links":{"self":[{"href":"https:\/\/www.novaconcursos.com.br\/portal\/wp-json\/wp\/v2\/posts\/145260","targetHints":{"allow":["GET"]}}],"collection":[{"href":"https:\/\/www.novaconcursos.com.br\/portal\/wp-json\/wp\/v2\/posts"}],"about":[{"href":"https:\/\/www.novaconcursos.com.br\/portal\/wp-json\/wp\/v2\/types\/post"}],"author":[{"embeddable":true,"href":"https:\/\/www.novaconcursos.com.br\/portal\/wp-json\/wp\/v2\/users\/54671"}],"replies":[{"embeddable":true,"href":"https:\/\/www.novaconcursos.com.br\/portal\/wp-json\/wp\/v2\/comments?post=145260"}],"version-history":[{"count":4,"href":"https:\/\/www.novaconcursos.com.br\/portal\/wp-json\/wp\/v2\/posts\/145260\/revisions"}],"predecessor-version":[{"id":145264,"href":"https:\/\/www.novaconcursos.com.br\/portal\/wp-json\/wp\/v2\/posts\/145260\/revisions\/145264"}],"wp:featuredmedia":[{"embeddable":true,"href":"https:\/\/www.novaconcursos.com.br\/portal\/wp-json\/wp\/v2\/media\/131244"}],"wp:attachment":[{"href":"https:\/\/www.novaconcursos.com.br\/portal\/wp-json\/wp\/v2\/media?parent=145260"}],"wp:term":[{"taxonomy":"category","embeddable":true,"href":"https:\/\/www.novaconcursos.com.br\/portal\/wp-json\/wp\/v2\/categories?post=145260"},{"taxonomy":"post_tag","embeddable":true,"href":"https:\/\/www.novaconcursos.com.br\/portal\/wp-json\/wp\/v2\/tags?post=145260"}],"curies":[{"name":"wp","href":"https:\/\/api.w.org\/{rel}","templated":true}]}}