{"id":145691,"date":"2021-10-14T09:44:43","date_gmt":"2021-10-14T12:44:43","guid":{"rendered":"https:\/\/www.novaconcursos.com.br\/portal\/?p=145691"},"modified":"2021-10-14T09:44:51","modified_gmt":"2021-10-14T12:44:51","slug":"concurso-policia-federal-resultado-final-da-primeira-etapa-divulgado","status":"publish","type":"post","link":"https:\/\/www.novaconcursos.com.br\/portal\/noticias\/concurso-policia-federal-resultado-final-da-primeira-etapa-divulgado\/","title":{"rendered":"Concurso Pol\u00edcia Federal: Resultado final da 1\u00aa etapa foi divulgado!"},"content":{"rendered":"<p>Candidatos do <a href=\"https:\/\/www.novaconcursos.com.br\/portal\/concursos\/concurso-policia-federal\/\">concurso Pol\u00edcia Federal<\/a>, aten\u00e7\u00e3o! Foram divulgados o <strong>resultado final da 1\u00aa etapa<\/strong> do concurso e as <strong>convoca\u00e7\u00f5es<\/strong> para as pr\u00f3ximas fases dos cargos de Delegado, Agente e Escriv\u00e3o.<\/p>\n\n\n\n<ul class=\"wp-block-list\"><li><strong>Confira: <\/strong><a href=\"https:\/\/www.novaconcursos.com.br\/eventos\/e-book-questoes-comentadas-policia-federal\/\" target=\"_blank\" rel=\"noreferrer noopener\" aria-label=\" (abre numa nova aba)\">Quest\u00f5es Comentadas Pol\u00edcia Federal \u2013 Gr\u00e1tis<\/a><\/li><\/ul><p><\/p>\n\n\n\n<p>Foram divulgados por meio do Di\u00e1rio Oficial da Uni\u00e3o e do site da banca organizadora do concurso da Pol\u00edcia Federal o <strong>resultado final da 1\u00aa etapa <\/strong>avaliativa para o cargo de <strong>Agente<\/strong>, bem como as <strong>convoca\u00e7\u00f5es <\/strong>para as seguintes etapas das carreiras de <strong>Escriv\u00e3o e Delegado.<\/strong><\/p>\n\n\n\n<ul class=\"wp-block-list\"><li><strong>Adquira: <\/strong><a href=\"https:\/\/www.novaconcursos.com.br\/concurso\/pf-policia-federal\/apostila\">Apostila Concurso Pol\u00edcia Federal<\/a><\/li><li><strong>Adquira:<\/strong> <a href=\"https:\/\/www.novaconcursos.com.br\/concurso\/pf-policia-federal\/curso-online\">Curso Online Concurso Pol\u00edcia Federal<\/a><\/li><\/ul><p><\/p>\n\n\n\n<p>Al\u00e9m disso, a convoca\u00e7\u00e3o da primeira turma para o <strong>Curso de Forma\u00e7\u00e3o Profissional<\/strong> (para o cargo de <strong>Agente<\/strong>) j\u00e1 foi anunciada, de forma que os convocados devem realizar sua <strong>matr\u00edcula <\/strong>at\u00e9 as 12 horas de hoje, <strong>14 de outubro.<\/strong><\/p>\n\n\n\n<p>Para isso, devem apresentar-se na <strong>Academia Nacional de Pol\u00edcia<\/strong>, localizada na Rodovia DF 001 KM \u2013 02, Setor Habitacional Taquari \u2013 Lago Norte, Bras\u00edlia\/DF.<\/p>\n\n\n\n<h2 class=\"wp-block-heading\" id=\"concurso-polcia-federal-resultados-e-convocaes\">Concurso Pol\u00edcia Federal: resultados e convoca\u00e7\u00f5es<\/h2>\n\n\n\n<p>Os candidatos do concurso Pol\u00edcia Federal podem acessar o site da <strong>banca organizadora<\/strong> do certame, o <a href=\"https:\/\/www.cebraspe.org.br\/concursos\/pf_21\" target=\"_blank\" rel=\"noreferrer noopener\" aria-label=\"Cebraspe (abre numa nova aba)\">Cebraspe<\/a>, para verificar os <strong>documentos <\/strong>publicados na \u00e1rea de \u201cEditais, comunicados e informa\u00e7\u00f5es\u201d.<\/p>\n\n\n\n<p>O primeiro deles se trata da convoca\u00e7\u00e3o para a <strong>prova oral<\/strong>, exclusiva do cargo de <strong>Delegado<\/strong>, e para a <strong>prova de digita\u00e7\u00e3o<\/strong>, exclusiva da carreira de <strong>Escriv\u00e3o:<\/strong><\/p>\n\n\n\n<ul class=\"wp-block-list\"><li>O DIRETOR DE GEST\u00c3O DE PESSOAL torna p\u00fablicas a <strong>convoca\u00e7\u00e3o para a prova oral<\/strong>, somente para o cargo de Delegado de Pol\u00edcia Federal, e a <strong>convoca\u00e7\u00e3o para a prova pr\u00e1tica de digita\u00e7\u00e3o<\/strong>, somente para o cargo de Escriv\u00e3o de Pol\u00edcia Federal, referentes ao concurso p\u00fablico para o provimento de vagas nos cargos de <strong>DELEGADO DE POL\u00cdCIA FEDERAL, AGENTE DE POL\u00cdCIA FEDERAL, ESCRIV\u00c3O DE POL\u00cdCIA FEDERAL e PAPILOSCOPISTA POLICIAL FEDERAL.<\/strong><\/li><\/ul><p><\/p>\n\n\n\n<p>Ademais, tanto a prova oral quanto a prova pr\u00e1tica de digita\u00e7\u00e3o acontecer\u00e3o no dia<strong> 24 de outubro, em Bras\u00edlia\/DF.<\/strong> Os candidatos devem acessar o site da banca a partir de <strong>20 de outubro <\/strong>para consultar o <strong>local e o hor\u00e1rio<\/strong> de realiza\u00e7\u00e3o da etapa.<\/p>\n\n\n\n<p>O segundo documento, por sua vez, anuncia diversos <strong>resultados para o cargo de Agente<\/strong>, como os resultados finais da avalia\u00e7\u00e3o biopsicossocial dos candidatos PcDs, dos candidatos que se autodeclararam negros e da primeira etapa do concurso, al\u00e9m da <strong>convoca\u00e7\u00e3o <\/strong>para o Curso de Forma\u00e7\u00e3o Profissional:<\/p>\n\n\n\n<ul class=\"wp-block-list\"><li>O DIRETOR DE GEST\u00c3O DE PESSOAL torna p\u00fablicos, somente para o cargo de <strong>Agente de Pol\u00edcia Federal<\/strong>, os <strong>resultados\u00a0 finais:\u00a0 na\u00a0 avalia\u00e7\u00e3o\u00a0 biopsicossocial\u00a0 dos\u00a0 candidatos\u00a0 que\u00a0 solicitaram\u00a0 concorrer \u00a0como\u00a0 pessoas\u00a0 com\u00a0 defici\u00eancia,\u00a0 <\/strong>no<strong>\u00a0 procedimento\u00a0 de\u00a0 heteroidentifica\u00e7\u00e3o\u00a0 dos\u00a0 candidatos\u00a0 que\u00a0 se autodeclaram\u00a0 negros<\/strong>,\u00a0 no\u00a0 <strong>envio\u00a0 dos\u00a0 documentos\u00a0 necess\u00e1rios\u00a0 \u00e0\u00a0 matr\u00edcula\u00a0 no\u00a0 curso\u00a0 de\u00a0 forma\u00e7\u00e3o profissional (CFP),<\/strong> a <strong>rela\u00e7\u00e3o final dos candidatos que compareceram ao primeiro momento da avalia\u00e7\u00e3o psicol\u00f3gica<\/strong>, bem como o <strong>resultado final na primeira etapa do concurso<\/strong>, a <strong>convoca\u00e7\u00e3o para a matr\u00edcula na segunda etapa \u2013 CFP (primeira turma)<\/strong> e a <strong>altera\u00e7\u00e3o do enxoval do Curso de Forma\u00e7\u00e3o Profissional<\/strong>, referentes\u00a0 ao\u00a0 concurso\u00a0 p\u00fablico\u00a0 para\u00a0 o\u00a0 provimento\u00a0 de\u00a0 vagas\u00a0 nos\u00a0 cargos\u00a0 de\u00a0 <strong>DELEGADO\u00a0 DE\u00a0 POL\u00cdCIA FEDERAL, AGENTE DE POL\u00cdCIA FEDERAL, ESCRIV\u00c3O DE POL\u00cdCIA FEDERAL<\/strong> e <strong>PAPILOSCOPISTA POLICIAL FEDERAL.<\/strong><\/li><\/ul><p><\/p>\n\n\n\n<h2 class=\"wp-block-heading\" id=\"vagas-cargos-e-remuneraes\">Vagas, cargos e remunera\u00e7\u00f5es<\/h2>\n\n\n\n<p>O concurso da Pol\u00edcia <a href=\"https:\/\/www.novaconcursos.com.br\/portal\/concursos-abertos\/nacional\/\">Federal<\/a> possui a oferta de <strong>1.500 vagas imediatas<\/strong> mais 500 oportunidades j\u00e1 confirmadas para excedentes. Ademais, todas as vagas t\u00eam como exig\u00eancia o <strong>n\u00edvel superior<\/strong>, e est\u00e3o distribu\u00eddas entre os seguintes cargos:<\/p>\n\n\n\n<ul class=\"wp-block-list\"><li><strong>Agente:<\/strong> 893 vagas;<\/li><li><strong>Delegado:<\/strong> 123 vagas;<\/li><li><strong>Escriv\u00e3o:<\/strong> 400 vagas;<\/li><li><strong>Papiloscopista:<\/strong> 84 vagas.<\/li><\/ul><p><\/p>\n\n\n\n<p>Al\u00e9m disso, as<strong> remunera\u00e7\u00f5es <\/strong>para os cargos de Agente, Escriv\u00e3o e Papiloscopista possuem o valor de<strong> R$12.522,50<\/strong>. J\u00e1 para Delegado os ganhos chegam a<strong> R$23.692,74.<\/strong><\/p>\n\n\n\n<p>Ademais, todos os cargos possuem uma jornada de trabalho de <strong>40 horas semanais<\/strong>. Vale lembrar que para a carreira de Delegado era necess\u00e1rio o Bacharelado em Direito.<\/p>\n\n\n\n<h2 class=\"wp-block-heading\" id=\"concurso-polcia-federal-etapas\">Concurso Pol\u00edcia Federal: etapas<\/h2>\n\n\n\n<p>Os inscritos na sele\u00e7\u00e3o da Pol\u00edcia <a href=\"https:\/\/www.novaconcursos.com.br\/portal\/concursos-previstos\/nacional\/\">Federal<\/a> j\u00e1 passaram por algumas das <strong>etapas avaliativas<\/strong>. Conhe\u00e7a todas elas:<\/p>\n\n\n\n<ul class=\"wp-block-list\"><li>Provas Objetivas e Provas Discursivas (eliminat\u00f3ria e classificat\u00f3ria);<\/li><li>Exame de Aptid\u00e3o F\u00edsica (eliminat\u00f3rio);<\/li><li>Exame M\u00e9dico (eliminat\u00f3rio);<\/li><li>Prova Oral (eliminat\u00f3ria e classificat\u00f3ria, somente para Delegado);<\/li><li>Prova Pr\u00e1tica de Digita\u00e7\u00e3o (eliminat\u00f3rio, somente para Escriv\u00e3o);<\/li><li>Avalia\u00e7\u00e3o de T\u00edtulos (classificat\u00f3ria);<\/li><li>Avalia\u00e7\u00e3o Psicol\u00f3gica (eliminat\u00f3ria).<\/li><\/ul><p><\/p>\n\n\n\n<p>Al\u00e9m disso, uma vez que se trata de um <strong>concurso nacional<\/strong>, as vagas n\u00e3o est\u00e3o distribu\u00eddas por regi\u00e3o, de forma que as lota\u00e7\u00f5es acontecer\u00e3o conforme a<strong> necessidade das unidades.<\/strong><\/p>","protected":false},"excerpt":{"rendered":"<p>Candidatos do concurso Pol\u00edcia Federal, aten\u00e7\u00e3o! Foram divulgados o resultado final da 1\u00aa etapa do concurso e as convoca\u00e7\u00f5es para as pr\u00f3ximas fases dos cargos de Delegado, Agente e Escriv\u00e3o. Confira: Quest\u00f5es Comentadas Pol\u00edcia Federal \u2013 Gr\u00e1tis Foram divulgados por meio do Di\u00e1rio Oficial da Uni\u00e3o e do site da banca organizadora do concurso da [&hellip;]<\/p>\n","protected":false},"author":54674,"featured_media":125942,"comment_status":"closed","ping_status":"closed","sticky":false,"template":"","format":"standard","meta":{"_acf_changed":false,"footnotes":"","_wp_rev_ctl_limit":""},"categories":[228],"tags":[38737,197,22777,38659,42076,41815,35049,42077,26923],"class_list":["post-145691","post","type-post","status-publish","format-standard","has-post-thumbnail","hentry","category-noticias","tag-cargos-concurso-policia-federal","tag-concurso-policia-federal","tag-concurso-policia-federal-pf","tag-concurso-policia-federal-2021","tag-concurso-policia-federal-convocacoes","tag-concurso-policia-federal-remuneracoes","tag-policia-federal-pf","tag-resultado-final-concurso-policia-federal","tag-vagas-concurso-policia-federal"],"acf":[],"_links":{"self":[{"href":"https:\/\/www.novaconcursos.com.br\/portal\/wp-json\/wp\/v2\/posts\/145691","targetHints":{"allow":["GET"]}}],"collection":[{"href":"https:\/\/www.novaconcursos.com.br\/portal\/wp-json\/wp\/v2\/posts"}],"about":[{"href":"https:\/\/www.novaconcursos.com.br\/portal\/wp-json\/wp\/v2\/types\/post"}],"author":[{"embeddable":true,"href":"https:\/\/www.novaconcursos.com.br\/portal\/wp-json\/wp\/v2\/users\/54674"}],"replies":[{"embeddable":true,"href":"https:\/\/www.novaconcursos.com.br\/portal\/wp-json\/wp\/v2\/comments?post=145691"}],"version-history":[{"count":4,"href":"https:\/\/www.novaconcursos.com.br\/portal\/wp-json\/wp\/v2\/posts\/145691\/revisions"}],"predecessor-version":[{"id":145695,"href":"https:\/\/www.novaconcursos.com.br\/portal\/wp-json\/wp\/v2\/posts\/145691\/revisions\/145695"}],"wp:featuredmedia":[{"embeddable":true,"href":"https:\/\/www.novaconcursos.com.br\/portal\/wp-json\/wp\/v2\/media\/125942"}],"wp:attachment":[{"href":"https:\/\/www.novaconcursos.com.br\/portal\/wp-json\/wp\/v2\/media?parent=145691"}],"wp:term":[{"taxonomy":"category","embeddable":true,"href":"https:\/\/www.novaconcursos.com.br\/portal\/wp-json\/wp\/v2\/categories?post=145691"},{"taxonomy":"post_tag","embeddable":true,"href":"https:\/\/www.novaconcursos.com.br\/portal\/wp-json\/wp\/v2\/tags?post=145691"}],"curies":[{"name":"wp","href":"https:\/\/api.w.org\/{rel}","templated":true}]}}