{"id":145772,"date":"2021-10-14T14:42:47","date_gmt":"2021-10-14T17:42:47","guid":{"rendered":"https:\/\/www.novaconcursos.com.br\/portal\/?p=145772"},"modified":"2021-10-19T14:35:42","modified_gmt":"2021-10-19T17:35:42","slug":"concurso-ana-regimento-interno-foi-publicado","status":"publish","type":"post","link":"https:\/\/www.novaconcursos.com.br\/portal\/noticias\/concurso-ana-regimento-interno-foi-publicado\/","title":{"rendered":"Concurso ANA: Regimento interno foi publicado!"},"content":{"rendered":"<p>Aten\u00e7\u00e3o, concurseiros! Em meios a expectativas, o <strong>Regimento Interno<\/strong> do <a href=\"https:\/\/www.novaconcursos.com.br\/portal\/concursos\/concurso-ana\/\">concurso ANA<\/a> foi publicado. Saiba mais!<\/p>\n\n\n\n<ul class=\"wp-block-list\"><li><strong>Confira<\/strong>: <a href=\"https:\/\/www.novaconcursos.com.br\/eventos\/guia-definitivo-plano-de-estudos-passo-a-passo\/\" target=\"_blank\" rel=\"noreferrer noopener\" aria-label=\"Guia Definitivo - Plano de Estudos Passo a Passo (GR\u00c1TIS) (abre numa nova aba)\">Guia Definitivo \u2013 Plano de Estudos Passo a Passo (GR\u00c1TIS)<\/a><\/li><\/ul><p><\/p>\n\n\n\n<p>A Ag\u00eancia Nacional de \u00c1guas (ANA) aguarda a <strong>autoriza\u00e7\u00e3o do Governo Federal <\/strong>para abrir novas sele\u00e7\u00f5es, assim como outros \u00f3rg\u00e3os federais. O pedido feito pela ANA foi de <strong>62 vagas.<\/strong><\/p>\n\n\n\n<p>O impacto Or\u00e7ament\u00e1rio que a poss\u00edvel nova sele\u00e7\u00e3o causar\u00e1 j\u00e1 foi calculado, de acordo com registros. Segundo o pedido feito pela Ag\u00eancia, as <strong>vagas ser\u00e3o divididas da seguinte maneira:<\/strong><\/p>\n\n\n\n<ul class=\"wp-block-list\"><li>35 vagas para o cargo de<strong> Especialista em Regula\u00e7\u00e3o de Recursos H\u00eddricos e Saneamento B\u00e1sico<\/strong>, que exige n\u00edvel superior de forma\u00e7\u00e3o em qualquer \u00e1rea; e<\/li><li>27 para o cargo de <strong>Analista Administrativo<\/strong>, que exige n\u00edvel superior de forma\u00e7\u00e3o em diversas especialidades.<\/li><\/ul><p><\/p>\n\n\n\n<h2 class=\"wp-block-heading\" id=\"concurso-ana-aguardado-desde-2020\">Concurso ANA \u00e9 aguardado desde 2020!<\/h2>\n\n\n\n<p>O <a href=\"https:\/\/www.novaconcursos.com.br\/portal\/concursos-abertos\/nacional\/\">concurso <\/a>ANA, que est\u00e1 dando andamento aos seus tr\u00e2mites agora, j\u00e1 havia sido mencionado e \u00e9 <strong>esperado desde 2020.<\/strong><\/p>\n\n\n\n<p>No ano passado, a Diretora Presidente da ANA, Christianne Dias, <strong>comentou sobre o novo certame<\/strong>:<\/p>\n\n\n\n<p>\u201c<em>Temos expectativas de receber 26 cargos comissionados, fazermos concurso p\u00fablico para suprir 100 vagas e or\u00e7amento anual de R$ 7 milh\u00f5es<\/em>\u201d, disse a Diretora.<\/p>\n\n\n\n<h2 class=\"wp-block-heading\" id=\"concurso-ana-salrios\">Concurso\nANA: Sal\u00e1rios<\/h2>\n\n\n\n<p>Os sal\u00e1rios dos funcion\u00e1rios da Ag\u00eancia Nacional de \u00c1guas s\u00e3o bastante atrativos. Confira os <strong>valores <\/strong>que est\u00e3o de acordo com o Portal da Transpar\u00eancia:<\/p>\n\n\n\n<ul class=\"wp-block-list\"><li>Especialista em Recursos H\u00eddricos e Especialista em Geoprocessamento: inicial de <strong>R$ 15.058,12<\/strong> e pode chegar a R$ 21.036,46;<\/li><li>Analista Administrativo: inicial de <strong>R$ 13.807,57<\/strong> e pode chegar a R$ 19.564,36;<\/li><li>T\u00e9cnico Administrativo: inicial de <strong>R$ 7.016,67 <\/strong>e pode chegar a R$ 10.147,08.<\/li><\/ul><p><\/p>\n\n\n\n<h2 class=\"wp-block-heading\" id=\"ltimos-certames-ana\">\u00daltimos\ncertames ANA<\/h2>\n\n\n\n<p>As \u00faltimas sele\u00e7\u00f5es realizadas pela a Ag\u00eancia <a href=\"https:\/\/www.novaconcursos.com.br\/portal\/concursos-previstos\/nacional\/\">Nacional <\/a>de \u00c1guas ocorreram em <strong>2008 e 2012<\/strong> para os cargos de Especialista em Recursos H\u00eddricos (2008) e Analista Administrativo (2008), que contou com diversas especialidades, e T\u00e9cnico Administrativo (2012).<\/p>\n\n\n\n<p>No caso do concurso de 2012, para o cargo de <strong>T\u00e9cnico<\/strong>, n\u00edvel m\u00e9dio, as disciplinas cobradas na <strong>Prova Objetiva<\/strong> foram:<\/p>\n\n\n\n<ul class=\"wp-block-list\"><li>L\u00edngua Portuguesa \u2013 10 quest\u00f5es;<\/li><li>Racioc\u00ednio L\u00f3gico \u2013 12 quest\u00f5es;<\/li><li>\u00c9tica \u2013 4 quest\u00f5es;<\/li><li>No\u00e7\u00f5es de Inform\u00e1tica \u2013 4 quest\u00f5es;<\/li><li>Legisla\u00e7\u00e3o Aplicada \u00e0 ANA \u2013 6 quest\u00f5es;<\/li><li>No\u00e7\u00f5es de Direito Constitucional \u2013 6 quest\u00f5es; e<\/li><li>No\u00e7\u00f5es de Direito Administrativo \u2013 8 quest\u00f5es.<\/li><\/ul><p><\/p>\n\n\n\n<p>J\u00e1 em <strong>2008<\/strong>, as <strong>mat\u00e9rias<\/strong> cobradas para os cargos de n\u00edvel superior foram: Portugu\u00eas, Ingl\u00eas, Racioc\u00ednio L\u00f3gico-Quantitativo, \u00c9tica na Administra\u00e7\u00e3o P\u00fablica, Recursos H\u00eddricos\/Legisla\u00e7\u00e3o Aplicada, Direito (Constitucional e Administrativo) e Conhecimentos Espec\u00edficos.<\/p>\n\n\n\n<p>Os candidatos tamb\u00e9m precisaram responder uma <strong>quest\u00e3o discursiva <\/strong>sobre Conhecimentos Espec\u00edficos, al\u00e9m de passarem por uma <strong>Avalia\u00e7\u00e3o de T\u00edtulos.<\/strong><\/p>","protected":false},"excerpt":{"rendered":"<p>Aten\u00e7\u00e3o, concurseiros! Em meios a expectativas, o Regimento Interno do concurso ANA foi publicado. Saiba mais! Confira: Guia Definitivo \u2013 Plano de Estudos Passo a Passo (GR\u00c1TIS) A Ag\u00eancia Nacional de \u00c1guas (ANA) aguarda a autoriza\u00e7\u00e3o do Governo Federal para abrir novas sele\u00e7\u00f5es, assim como outros \u00f3rg\u00e3os federais. O pedido feito pela ANA foi de [&hellip;]<\/p>\n","protected":false},"author":54673,"featured_media":121513,"comment_status":"closed","ping_status":"closed","sticky":false,"template":"","format":"standard","meta":{"_acf_changed":false,"footnotes":"","_wp_rev_ctl_limit":""},"categories":[228],"tags":[37117,5198,25060,25062,2506,38120,42116,42118,42120],"class_list":["post-145772","post","type-post","status-publish","format-standard","has-post-thumbnail","hentry","category-noticias","tag-agencia-nacional-de-aguas","tag-ana","tag-concurso-agencia-nacional-de-aguas","tag-concurso-ana","tag-concursos-nacionais","tag-editais-nacionais","tag-edital-ana","tag-edital-concurso-ana","tag-regimento-interno-ana"],"acf":[],"_links":{"self":[{"href":"https:\/\/www.novaconcursos.com.br\/portal\/wp-json\/wp\/v2\/posts\/145772","targetHints":{"allow":["GET"]}}],"collection":[{"href":"https:\/\/www.novaconcursos.com.br\/portal\/wp-json\/wp\/v2\/posts"}],"about":[{"href":"https:\/\/www.novaconcursos.com.br\/portal\/wp-json\/wp\/v2\/types\/post"}],"author":[{"embeddable":true,"href":"https:\/\/www.novaconcursos.com.br\/portal\/wp-json\/wp\/v2\/users\/54673"}],"replies":[{"embeddable":true,"href":"https:\/\/www.novaconcursos.com.br\/portal\/wp-json\/wp\/v2\/comments?post=145772"}],"version-history":[{"count":5,"href":"https:\/\/www.novaconcursos.com.br\/portal\/wp-json\/wp\/v2\/posts\/145772\/revisions"}],"predecessor-version":[{"id":145777,"href":"https:\/\/www.novaconcursos.com.br\/portal\/wp-json\/wp\/v2\/posts\/145772\/revisions\/145777"}],"wp:featuredmedia":[{"embeddable":true,"href":"https:\/\/www.novaconcursos.com.br\/portal\/wp-json\/wp\/v2\/media\/121513"}],"wp:attachment":[{"href":"https:\/\/www.novaconcursos.com.br\/portal\/wp-json\/wp\/v2\/media?parent=145772"}],"wp:term":[{"taxonomy":"category","embeddable":true,"href":"https:\/\/www.novaconcursos.com.br\/portal\/wp-json\/wp\/v2\/categories?post=145772"},{"taxonomy":"post_tag","embeddable":true,"href":"https:\/\/www.novaconcursos.com.br\/portal\/wp-json\/wp\/v2\/tags?post=145772"}],"curies":[{"name":"wp","href":"https:\/\/api.w.org\/{rel}","templated":true}]}}