{"id":145880,"date":"2021-10-18T16:38:12","date_gmt":"2021-10-18T19:38:12","guid":{"rendered":"https:\/\/www.novaconcursos.com.br\/portal\/?p=145880"},"modified":"2021-10-18T16:38:15","modified_gmt":"2021-10-18T19:38:15","slug":"concurso-pc-ms-contrato-banca-assinado","status":"publish","type":"post","link":"https:\/\/www.novaconcursos.com.br\/portal\/noticias\/concurso-pc-ms-contrato-banca-assinado\/","title":{"rendered":"Concurso PC MS: Contrato com a banca foi assinado!"},"content":{"rendered":"<p>O <strong>edital <\/strong>do <a href=\"https:\/\/www.novaconcursos.com.br\/portal\/concursos\/concurso-policia-civil-ms\/\">concurso PC MS<\/a> (Pol\u00edcia Civil do Mato Grosso do Sul) pode sair a <strong>qualquer momento<\/strong>. O contrato com a banca organizadora est\u00e1 assinado. Ser\u00e3o <strong>236 vagas<\/strong>, segundo a previs\u00e3o!<\/p>\n\n\n\n<ul class=\"wp-block-list\"><li><strong>Confira:<\/strong> <a href=\"https:\/\/www.novaconcursos.com.br\/eventos\/guia-definitivo-plano-de-estudos-passo-a-passo\/\" target=\"_blank\" rel=\"noreferrer noopener\" aria-label=\"Guia Definitivo Plano de Estudos (Gr\u00e1tis) (abre numa nova aba)\">Guia Definitivo Plano de Estudos (Gr\u00e1tis)<\/a><\/li><\/ul><p><\/p>\n\n\n\n<h2 class=\"wp-block-heading\" id=\"concurso-pc-ms-contrato-assinado-quando-sai-o-edital\">Concurso PC MS: contrato assinado, quando sai o edital?<\/h2>\n\n\n\n<p>O <strong>contrato <\/strong>entre a Pol\u00edcia Civil do <a href=\"https:\/\/www.novaconcursos.com.br\/portal\/concursos-abertos\/ms\/\">Estado do Mato Grosso<\/a> e a <strong>Fapec <\/strong>foi assinado para a organiza\u00e7\u00e3o do pr\u00f3ximo concurso da corpora\u00e7\u00e3o. <\/p>\n\n\n\n<ul class=\"wp-block-list\"><li><strong>Adquira:\u00a0<\/strong><a href=\"https:\/\/www.novaconcursos.com.br\/concurso\/pc-ms-policia-civil-mato-grosso-do-sul\/curso-online\">Curso Online Concurso PC MS<\/a><\/li><\/ul><p><\/p>\n\n\n\n<p>O extrato do contrato com a banca foi publicado no Di\u00e1rio Oficial do estado, nesta segunda-feira (18), <strong>assinado pelo secret\u00e1rio-adjunto<\/strong> de Administra\u00e7\u00e3o, \u00c9dio de Souza Viegas. <\/p>\n\n\n\n<p>Vale destacar que a\u00a0Funda\u00e7\u00e3o de Apoio a Pesquisa ao Ensino e a Cultura (Fapec)<strong> j\u00e1 havia sido anunciada<\/strong> na \u00faltima semana, mas aguardava a assinatura do contrato para ser oficialmente confirmada.<\/p>\n\n\n\n<p>A assinatura aconteceu na \u00faltima quinta-feira (14) e tem vig\u00eancia de 12 meses. Agora, o <strong>edital \u00e9 iminente<\/strong> e poder\u00e1 ser publicado a qualquer momento.   <\/p>\n\n\n\n<h2 class=\"wp-block-heading\" id=\"concurso-pc-ms-inscries-sero-abertas-nos-prximos-dias\">Concurso PC MS: <strong>Inscri\u00e7\u00f5es ser\u00e3o abertas nos pr\u00f3ximos dias<\/strong><\/h2>\n\n\n\n<p>O <strong>cronograma <\/strong>do concurso da Pol\u00edcia Civil do <a href=\"https:\/\/www.novaconcursos.com.br\/portal\/concursos-previstos\/ms\/\">Mato Grosso do Sul <\/a>ainda n\u00e3o foi divulgado, entretanto, \u00e9 poss\u00edvel que as <strong>inscri\u00e7\u00f5es <\/strong>j\u00e1 sejam abertas nos pr\u00f3ximos dias.<\/p>\n\n\n\n<p>A <strong>informa\u00e7\u00e3o <\/strong>foi confirmada pela secret\u00e1ria de Administra\u00e7\u00e3o e Desburocratiza\u00e7\u00e3o, Ana\u00a0Carolina Nardes.\u00a0<\/p>\n\n\n\n<p><em>\u201cEstamos trabalhando na constru\u00e7\u00e3o do cronograma de atividades do concurso e em alguns dias ser\u00e1 aberto o per\u00edodo de inscri\u00e7\u00f5es\u201d<\/em>, afirmou a chefe da pasta.<\/p>\n\n\n\n<h2 class=\"wp-block-heading\" id=\"concurso-pc-ms-so-236-vagas-autorizadas\"><strong>Concurso PC MS: s\u00e3o 236 vagas autorizadas<\/strong><\/h2>\n\n\n\n<p>Ao todo, a autoriza\u00e7\u00e3o \u00e9 para preenchimento de <strong>236 vagas<\/strong>. O aval foi dado pelo governador Reinaldo Azambuja. <\/p>\n\n\n\n<p>Ainda<strong> n\u00e3o se sabe se ser\u00e3o um ou dois editais<\/strong>, uma vez que as autoriza\u00e7\u00f5es foram publicadas em momento oportunos. <\/p>\n\n\n\n<p>Primeiro o governo autorizou <strong>206 vagas<\/strong> em diversos cargos; em seguida, autorizou <strong>30 vagas <\/strong>para Delegados. Confira a distribui\u00e7\u00e3o:<\/p>\n\n\n\n<ul class=\"wp-block-list\"><li>Perito Papiloscopista: 42 vagas;<\/li><li>Agente de Pol\u00edcia Cient\u00edfica: 36 vagas;<\/li><li>Perito Oficial Forense e Perito Criminal: 75 vagas;<\/li><li>Perito M\u00e9dico-legista: 53 vagas; e<\/li><li>Delegado: 30 vagas.<\/li><\/ul><p><\/p>\n\n\n\n<h2 class=\"wp-block-heading\" id=\"concurso-pc-ms-comisso-foi-formada-em-abril\">Concurso PC MS: comiss\u00e3o foi formada em abril<\/h2>\n\n\n\n<p>Lembrando que a <strong>comiss\u00e3o foi formada em abril <\/strong>deste ano e ficar\u00e1 respons\u00e1vel por\u00a0acompanhar\u00a0e fiscalizar\u00a0todos os tr\u00e2mites envolvendo a sele\u00e7\u00e3o.<\/p>\n\n\n\n<p>A comiss\u00e3o \u00e9 presidida\u00a0por <strong>Roberto Gurgel de Oliveira Silva<\/strong> e tem os servidores Viviane dos Santos Lima, Paulo Victor dos Santos Oliveira, Paulo S\u00e9rgio de Souza Lauretto e Jos\u00e9 de Anchieta Souza Silva, como membros.<\/p>\n\n\n\n<p>Al\u00e9m disso, foram designados servidores para uma <strong>comiss\u00e3o permanente <\/strong>de avalia\u00e7\u00e3o espec\u00edfica para cada um dos cargos. Confira:<\/p>\n\n\n\n<ul class=\"wp-block-list\"><li>Marcio Cristiano Paroba ficar\u00e1 respons\u00e1vel pela sele\u00e7\u00e3o de Perito Papiloscopista.<\/li><li>Keller Luiz de Oliveira vai acompanhar\u00a0os trabalhos referentes a sele\u00e7\u00e3o de Agentes de Pol\u00edcia Cient\u00edfica.<\/li><li>Ant\u00f4nio C\u00e9sar Moreira de Oliveira far\u00e1 parte da comiss\u00e3o permanente para os cargos de Perito Criminal e de Perito M\u00e9dico Legista.<\/li><\/ul>","protected":false},"excerpt":{"rendered":"<p>O edital do concurso PC MS (Pol\u00edcia Civil do Mato Grosso do Sul) pode sair a qualquer momento. O contrato com a banca organizadora est\u00e1 assinado. Ser\u00e3o 236 vagas, segundo a previs\u00e3o! Confira: Guia Definitivo Plano de Estudos (Gr\u00e1tis) Concurso PC MS: contrato assinado, quando sai o edital? O contrato entre a Pol\u00edcia Civil do [&hellip;]<\/p>\n","protected":false},"author":54671,"featured_media":128243,"comment_status":"closed","ping_status":"closed","sticky":false,"template":"","format":"standard","meta":{"_acf_changed":false,"footnotes":"","_wp_rev_ctl_limit":""},"categories":[228],"tags":[39843,39019,39842,20048,26466,20759,21647,37564,39841,39018,39840,39020,26467],"class_list":["post-145880","post","type-post","status-publish","format-standard","has-post-thumbnail","hentry","category-noticias","tag-banca-organizadora-concurso-pc-ms","tag-cargos-concurso-pc-ms","tag-comissao-organizadora-concurso-pc-ms","tag-concurso-pc-ms","tag-concurso-pc-ms-previsto","tag-pc-ms","tag-prova-concurso-pc-ms","tag-provas-concurso-pc-ms","tag-requisitos-concurso-pc-ms","tag-salario-concurso-pc-ms","tag-salarios-concurso-pc-ms","tag-ultimo-concurso-pc-ms","tag-vagas-concurso-pc-ms"],"acf":[],"_links":{"self":[{"href":"https:\/\/www.novaconcursos.com.br\/portal\/wp-json\/wp\/v2\/posts\/145880","targetHints":{"allow":["GET"]}}],"collection":[{"href":"https:\/\/www.novaconcursos.com.br\/portal\/wp-json\/wp\/v2\/posts"}],"about":[{"href":"https:\/\/www.novaconcursos.com.br\/portal\/wp-json\/wp\/v2\/types\/post"}],"author":[{"embeddable":true,"href":"https:\/\/www.novaconcursos.com.br\/portal\/wp-json\/wp\/v2\/users\/54671"}],"replies":[{"embeddable":true,"href":"https:\/\/www.novaconcursos.com.br\/portal\/wp-json\/wp\/v2\/comments?post=145880"}],"version-history":[{"count":9,"href":"https:\/\/www.novaconcursos.com.br\/portal\/wp-json\/wp\/v2\/posts\/145880\/revisions"}],"predecessor-version":[{"id":145889,"href":"https:\/\/www.novaconcursos.com.br\/portal\/wp-json\/wp\/v2\/posts\/145880\/revisions\/145889"}],"wp:featuredmedia":[{"embeddable":true,"href":"https:\/\/www.novaconcursos.com.br\/portal\/wp-json\/wp\/v2\/media\/128243"}],"wp:attachment":[{"href":"https:\/\/www.novaconcursos.com.br\/portal\/wp-json\/wp\/v2\/media?parent=145880"}],"wp:term":[{"taxonomy":"category","embeddable":true,"href":"https:\/\/www.novaconcursos.com.br\/portal\/wp-json\/wp\/v2\/categories?post=145880"},{"taxonomy":"post_tag","embeddable":true,"href":"https:\/\/www.novaconcursos.com.br\/portal\/wp-json\/wp\/v2\/tags?post=145880"}],"curies":[{"name":"wp","href":"https:\/\/api.w.org\/{rel}","templated":true}]}}