{"id":146243,"date":"2021-10-21T14:11:19","date_gmt":"2021-10-21T17:11:19","guid":{"rendered":"https:\/\/www.novaconcursos.com.br\/portal\/?p=146243"},"modified":"2021-10-21T14:11:22","modified_gmt":"2021-10-21T17:11:22","slug":"concurso-seed-ap-preparativos-novo-edital-iniciados","status":"publish","type":"post","link":"https:\/\/www.novaconcursos.com.br\/portal\/noticias\/concurso-seed-ap-preparativos-novo-edital-iniciados\/","title":{"rendered":"Concurso Seed AP: Preparativos para novo edital s\u00e3o iniciados!"},"content":{"rendered":"<p>Uma comiss\u00e3o organizadora foi formada para realizar os estudos para um novo <strong>concurso Seed AP<\/strong> para efetivos. Saiba mais informa\u00e7\u00f5es sobre os processos que j\u00e1 foram iniciados!<\/p>\n\n\n\n<ul class=\"wp-block-list\"><li><strong>Confira<\/strong>:<a href=\"https:\/\/www.novaconcursos.com.br\/eventos\/guia-definitivo-plano-de-estudos-passo-a-passo\/\" target=\"_blank\" rel=\"noreferrer noopener\" aria-label=\" Guia Definitivo - Plano de Estudos Passo a Passo (GR\u00c1TIS) (abre numa nova aba)\"> Guia Definitivo \u2013 Plano de Estudos Passo a Passo (GR\u00c1TIS)<\/a><\/li><\/ul><p><\/p>\n\n\n\n<p>Os <strong>preparativos <\/strong>para o concurso da Secretaria de Estado de Educa\u00e7\u00e3o do <a href=\"https:\/\/www.novaconcursos.com.br\/portal\/concursos-abertos\/ap\/\">Amap\u00e1 <\/a>j\u00e1 est\u00e3o sendo encaminhados e a<strong> comiss\u00e3o organizadora<\/strong> j\u00e1 est\u00e1 formada.<\/p>\n\n\n\n<p>Os nomes foram divulgados no Di\u00e1rio Oficial do Estado e o grupo ser\u00e1 respons\u00e1vel por <strong>realizar todos os estudos<\/strong> sobre a necessidade de novos funcion\u00e1rios para suprir o d\u00e9ficit na rede de ensino estadual.<\/p>\n\n\n\n<p>Esse grupo tem um prazo de <strong>30 dias<\/strong>, admitida a prorroga\u00e7\u00e3o por igual per\u00edodo, para finalizar os estudos iniciais.<\/p>\n\n\n\n<h2 class=\"wp-block-heading\" id=\"concurso-seed-ap-governo-do-amap-ainda-precisa-autorizar-o-c\">Concurso\nSeed AP: governo do Amap\u00e1 ainda precisa autorizar o certame<\/h2>\n\n\n\n<p>Ap\u00f3s os estudos iniciais serem realizados pela comiss\u00e3o organizadora, o <strong>governo precisar\u00e1 analisar<\/strong> as necessidades e os cargos que ser\u00e3o inclu\u00eddos no edital. S\u00f3 ent\u00e3o, caso o govenador autorize, a comiss\u00e3o poder\u00e1 trabalhar na escolha da <strong>banca <\/strong>que ser\u00e1 respons\u00e1vel pelo edital.<\/p>\n\n\n\n<p>Apesar de os tr\u00e2mites ainda estarem bem no in\u00edcio, mais no come\u00e7o de 2021, o Minist\u00e9rio P\u00fablico do <a href=\"https:\/\/www.novaconcursos.com.br\/portal\/concursos-previstos\/ap\/\">Amap\u00e1 <\/a>havia conseguido uma <strong>senten\u00e7a favor\u00e1vel <\/strong>\u00e0 realiza\u00e7\u00e3o do certame da Secretaria em 2021.<\/p>\n\n\n\n<p>No entanto, a determina\u00e7\u00e3o da realiza\u00e7\u00e3o do concurso entrou em vigor em fevereiro e teve 180 dias para ser realizado. Esse <strong>prazo acabou em agosto<\/strong> e o certame n\u00e3o teve novas tramita\u00e7\u00f5es.<\/p>\n\n\n\n<h2 class=\"wp-block-heading\" id=\"concurso-seed-ap-cargos-que-podem-ser-contemplados\">Concurso\nSeed AP: cargos que podem ser contemplados<\/h2>\n\n\n\n<p>Com os estudos para o concurso Seed do Amap\u00e1 sendo iniciados, surgem as perguntas sobre quais <strong>cargos <\/strong>podem estar presentes no pr\u00f3ximo edital. \u00a0A expectativa \u00e9 de que sejam contempladas as \u00e1reas de <strong>Magist\u00e9rio <\/strong>e tamb\u00e9m \u00e1reas de <strong>Apoio<\/strong>.<\/p>\n\n\n\n<p>Todas as duas \u00e1reas est\u00e3o h\u00e1 <strong>nove anos sem ter novas contrata\u00e7\u00f5es<\/strong>, apesar de o concurso ser prioridade da gest\u00e3o do governador do Amap\u00e1, Waldez G\u00f3es, desde 2019.<\/p>\n\n\n\n<p>Al\u00e9m disso, tamb\u00e9m \u00e9 prioridade do atual governador o fortalecimento e <strong>desenvolvimento <\/strong>da economia para mais investimentos focados na Sa\u00fade, Seguran\u00e7a P\u00fablica e <strong>Educa\u00e7\u00e3o<\/strong>.<\/p>\n\n\n\n<p>Assim sendo, novos editais para a Secretaria de Educa\u00e7\u00e3o eram bastante esperados, por\u00e9m at\u00e9 agora <strong>n\u00e3o sa\u00edram do papel.<\/strong><\/p>","protected":false},"excerpt":{"rendered":"<p>Uma comiss\u00e3o organizadora foi formada para realizar os estudos para um novo concurso Seed AP para efetivos. Saiba mais informa\u00e7\u00f5es sobre os processos que j\u00e1 foram iniciados! Confira: Guia Definitivo \u2013 Plano de Estudos Passo a Passo (GR\u00c1TIS) Os preparativos para o concurso da Secretaria de Estado de Educa\u00e7\u00e3o do Amap\u00e1 j\u00e1 est\u00e3o sendo encaminhados [&hellip;]<\/p>\n","protected":false},"author":54673,"featured_media":146255,"comment_status":"closed","ping_status":"closed","sticky":false,"template":"","format":"standard","meta":{"_acf_changed":false,"footnotes":"","_wp_rev_ctl_limit":""},"categories":[228],"tags":[42286,39326,198,39327,37802,42288,42287,37696,42285,42283,42284],"class_list":["post-146243","post","type-post","status-publish","format-standard","has-post-thumbnail","hentry","category-noticias","tag-concurso-seed-ap","tag-concursos-ap","tag-concursos-previstos","tag-editais-ap","tag-editais-previstos","tag-edital-concurso-seed-ap","tag-edital-seed-ap","tag-secretaria-de-educacao","tag-secretaria-de-educacao-do-amapa","tag-seed","tag-seed-ap"],"acf":[],"_links":{"self":[{"href":"https:\/\/www.novaconcursos.com.br\/portal\/wp-json\/wp\/v2\/posts\/146243","targetHints":{"allow":["GET"]}}],"collection":[{"href":"https:\/\/www.novaconcursos.com.br\/portal\/wp-json\/wp\/v2\/posts"}],"about":[{"href":"https:\/\/www.novaconcursos.com.br\/portal\/wp-json\/wp\/v2\/types\/post"}],"author":[{"embeddable":true,"href":"https:\/\/www.novaconcursos.com.br\/portal\/wp-json\/wp\/v2\/users\/54673"}],"replies":[{"embeddable":true,"href":"https:\/\/www.novaconcursos.com.br\/portal\/wp-json\/wp\/v2\/comments?post=146243"}],"version-history":[{"count":5,"href":"https:\/\/www.novaconcursos.com.br\/portal\/wp-json\/wp\/v2\/posts\/146243\/revisions"}],"predecessor-version":[{"id":146260,"href":"https:\/\/www.novaconcursos.com.br\/portal\/wp-json\/wp\/v2\/posts\/146243\/revisions\/146260"}],"wp:featuredmedia":[{"embeddable":true,"href":"https:\/\/www.novaconcursos.com.br\/portal\/wp-json\/wp\/v2\/media\/146255"}],"wp:attachment":[{"href":"https:\/\/www.novaconcursos.com.br\/portal\/wp-json\/wp\/v2\/media?parent=146243"}],"wp:term":[{"taxonomy":"category","embeddable":true,"href":"https:\/\/www.novaconcursos.com.br\/portal\/wp-json\/wp\/v2\/categories?post=146243"},{"taxonomy":"post_tag","embeddable":true,"href":"https:\/\/www.novaconcursos.com.br\/portal\/wp-json\/wp\/v2\/tags?post=146243"}],"curies":[{"name":"wp","href":"https:\/\/api.w.org\/{rel}","templated":true}]}}