{"id":146426,"date":"2021-10-22T14:35:04","date_gmt":"2021-10-22T17:35:04","guid":{"rendered":"https:\/\/www.novaconcursos.com.br\/portal\/?p=146426"},"modified":"2021-10-22T17:37:20","modified_gmt":"2021-10-22T20:37:20","slug":"concurso-seas-ce-saiu-edital-com-173-vagas-temporarias","status":"publish","type":"post","link":"https:\/\/www.novaconcursos.com.br\/portal\/noticias\/concurso-seas-ce-saiu-edital-com-173-vagas-temporarias\/","title":{"rendered":"Concurso Seas CE: Saiu o edital com 173 vagas tempor\u00e1rias!"},"content":{"rendered":"<p>Novidades para os concurseiros cearenses! Foi publicado o edital do novo <a href=\"https:\/\/www.novaconcursos.com.br\/portal\/concursos\/concurso-seas-ce\/\">concurso Seas CE<\/a>, que oferece oportunidades <strong>tempor\u00e1rias de n\u00edveis m\u00e9dio e superior.<\/strong><\/p>\n\n\n\n<ul class=\"wp-block-list\"><li><strong>Confira: <\/strong><a href=\"https:\/\/www.novaconcursos.com.br\/eventos\/guia-definitivo-plano-de-estudos-passo-a-passo\/\" target=\"_blank\" rel=\"noreferrer noopener\" aria-label=\" (abre numa nova aba)\">Guia Definitivo Plano de Estudos \u2013 Gr\u00e1tis<\/a><\/li><\/ul><p><\/p>\n\n\n\n<p>O edital do novo concurso da Superintend\u00eancia do Sistema Estadual de Atendimento Socioeducativo do Cear\u00e1 (Seas CE) foi publicado com uma oferta de <strong>173 vagas de n\u00edveis m\u00e9dio e superior<\/strong>, distribu\u00eddas entre <strong>4 cargos.<\/strong><\/p>\n\n\n\n<h2 class=\"wp-block-heading\" id=\"concurso-seas-ce-inscries\">Concurso Seas CE: inscri\u00e7\u00f5es<\/h2>\n\n\n\n<p>Os concurseiros interessados no concurso Seas CE poder\u00e3o se inscrever desde o dia <strong>3 de novembro at\u00e9 o dia 1\u00ba de dezembro de 2021<\/strong>. O processo deve ser realizado no site da banca organizadora do certame, a <a href=\"http:\/\/www.uece.br\/cev\/index.php\/noticias\/14-lista-de-noticias\/2340-2021-10-18-13-35-07\" target=\"_blank\" rel=\"noreferrer noopener\" aria-label=\"FUNECE (abre numa nova aba)\">FUNECE<\/a> (Funda\u00e7\u00e3o Universidade Estadual do Cear\u00e1).<\/p>\n\n\n\n<p>Al\u00e9m disso, \u00e9 necess\u00e1rio que os inscritos efetuem o pagamento da <strong>taxa de inscri\u00e7\u00e3o<\/strong>, que possui o valor de <strong>R$80<\/strong> para os cargos de n\u00edvel m\u00e9dio e <strong>R$130<\/strong> para os de n\u00edvel superior.<\/p>\n\n\n\n<p>Ademais, a <strong>isen\u00e7\u00e3o de taxa<\/strong> poder\u00e1 ser solicitada por servidores p\u00fablicos do estado, doares de sangue, egressos do ensino m\u00e9dio de escola p\u00fablica, pessoas com defici\u00eancia, hipossuficientes e candidatos cuja fam\u00edlia perceba at\u00e9 2 sal\u00e1rios m\u00ednimos. <\/p>\n\n\n\n<h2 class=\"wp-block-heading\" id=\"vagas-cargos-e-remuneraes\">Vagas, cargos e remunera\u00e7\u00f5es<\/h2>\n\n\n\n<p>O concurso da Superintend\u00eancia do Sistema Estadual de Atendimento Socioeducativo do <a href=\"https:\/\/www.novaconcursos.com.br\/portal\/concursos-abertos\/ce\/\">Cear\u00e1<\/a> oferta <strong>173 oportunidades tempor\u00e1rias<\/strong> imediatas de<strong> n\u00edveis m\u00e9dio e superior<\/strong>. A distribui\u00e7\u00e3o das vagas acontece entre 4 cargos, confira:<\/p>\n\n\n\n<p><strong>N\u00edvel m\u00e9dio<\/strong><\/p>\n\n\n\n<ul class=\"wp-block-list\"><li>Socioeducador \u2013 143 vagas.<\/li><\/ul><p><\/p>\n\n\n\n<p><strong>N\u00edvel superior<\/strong><\/p>\n\n\n\n<ul class=\"wp-block-list\"><li>Assistente Social \u2013 9 vagas;<\/li><li>Psic\u00f3logo \u2013 16 vagas;<\/li><li>Pedagogo \u2013 5 vagas.<\/li><\/ul><p><\/p>\n\n\n\n<p>Al\u00e9m disso, a <strong>remunera\u00e7\u00e3o<\/strong> para todos os cargos possui o valor de<strong> R$2.266.<\/strong> Para o cargo de Socioeducador, a jornada de trabalho conta com <strong>44 horas semanais<\/strong>. Para as demais carreiras, a carga \u00e9 de <strong>40 horas semanais.<\/strong><\/p>\n\n\n\n<h2 class=\"wp-block-heading\" id=\"quais-so-os-requisitos-do-concurso\">Quais s\u00e3o os requisitos do concurso?<\/h2>\n\n\n\n<p>Para fazer parte do quadro de tempor\u00e1rios da Seas CE, \u00e9 importante que os concurseiros que pretendem concorrer \u00e0s vagas observem quais <strong>requisitos b\u00e1sicos<\/strong> necessitam ser cumpridos. S\u00e3o eles:<\/p>\n\n\n\n<ul class=\"wp-block-list\"><li>Ter sido aprovado e classificado na Sele\u00e7\u00e3o P\u00fablica, regida por este Edital;<\/li><li>Ser brasileiro, na forma estabelecida no artigo 12 da Constitui\u00e7\u00e3o Federal de 1988, ou, em caso de nacionalidade portuguesa, estar amparado pelo estatuto de igualdade entre brasileiros e portugueses, com reconhecimento de gozo de direitos pol\u00edticos, nos termos do \u00a7 1\u00b0 deste mesmo artigo;<\/li><li>Ter idade m\u00ednima de 18 (dezoito) anos completos, comprovada por meio de documento de identidade, na data de admiss\u00e3o;<\/li><li>Estar em pleno gozo e no exerc\u00edcio dos seus direitos pol\u00edticos e civis;<\/li><li>Estar quite com as obriga\u00e7\u00f5es eleitorais;<\/li><li>Estar quite com as obriga\u00e7\u00f5es do servi\u00e7o militar, para os candidatos do sexo masculino;<\/li><li>N\u00e3o ter sofrido, no exerc\u00edcio de fun\u00e7\u00e3o p\u00fablica, penalidade incompat\u00edvel com a nova admiss\u00e3o na fun\u00e7\u00e3o p\u00fablica tempor\u00e1ria de sua op\u00e7\u00e3o na Sele\u00e7\u00e3o;<\/li><li>Apresentar no ato da contrata\u00e7\u00e3o, o certificado de conclus\u00e3o do ensino m\u00e9dio e a Carteira Nacional de Habilita\u00e7\u00e3o (CNH) \u2013 categoria B para fun\u00e7\u00f5es de n\u00edvel m\u00e9dio (Socioeducador) ou o diploma de gradua\u00e7\u00e3o para fun\u00e7\u00e3o de n\u00edvel superior, mediante c\u00f3pia e original de cada um destes documentos;<\/li><li>Estar registrado e com situa\u00e7\u00e3o regularizada junto ao conselho de fiscaliza\u00e7\u00e3o profissional para candidatos optantes pelas fun\u00e7\u00f5es de Assistente Social e Psic\u00f3logo.<\/li><li>Estar apto f\u00edsica e mentalmente para o exerc\u00edcio da fun\u00e7\u00e3o tempor\u00e1ria, de n\u00edvel m\u00e9dio ou de n\u00edvel superior de sua op\u00e7\u00e3o e n\u00e3o seja considerada pessoa com defici\u00eancia e incompat\u00edvel com as atribui\u00e7\u00f5es de tal fun\u00e7\u00e3o, desde que esta situa\u00e7\u00e3o seja devidamente comprovada.<\/li><li>Apresentar folha de antecedentes da Pol\u00edcia Federal e de Pol\u00edcia Estadual referentes aos lugares em que o candidato residiu nos \u00faltimos 5 (cinco) anos, contados retroativamente em rela\u00e7\u00e3o \u00e0 data do \u00faltimo dia de inscri\u00e7\u00e3o para esta Sele\u00e7\u00e3o P\u00fablica, desde que expedidas at\u00e9 6 (seis) meses anteriores \u00e0 data da contrata\u00e7\u00e3o;<\/li><li>Apresentar declara\u00e7\u00e3o de bens;<\/li><li>Apresentar declara\u00e7\u00e3o referente ao exerc\u00edcio, ou n\u00e3o, de outro cargo, emprego ou fun\u00e7\u00e3o p\u00fablica;<\/li><li>Cumprir todas as normas, condi\u00e7\u00f5es e disposi\u00e7\u00f5es estabelecidas neste Edital;<\/li><li>Apresentar outros documentos que se fizerem necess\u00e1rios para a contrata\u00e7\u00e3o.<\/li><\/ul><p><\/p>\n\n\n\n<h2 class=\"wp-block-heading\" id=\"concurso-seas-ce-provas\">Concurso Seas CE: provas<\/h2>\n\n\n\n<p>Os candidatos inscritos no <a href=\"https:\/\/www.novaconcursos.com.br\/portal\/concursos-previstos\/ce\/\">concurso<\/a> Seas CE ser\u00e3o avaliados por meio de <strong>duas etapas avaliativas:<\/strong> provas objetivas, de car\u00e1ter eliminat\u00f3rio e classificat\u00f3rio, e avalia\u00e7\u00e3o de t\u00edtulos, de car\u00e1ter classificat\u00f3rio.<\/p>\n\n\n\n<p>Al\u00e9m disso, a <strong>avalia\u00e7\u00e3o objetiva<\/strong> ser\u00e1 aplicada nas cidades de Fortaleza, Juazeiro do Norte e Sobral. O local exato, dia e hor\u00e1rio das provas ser\u00e3o <strong>posteriormente informados<\/strong> aos candidatos.<\/p>\n\n\n\n<p>Ademais, as <strong>disciplinas<\/strong> presentes nas provas objetivas ser\u00e3o as seguintes:<\/p>\n\n\n\n<ul class=\"wp-block-list\"><li>L\u00edngua Portuguesa (10);<\/li><li>Direitos Humanos (15);<\/li><li>Legisla\u00e7\u00e3o Especial (15);<\/li><li>Regimento Interno das Unidades da SEAS (10).<\/li><\/ul>","protected":false},"excerpt":{"rendered":"<p>Novidades para os concurseiros cearenses! Foi publicado o edital do novo concurso Seas CE, que oferece oportunidades tempor\u00e1rias de n\u00edveis m\u00e9dio e superior. Confira: Guia Definitivo Plano de Estudos \u2013 Gr\u00e1tis O edital do novo concurso da Superintend\u00eancia do Sistema Estadual de Atendimento Socioeducativo do Cear\u00e1 (Seas CE) foi publicado com uma oferta de 173 [&hellip;]<\/p>\n","protected":false},"author":54674,"featured_media":146430,"comment_status":"closed","ping_status":"closed","sticky":false,"template":"","format":"standard","meta":{"_acf_changed":false,"footnotes":"","_wp_rev_ctl_limit":""},"categories":[228],"tags":[42320,20516,42325,42323,42321,42324,42319,21033,42322,38899],"class_list":["post-146426","post","type-post","status-publish","format-standard","has-post-thumbnail","hentry","category-noticias","tag-cargos-concurso-seas-ce","tag-concurso-seas-ce","tag-concurso-seas-ce-edital","tag-concurso-seas-ce-provas","tag-concurso-seas-ce-remuneracoes","tag-concurso-seas-ce-temporario","tag-concurso-seas-ce-vagas","tag-inscricoes-concurso-seas-ce","tag-salarios-concurso-seas-ce","tag-seas-ce"],"acf":[],"_links":{"self":[{"href":"https:\/\/www.novaconcursos.com.br\/portal\/wp-json\/wp\/v2\/posts\/146426","targetHints":{"allow":["GET"]}}],"collection":[{"href":"https:\/\/www.novaconcursos.com.br\/portal\/wp-json\/wp\/v2\/posts"}],"about":[{"href":"https:\/\/www.novaconcursos.com.br\/portal\/wp-json\/wp\/v2\/types\/post"}],"author":[{"embeddable":true,"href":"https:\/\/www.novaconcursos.com.br\/portal\/wp-json\/wp\/v2\/users\/54674"}],"replies":[{"embeddable":true,"href":"https:\/\/www.novaconcursos.com.br\/portal\/wp-json\/wp\/v2\/comments?post=146426"}],"version-history":[{"count":6,"href":"https:\/\/www.novaconcursos.com.br\/portal\/wp-json\/wp\/v2\/posts\/146426\/revisions"}],"predecessor-version":[{"id":146463,"href":"https:\/\/www.novaconcursos.com.br\/portal\/wp-json\/wp\/v2\/posts\/146426\/revisions\/146463"}],"wp:featuredmedia":[{"embeddable":true,"href":"https:\/\/www.novaconcursos.com.br\/portal\/wp-json\/wp\/v2\/media\/146430"}],"wp:attachment":[{"href":"https:\/\/www.novaconcursos.com.br\/portal\/wp-json\/wp\/v2\/media?parent=146426"}],"wp:term":[{"taxonomy":"category","embeddable":true,"href":"https:\/\/www.novaconcursos.com.br\/portal\/wp-json\/wp\/v2\/categories?post=146426"},{"taxonomy":"post_tag","embeddable":true,"href":"https:\/\/www.novaconcursos.com.br\/portal\/wp-json\/wp\/v2\/tags?post=146426"}],"curies":[{"name":"wp","href":"https:\/\/api.w.org\/{rel}","templated":true}]}}