{"id":146445,"date":"2021-10-22T16:41:10","date_gmt":"2021-10-22T19:41:10","guid":{"rendered":"https:\/\/www.novaconcursos.com.br\/portal\/?p=146445"},"modified":"2021-10-22T16:41:14","modified_gmt":"2021-10-22T19:41:14","slug":"concurso-pc-am-como-foi-ultima-prova","status":"publish","type":"post","link":"https:\/\/www.novaconcursos.com.br\/portal\/noticias\/concurso-pc-am-como-foi-ultima-prova\/","title":{"rendered":"Concurso PC AM: Como foi a \u00faltima prova?"},"content":{"rendered":"<p>O Governador Wilson Lima confirmou que o\u00a0<strong>edital<\/strong>\u00a0do\u00a0<a href=\"https:\/\/www.novaconcursos.com.br\/portal\/concursos\/concurso-pc-am\/\">concurso PC AM<\/a> deve ser lan\u00e7ado ainda em<strong>\u00a0outubro de 2021<\/strong>. Com isso, \u00e9 importante come\u00e7ar os estudos; saiba como foi a \u00faltima prova! Ser\u00e3o <strong>362 vagas<\/strong>!<\/p>\n\n\n\n<ul class=\"wp-block-list\"><li><strong>Confira:<\/strong> <a href=\"https:\/\/www.novaconcursos.com.br\/concurso\/pc-am-policia-civil-do-amazonas\/curso-online?promo_creative=Curso+Online+Concurso+PC+AM&amp;promo_name=noticia&amp;promo_id=%2Fportal%2Fnoticias%2Fconcurso-pc-am-edital-362-vagas-ate-outubro&amp;promo_position=corpo-texto\">Curso Online Con<\/a><a href=\"https:\/\/www.novaconcursos.com.br\/concurso\/pc-am-policia-civil-do-amazonas\/curso-online\">c<\/a><a href=\"https:\/\/www.novaconcursos.com.br\/concurso\/pc-am-policia-civil-do-amazonas\/curso-online?promo_creative=Curso+Online+Concurso+PC+AM&amp;promo_name=noticia&amp;promo_id=%2Fportal%2Fnoticias%2Fconcurso-pc-am-edital-362-vagas-ate-outubro&amp;promo_position=corpo-texto\">urso PC AM<\/a> <\/li><\/ul><p><\/p>\n\n\n\n<h2 class=\"wp-block-heading\" id=\"concurso-pc-am-edital-vem-a\">Concurso PC AM: edital vem a\u00ed<\/h2>\n\n\n\n<p>Concurseiros est\u00e3o ansiosos para a <strong>publica\u00e7\u00e3o do edital<\/strong> do concurso da Pol\u00edcia Civil do Estado do Amazonas, e ele deve sair <strong>ainda este m\u00eas.<\/strong><\/p>\n\n\n\n<ul class=\"wp-block-list\"><li><strong>Adquira<\/strong>:\u00a0<a href=\"https:\/\/www.novaconcursos.com.br\/concurso\/pc-am-policia-civil-do-amazonas\/curso-online?promo_creative=Curso+Online+Concurso+PC+AM&amp;promo_name=noticia&amp;promo_id=%2Fportal%2Fnoticias%2Fconcurso-pc-am-edital-362-vagas-ate-outubro&amp;promo_position=corpo-texto\">Curso Online Concu<\/a><a href=\"https:\/\/www.novaconcursos.com.br\/concurso\/pc-am-policia-civil-do-amazonas\/curso-online\">r<\/a><a href=\"https:\/\/www.novaconcursos.com.br\/concurso\/pc-am-policia-civil-do-amazonas\/curso-online?promo_creative=Curso+Online+Concurso+PC+AM&amp;promo_name=noticia&amp;promo_id=%2Fportal%2Fnoticias%2Fconcurso-pc-am-edital-362-vagas-ate-outubro&amp;promo_position=corpo-texto\">so PC AM<\/a><\/li><\/ul><p><\/p>\n\n\n\n<p>A previs\u00e3o foi dada pelo governador Wilson Lima, ainda em setembro. A previs\u00e3o \u00e9 de sejam abertas <strong>362 vagas.<\/strong> Confira a poss\u00edvel distribui\u00e7\u00e3o:<\/p>\n\n\n\n<ul class=\"wp-block-list\"><li>62 vagas para\u00a0<strong>Delegado<\/strong>;<\/li><li>62 vagas para\u00a0<strong>Escriv\u00e3o<\/strong>;<\/li><li>200 vagas para\u00a0<strong>Investigador<\/strong>; e<\/li><li>38 vagas para\u00a0<strong>Perito<\/strong>.<\/li><\/ul><p><\/p>\n\n\n\n<p>Al\u00e9m disso, Pol\u00edcia Civil AM, que tem\u00a0<strong>verba prevista <\/strong>na Lei de Diretrizes Or\u00e7ament\u00e1rias de 2021 e o\u00a0<a href=\"https:\/\/www.novaconcursos.com.br\/portal\/concursos-abertos\/am\/\">Amazonas\u00a0<\/a>vem sofrendo com a falta de funcion\u00e1rios na \u00e1rea de Seguran\u00e7a P\u00fablica. <\/p>\n\n\n\n<h2 class=\"wp-block-heading\" id=\"saiba-como-foi-o-concurso-pc-am\">Saiba como foi o Concurso PC AM<\/h2>\n\n\n\n<p>Publicado em <strong>2009<\/strong>, o \u00faltimo concurso da Pol\u00edcia Militar do <a href=\"https:\/\/www.novaconcursos.com.br\/portal\/concursos-previstos\/am\/\">Amazonas <\/a>foi organizado pelo <strong>Cetam <\/strong>e contou com a oferta de <strong>930 vagas!<\/strong><\/p>\n\n\n\n<p>Os <strong>cargos <\/strong>foram de Delegado, Escriv\u00e3o, Investigador, Perito Criminal, Perito Legista e Perito Odontolegista. Foram <strong>sete etapas<\/strong> de avalia\u00e7\u00e3o, sendo:<\/p>\n\n\n\n<ul class=\"wp-block-list\"><li>Prova objetiva;<\/li><li>Prova discursiva;<\/li><li>Exames m\u00e9dicos;<\/li><li>Teste de Aptid\u00e3o F\u00edsica (TAF);<\/li><li>Avalia\u00e7\u00e3o Psicol\u00f3gica;<\/li><li>Prova pr\u00e1tica de digita\u00e7\u00e3o (para os cargos de Agente e Escriv\u00e3o);<\/li><li>Avalia\u00e7\u00e3o de T\u00edtulos;<\/li><\/ul><p><\/p>\n\n\n\n<h3 class=\"wp-block-heading\" id=\"h-prova-objetiva-e-discursiva\">Provas objetiva e discursiva<\/h3>\n\n\n\n<p>A prova objetiva foi em car\u00e1ter classificat\u00f3rio e eliminat\u00f3rio e contou com\u00a0<strong>90 quest\u00f5es de m\u00faltipla<\/strong>\u00a0escolha, sendo 45 de conhecimentos gerais e 45 de conhecimentos espec\u00edficos. Confira as disciplinas:<\/p>\n\n\n\n<ul class=\"wp-block-list\"><li>Portugu\u00eas;<\/li><li>Racioc\u00ednio L\u00f3gico;<\/li><li>Inform\u00e1tica;<\/li><li>Atualidades;<\/li><li>Direito Penal, Administrativo, Constitucional;<\/li><li>Processo Penal;<\/li><li>Legisla\u00e7\u00e3o Especial;<\/li><li>Medicina Legal;<\/li><li>Direitos Humanos.<\/li><\/ul><p><\/p>\n\n\n\n<p>J\u00e1 a<strong> prova discursiva<\/strong> abordou, para o cargo de Delegado, as mat\u00e9rias de Direito Penal e Direito Processual Penal. Enquanto para as outras carreiras, a prova versou sobre mat\u00e9ria do Direito Penal.<\/p>\n\n\n\n<h3 class=\"wp-block-heading\" id=\"h-exames-m-dicos\">Exames m\u00e9dicos<\/h3>\n\n\n\n<p>Aprovados nas provas acima, os candidatos foram submetidos aos exames m\u00e9dios, para <strong>avaliar a capacidade f\u00edsica<\/strong> para o TAF e atividades da carreira. Foram avaliadas as seguintes condi\u00e7\u00f5es:<\/p>\n\n\n\n<ul class=\"wp-block-list\"><li><strong>GERAIS<\/strong>: defeitos f\u00edsicos, cong\u00eanitos e\/ou adquiridos, com debilidade e\/ou perda de sentido ou de fun\u00e7\u00e3o; cirurgias mutiladoras; neoplasias malignas; doen\u00e7as cr\u00f4nicas e\/ou agudas incapacitantes;<\/li><li><strong>ESPEC\u00cdFICOS<\/strong>: sopros org\u00e2nicos, arritmias card\u00edacas; hipotens\u00e3o ou hipertens\u00e3o arterial que esteja acompanhada de sintomas, que possua car\u00e1ter permanente e\/ou que dependa de medica\u00e7\u00e3o para o seu controle; vasculopatias evidentes ou limitantes; h\u00e9rnias; marcha irregular e\/ou uso de aparelhos ortop\u00e9dicos; grandes desvios de coluna vertebral; artropatia cr\u00f4nica; redu\u00e7\u00e3o dos movimentos articulares; doen\u00e7as \u00f3sseas; dist\u00farbios importantes da<br>m\u00edmica e da fala; disritmia cerebral; dist\u00farbios da sensibilidade t\u00e1ctil, t\u00e9rmica e\/ou dolorosa; incoordena\u00e7\u00e3o motora, bem como doen\u00e7as incur\u00e1veis.<\/li><\/ul><p><\/p>\n\n\n\n<p>Al\u00e9m disso, para essas avalia\u00e7\u00f5es, <strong>foi exigida<\/strong> a entrega do seguintes exames:<\/p>\n\n\n\n<ul class=\"wp-block-list\"><li>Sangue: hemograma completo e contagem de plaquetas, glicemia de jejum, tipagem sang\u00fc\u00ednea, HBS AG, VDRL; exame bioqu\u00edmico do sangue: glicose, ur\u00e9ia, cratinina, TGO, TGP, colesterol total, HDL \u2013 colesterol e triglicer\u00eddios;<\/li><li>Urina: EAS;<\/li><li>Eletrocardiograma com laudo;<\/li><li>Radiografia do t\u00f3rax em PA e perfil;<\/li><li>Exame odontol\u00f3gico completo;<\/li><li>Exame oftalmol\u00f3gico completo: acuidade visual com e sem corre\u00e7\u00e3o, fundoscopia, motricidade ocular, tonometria, biomicroscopia e senso crom\u00e1tico<\/li><\/ul><p><\/p>\n\n\n\n<h3 class=\"wp-block-heading\" id=\"h-taf\">TAF<\/h3>\n\n\n\n<p>Depois, passados nos exames, os concurseiros participaram do Teste de Aptid\u00e3o F\u00edsica, em <strong>car\u00e1ter eliminat\u00f3rio<\/strong>, que abrangeram flex\u00e3o de bra\u00e7o, flex\u00e3o abdominal e corrida de 12 minutos. <\/p>\n\n\n\n<p>O teste buscou <strong>avaliar a capacidade do candidato<\/strong> para suportar as exig\u00eancias f\u00edsicas do Curso de Forma\u00e7\u00e3o, al\u00e9m das tarefas t\u00edpicas exigidas por cada carreira.<\/p>\n\n\n\n<h3 class=\"wp-block-heading\" id=\"h-avalia-o-psicol-gica\">Avalia\u00e7\u00e3o psicol\u00f3gica<\/h3>\n\n\n\n<p>A fase da avalia\u00e7\u00e3o psicol\u00f3gica <strong>avaliou aspectos <\/strong>de intelig\u00eancia, aptid\u00f5es espec\u00edficas e caracter\u00edsticas de personalidade adequadas ao exerc\u00edcio profissional.<\/p>\n\n\n\n<p>Vale destacar que as <strong>condi\u00e7\u00f5es m\u00ednimas<\/strong> de recomenda\u00e7\u00e3o dos cargos exigia os seguintes aspectos aos participantes:<\/p>\n\n\n\n<ul class=\"wp-block-list\"><li><strong>Testes Psicom\u00e9tricos:\u00a0<\/strong>obten\u00e7\u00e3o, nos testes psicom\u00e9tricos, de resultados de n\u00edvel mediano.<\/li><li><strong>Testes Projetivos:<\/strong><ul><li>capacidade de manter o autocontrole. Mesmo sob condi\u00e7\u00f5es de press\u00e3o, ter a capacidade de controlar as pr\u00f3prias rea\u00e7\u00f5es para continuar a agir, apropriadamente, nas diferentes situa\u00e7\u00f5es (equil\u00edbrio emocional);<\/li><li>capacidade de adapta\u00e7\u00e3o ao meio, \u00e0s normas, regras e hierarquia;<\/li><li>aus\u00eancia dos ind\u00edcios de: agressividade excessiva, aliada a uma dificuldade no controle impulsivo;<\/li><li>aus\u00eancia dos ind\u00edcios de exist\u00eancia de transtornos de personalidade dos tipos anti-social, boderline, esquiz\u00f3ide, esquizot\u00edpica, mazoquista, paran\u00f3ide, s\u00e1dica, ansiedade generalizada, bem como transtorno de conduta e de despersonaliza\u00e7\u00e3o, depress\u00e3o, esquizofrenia, impulso sexual excessivo e roubo patol\u00f3gico.<\/li><li>aus\u00eancia de conduta pr\u00e9-psic\u00f3tica;<\/li><li>aus\u00eancia de ind\u00edcios de uso indiscriminado de subst\u00e2ncias psicoativas: drogas e \u00e1lcool<\/li><\/ul><\/li><\/ul><p><\/p>\n\n\n\n<h3 class=\"wp-block-heading\" id=\"h-prova-pr-tica-de-digita-o\">Prova pr\u00e1tica de digita\u00e7\u00e3o<\/h3>\n\n\n\n<p>Aqui, somente os cargos de <strong>Escriv\u00e3o e Investigador<\/strong> participaram. Eles tinham que digitar um texto predefinido de aproximadamente <strong>dois mil caracteres.<\/strong><\/p>\n\n\n\n<p>Depois de todas as fases, os aprovados e classificados passaram ainda pela <strong>avalia\u00e7\u00e3o de t\u00edtulos<\/strong>, somente classificat\u00f3ria. <\/p>","protected":false},"excerpt":{"rendered":"<p>O Governador Wilson Lima confirmou que o\u00a0edital\u00a0do\u00a0concurso PC AM deve ser lan\u00e7ado ainda em\u00a0outubro de 2021. Com isso, \u00e9 importante come\u00e7ar os estudos; saiba como foi a \u00faltima prova! Ser\u00e3o 362 vagas! Confira: Curso Online Concurso PC AM Concurso PC AM: edital vem a\u00ed Concurseiros est\u00e3o ansiosos para a publica\u00e7\u00e3o do edital do concurso da [&hellip;]<\/p>\n","protected":false},"author":54671,"featured_media":140608,"comment_status":"closed","ping_status":"closed","sticky":false,"template":"","format":"standard","meta":{"_acf_changed":false,"footnotes":"","_wp_rev_ctl_limit":""},"categories":[228],"tags":[9135,38750,25486,23122,15967,2578,38227,40742,38752,26987,40302,115,33628,23329,33629,38751,40301,20907,40303,23125],"class_list":["post-146445","post","type-post","status-publish","format-standard","has-post-thumbnail","hentry","category-noticias","tag-amazonas","tag-cargos-concurso-pc-am","tag-concurso-am","tag-concurso-pc-am","tag-concursos-pc","tag-concursos-publicos","tag-editais-am","tag-editais-pc","tag-edital-concurso-pc-am","tag-edital-pc-am","tag-etapas-concurso-pc-am","tag-nova-concursos","tag-pc-am","tag-pm-am","tag-policia-civil-do-amazonas","tag-salario-concurso-pc-am","tag-salarios-concurso-pc-am","tag-seguranca-publica","tag-ultimo-concurso-pc-am","tag-vagas-concurso-pc-am"],"acf":[],"_links":{"self":[{"href":"https:\/\/www.novaconcursos.com.br\/portal\/wp-json\/wp\/v2\/posts\/146445","targetHints":{"allow":["GET"]}}],"collection":[{"href":"https:\/\/www.novaconcursos.com.br\/portal\/wp-json\/wp\/v2\/posts"}],"about":[{"href":"https:\/\/www.novaconcursos.com.br\/portal\/wp-json\/wp\/v2\/types\/post"}],"author":[{"embeddable":true,"href":"https:\/\/www.novaconcursos.com.br\/portal\/wp-json\/wp\/v2\/users\/54671"}],"replies":[{"embeddable":true,"href":"https:\/\/www.novaconcursos.com.br\/portal\/wp-json\/wp\/v2\/comments?post=146445"}],"version-history":[{"count":5,"href":"https:\/\/www.novaconcursos.com.br\/portal\/wp-json\/wp\/v2\/posts\/146445\/revisions"}],"predecessor-version":[{"id":146450,"href":"https:\/\/www.novaconcursos.com.br\/portal\/wp-json\/wp\/v2\/posts\/146445\/revisions\/146450"}],"wp:featuredmedia":[{"embeddable":true,"href":"https:\/\/www.novaconcursos.com.br\/portal\/wp-json\/wp\/v2\/media\/140608"}],"wp:attachment":[{"href":"https:\/\/www.novaconcursos.com.br\/portal\/wp-json\/wp\/v2\/media?parent=146445"}],"wp:term":[{"taxonomy":"category","embeddable":true,"href":"https:\/\/www.novaconcursos.com.br\/portal\/wp-json\/wp\/v2\/categories?post=146445"},{"taxonomy":"post_tag","embeddable":true,"href":"https:\/\/www.novaconcursos.com.br\/portal\/wp-json\/wp\/v2\/tags?post=146445"}],"curies":[{"name":"wp","href":"https:\/\/api.w.org\/{rel}","templated":true}]}}