{"id":146566,"date":"2021-10-25T13:18:52","date_gmt":"2021-10-25T16:18:52","guid":{"rendered":"https:\/\/www.novaconcursos.com.br\/portal\/?p=146566"},"modified":"2021-10-25T13:18:56","modified_gmt":"2021-10-25T16:18:56","slug":"concurso-funai-distribuicao-vagas-temporarias","status":"publish","type":"post","link":"https:\/\/www.novaconcursos.com.br\/portal\/noticias\/concurso-funai-distribuicao-vagas-temporarias\/","title":{"rendered":"Concurso Funai: Confira a distribui\u00e7\u00e3o das vagas tempor\u00e1rias!"},"content":{"rendered":"<p>Um edital do <a href=\"https:\/\/www.novaconcursos.com.br\/portal\/concursos\/concurso-funai\/\">concurso Funai<\/a> para a contrata\u00e7\u00e3o de <strong>776 funcion\u00e1rios tempor\u00e1rios <\/strong>deve sair nos pr\u00f3ximos dias, de acordo com o pr\u00f3prio \u00f3rg\u00e3o.<\/p>\n\n\n\n<ul class=\"wp-block-list\"><li><strong>Confira<\/strong>: <a href=\"https:\/\/www.novaconcursos.com.br\/eventos\/guia-definitivo-plano-de-estudos-passo-a-passo\/\" target=\"_blank\" rel=\"noreferrer noopener\" aria-label=\"Guia Definitivo - Plano de Estudos Passo a Passo (GR\u00c1TIS) (abre numa nova aba)\">Guia Definitivo \u2013 Plano de Estudos Passo a Passo (GR\u00c1TIS)<\/a><\/li><\/ul><p><\/p>\n\n\n\n<p>A sele\u00e7\u00e3o da Funda\u00e7\u00e3o Nacional dos \u00cdndios pretende selecionar <strong>Supervisores <\/strong>dos Agentes de Prote\u00e7\u00e3o Etnoambiental (50 vagas), <strong>Chefe dos Agentes<\/strong> de Prote\u00e7\u00e3o Etnoambiental (121 vagas) e <strong>Agentes <\/strong>de Prote\u00e7\u00e3o Etnoambiental (605 vagas).<\/p>\n\n\n\n<p>Todas as carreiras ofertadas devem atuar diretamente em <strong>barreiras sanit\u00e1rias<\/strong> e nos postos de controle de acesso para preven\u00e7\u00e3o do COVID-19 em \u00e1reas ind\u00edgenas.<\/p>\n\n\n\n<p>As principais <strong>lota\u00e7\u00f5es<\/strong> das vagas ficam na Amaz\u00f4nia Legal, nos Estados do Acre, Mato Grosso, Amazonas, Goi\u00e1s, Rond\u00f4nia, Maranh\u00e3o, Par\u00e1 e Roraima. <strong>Confira <\/strong>a quantidade de vagas que ser\u00e3o destinados a cada localidade:<\/p>\n\n\n\n<ul class=\"wp-block-list\"><li>191 vagas para o Acre;<\/li><li>236 vagas para o Amazonas;<\/li><li>13 vagas para Goi\u00e1s;<\/li><li>102 vagas para o Maranh\u00e3o;<\/li><li>52 vagas para o Mato Grosso;<\/li><li>52 vagas para o Par\u00e1;<\/li><li>78 vagas para Rond\u00f4nia; e<\/li><li>152 vagas para Roraima.<\/li><\/ul><p><\/p>\n\n\n\n<p>Um outro <a href=\"https:\/\/www.novaconcursos.com.br\/portal\/concursos-abertos\/nacional\/\">concurso<\/a>, desta vez para <strong>efetivos<\/strong>, foi requisitado e aguarda autoriza\u00e7\u00e3o. Saiba mais sobre esse pedido!<\/p>\n\n\n\n<h2 class=\"wp-block-heading\" id=\"concurso-funai-para-efetivos\">Concurso\nFunai para efetivos<\/h2>\n\n\n\n<p>A Funda\u00e7\u00e3o <a href=\"https:\/\/www.novaconcursos.com.br\/portal\/concursos-previstos\/nacional\/\">Nacional <\/a>do \u00cdndio requisitou ao Governo o provimento de <strong>826 cargos<\/strong> no ano de 2020. O edital estava previsto para ser publicado at\u00e9 junho de 2021, por\u00e9m isso n\u00e3o aconteceu.<\/p>\n\n\n\n<p>As <strong>vagas <\/strong>tinham sido pedidas para os <strong>cargos <\/strong>de:<\/p>\n\n\n\n<ul class=\"wp-block-list\"><li>Agente em Indigenismo (m\u00e9dio com 502 vagas);<\/li><li>Administrador (superior com 23 vagas);<\/li><li>Antrop\u00f3logo (superior com 19 vagas);<\/li><li>Arquiteto (superior com 02 vagas);<\/li><li>Arquivista (superior com 05 vagas);<\/li><li>Assistente Social (superior com 40 vagas);<\/li><li>Bibliotec\u00e1rio (superior com 06 vagas);<\/li><li>Contador (superior com 16 vagas);<\/li><li>Economista (superior com 03 vagas);<\/li><li>Engenheiro (superior com 17 vagas);<\/li><li>Engenheiro Agr\u00f4nomo (superior com 27 vagas);<\/li><li>Engenheiro Florestal (superior com 05 vagas);<\/li><li>Estat\u00edstico (superior com 04 vagas);<\/li><li>Ge\u00f3grafo (superior com 03 vagas);<\/li><li>Indigenista Especializado (superior com 112 vagas);<\/li><li>M\u00e9dico Veterin\u00e1rio (superior com 02 vagas);<\/li><li>Pesquisador (superior com 11 vagas);<\/li><li>Psic\u00f3logo (superior com 04 vagas);<\/li><li>Soci\u00f3logo (superior com 12 vagas);<\/li><li>T\u00e9cnico em Assuntos Educacionais (superior com 02 vagas);<\/li><li>T\u00e9cnico em Comunica\u00e7\u00e3o Social (superior com 10 vagas);<\/li><li>Zootecnista (superior com 01 vagas).<\/li><\/ul><p><\/p>\n\n\n\n<p>Existe a expectativa de que um certame para efetivos aconte\u00e7a em <strong>2022<\/strong>, por\u00e9m, caso isso n\u00e3o ocorra, a Funai solicitar\u00e1 autoriza\u00e7\u00e3o para que um concurso seja realizado para provimento de, pelo menos, da quantidade de <strong>vagas em aberto no \u00f3rg\u00e3o p\u00fablico<\/strong>.<\/p>\n\n\n\n<h2 class=\"wp-block-heading\" id=\"ltima-seleo-da-funai\">\u00daltima\nsele\u00e7\u00e3o da Funai<\/h2>\n\n\n\n<p>A \u00faltima sele\u00e7\u00e3o da Funda\u00e7\u00e3o Nacional do \u00cdndio aconteceu em <strong>2016 <\/strong>e ofertou <strong>220 vagas para cargos de n\u00edvel superior. <\/strong>A empresa ESAF foi a banca respons\u00e1vel por organizar o certame na \u00e9poca.<\/p>\n\n\n\n<p>O concurso foi formado por <strong>duas etapas de avalia\u00e7\u00e3o<\/strong>: uma Prova Objetiva e outra Discursiva.<\/p>\n\n\n\n<p>A Prova Objetiva teve valor m\u00e1ximo de 170 pontos e contou com quest\u00f5es de Conhecimentos <strong>B\u00e1sicos <\/strong>e Conhecimentos <strong>Gerais<\/strong>.<\/p>\n\n\n\n<p>J\u00e1 a <strong>Prova Discursiva<\/strong>, que teve car\u00e1ter eliminat\u00f3rio, classificat\u00f3rio e seletivo, teve valor m\u00e1ximo de 100 pontos.<\/p>\n\n\n\n<p>As vagas ofertadas na \u00e9poca foram para os <strong>cargos<\/strong>:<\/p>\n\n\n\n<ul class=\"wp-block-list\"><li>Contador \u2013 06 vagas;<\/li><li>Engenheiro Agr\u00f4nomo \u2013 05 vagas;<\/li><li>Engenheiro na \u00e1rea de Agrimensura \u2013 04 vagas;<\/li><li>Engenheiro Civil \u2013 03 vagas; e<\/li><li>Indigenista Especializado \u2013 202 vagas.<\/li><\/ul><p><\/p>\n\n\n\n<p>De acordo com informa\u00e7\u00f5es, o concurso contou com <strong>32.256 inscri\u00e7\u00f5es.<\/strong><\/p>","protected":false},"excerpt":{"rendered":"<p>Um edital do concurso Funai para a contrata\u00e7\u00e3o de 776 funcion\u00e1rios tempor\u00e1rios deve sair nos pr\u00f3ximos dias, de acordo com o pr\u00f3prio \u00f3rg\u00e3o. Confira: Guia Definitivo \u2013 Plano de Estudos Passo a Passo (GR\u00c1TIS) A sele\u00e7\u00e3o da Funda\u00e7\u00e3o Nacional dos \u00cdndios pretende selecionar Supervisores dos Agentes de Prote\u00e7\u00e3o Etnoambiental (50 vagas), Chefe dos Agentes de [&hellip;]<\/p>\n","protected":false},"author":54673,"featured_media":125049,"comment_status":"closed","ping_status":"closed","sticky":false,"template":"","format":"standard","meta":{"_acf_changed":false,"footnotes":"","_wp_rev_ctl_limit":""},"categories":[228],"tags":[37470,42372,15171,24957,2506,38120,16832,16831,36896,41523,36899,41522],"class_list":["post-146566","post","type-post","status-publish","format-standard","has-post-thumbnail","hentry","category-noticias","tag-banca-organizadora","tag-banca-organizadora-funai","tag-concurso-funai","tag-concurso-funai-previsto","tag-concursos-nacionais","tag-editais-nacionais","tag-edital-concurso-funai","tag-edital-funai","tag-funai","tag-funai-temporarios","tag-fundacao-nacional-do-indio","tag-provas-funai"],"acf":[],"_links":{"self":[{"href":"https:\/\/www.novaconcursos.com.br\/portal\/wp-json\/wp\/v2\/posts\/146566","targetHints":{"allow":["GET"]}}],"collection":[{"href":"https:\/\/www.novaconcursos.com.br\/portal\/wp-json\/wp\/v2\/posts"}],"about":[{"href":"https:\/\/www.novaconcursos.com.br\/portal\/wp-json\/wp\/v2\/types\/post"}],"author":[{"embeddable":true,"href":"https:\/\/www.novaconcursos.com.br\/portal\/wp-json\/wp\/v2\/users\/54673"}],"replies":[{"embeddable":true,"href":"https:\/\/www.novaconcursos.com.br\/portal\/wp-json\/wp\/v2\/comments?post=146566"}],"version-history":[{"count":4,"href":"https:\/\/www.novaconcursos.com.br\/portal\/wp-json\/wp\/v2\/posts\/146566\/revisions"}],"predecessor-version":[{"id":146572,"href":"https:\/\/www.novaconcursos.com.br\/portal\/wp-json\/wp\/v2\/posts\/146566\/revisions\/146572"}],"wp:featuredmedia":[{"embeddable":true,"href":"https:\/\/www.novaconcursos.com.br\/portal\/wp-json\/wp\/v2\/media\/125049"}],"wp:attachment":[{"href":"https:\/\/www.novaconcursos.com.br\/portal\/wp-json\/wp\/v2\/media?parent=146566"}],"wp:term":[{"taxonomy":"category","embeddable":true,"href":"https:\/\/www.novaconcursos.com.br\/portal\/wp-json\/wp\/v2\/categories?post=146566"},{"taxonomy":"post_tag","embeddable":true,"href":"https:\/\/www.novaconcursos.com.br\/portal\/wp-json\/wp\/v2\/tags?post=146566"}],"curies":[{"name":"wp","href":"https:\/\/api.w.org\/{rel}","templated":true}]}}