{"id":146605,"date":"2021-10-25T15:53:06","date_gmt":"2021-10-25T18:53:06","guid":{"rendered":"https:\/\/www.novaconcursos.com.br\/portal\/?p=146605"},"modified":"2021-10-25T15:53:10","modified_gmt":"2021-10-25T18:53:10","slug":"concurso-pf-prf-mais-aprovados-serao-convocados-diz-bolsonaro","status":"publish","type":"post","link":"https:\/\/www.novaconcursos.com.br\/portal\/noticias\/concurso-pf-prf-mais-aprovados-serao-convocados-diz-bolsonaro\/","title":{"rendered":"Concursos PF e PRF: Mais aprovados ser\u00e3o convocados, diz Bolsonaro!"},"content":{"rendered":"<p>Boas not\u00edcias para os candidatos dos concursos <a href=\"https:\/\/www.novaconcursos.com.br\/portal\/concursos\/concurso-policia-federal\/\">Pol\u00edcia Federal<\/a> e <a href=\"https:\/\/www.novaconcursos.com.br\/portal\/concursos\/concurso-prf\/\">PRF<\/a>! O presidente Jair Bolsonaro anunciou que far\u00e1 o poss\u00edvel para que <strong>mais aprovados sejam convocados <\/strong>nos concursos.<\/p>\n\n\n\n<ul class=\"wp-block-list\"><li><strong>Confira: <\/strong><a href=\"https:\/\/www.novaconcursos.com.br\/cursos-gratuitos\" target=\"_blank\" rel=\"noreferrer noopener\" aria-label=\" (abre numa nova aba)\">Curso Pol\u00edcia Rodovi\u00e1ria Federal \u2013 Gr\u00e1tis<\/a><\/li><\/ul><p><\/p>\n\n\n\n<p>Em uma das transmiss\u00f5es ao vivo que realiza todas as quintas-feiras, o presidente da rep\u00fablica Jair Bolsonaro <strong>elogiou as sele\u00e7\u00f5es da PF e da PRF<\/strong> e garantiu que os refor\u00e7os <strong>s\u00e3o vantajosos <\/strong>para o governo.<\/p>\n\n\n\n<ul class=\"wp-block-list\"><li><strong>Adquira: <\/strong><a href=\"https:\/\/www.novaconcursos.com.br\/concurso\/pf-policia-federal\/apostila\">Apostila Concurso Pol\u00edcia Federal<\/a><\/li><li><strong>Adquira:<\/strong> <a href=\"https:\/\/www.novaconcursos.com.br\/concurso\/pf-policia-federal\/curso-online\">Curso Online Concurso Pol\u00edcia Federal<\/a><\/li><\/ul><p><\/p>\n\n\n\n<p>Al\u00e9m disso, o presidente tamb\u00e9m indicou a possibilidade de um <strong>n\u00famero maior de aprovados convocados<\/strong>, deixando claro que far\u00e1 o que puder para que isso aconte\u00e7a. No entanto, tal autoriza\u00e7\u00e3o para mais excedentes ainda <strong>n\u00e3o foi confirmada.<\/strong><\/p>\n\n\n\n<p><em>\u201cO que for poss\u00edvel fazer, dentro da lei, para aproveitar essa garotada.. vamos aproveitar o pessoal da PF e da PRF\u201d<\/em>, disse Jair Bolsonaro.<\/p>\n\n\n\n<h2 class=\"wp-block-heading\" id=\"concurso-pf-panorama-geral\">Concurso PF: panorama geral<\/h2>\n\n\n\n<p>O concurso da Pol\u00edcia <a href=\"https:\/\/www.novaconcursos.com.br\/portal\/concursos-abertos\/nacional\/\">Federal<\/a> oferece<strong> 1.500 vagas imediatas <\/strong>e 500 j\u00e1 confirmadas para <strong>excedentes<\/strong>. As carreiras presentes no edital exigem o <strong>n\u00edvel superior.<\/strong> S\u00e3o elas:<\/p>\n\n\n\n<ul class=\"wp-block-list\"><li><strong>Agente:<\/strong> 893 vagas;<\/li><li><strong>Delegado:<\/strong> 123 vagas;<\/li><li><strong>Escriv\u00e3o:<\/strong> 400 vagas;<\/li><li><strong>Papiloscopista:<\/strong> 84 vagas. <\/li><\/ul><p><\/p>\n\n\n\n<p>Ademais, os<strong> vencimentos<\/strong> para os cargos de Agente, Escriv\u00e3o e Papiloscopista s\u00e3o de <strong>R$12.522,50. <\/strong>Por sua vez, os ganhos para a carreira de Delegado s\u00e3o de<strong> R$23.692,74.<\/strong><\/p>\n\n\n\n<p>Al\u00e9m disso, o processo seletivo j\u00e1 est\u00e1 em <strong>est\u00e1gio avan\u00e7ado,<\/strong> de forma os aprovados no cargo de <strong>Agente<\/strong> j\u00e1 est\u00e3o em fase de <strong>matr\u00edculas<\/strong> no Curso de Forma\u00e7\u00e3o Profissional.<\/p>\n\n\n\n<p>Os demais cargos ainda passam pelas <strong>\u00faltimas etapas da sele\u00e7\u00e3o<\/strong>, de forma no \u00faltimo domingo, <strong>24 de outubro<\/strong>, os inscritos nos cargos de Escriv\u00e3o e Delegado passaram pelas <strong>provas de digita\u00e7\u00e3o e oral<\/strong>, respectivamente.<\/p>\n\n\n\n<h2 class=\"wp-block-heading\" id=\"concurso-prf-detalhes\">Concurso PRF: detalhes<\/h2>\n\n\n\n<p>O concurso da Pol\u00edcia Rodovi\u00e1ria <a href=\"https:\/\/www.novaconcursos.com.br\/portal\/concursos-previstos\/nacional\/\">Federal<\/a> tamb\u00e9m conta com<strong> 1.500 oportunidades<\/strong> para o cargo de <strong>Policial Rodovi\u00e1rio Federal,<\/strong> cuja remunera\u00e7\u00e3o possui o valor de <strong>R$10.357,88<\/strong>, j\u00e1 inclu\u00eddo o aux\u00edlio-alimenta\u00e7\u00e3o de R$458.<\/p>\n\n\n\n<p>Al\u00e9m disso, o processo seletivo est\u00e1 ainda mais avan\u00e7ado que o do concurso PF, de forma que desde o <strong>m\u00eas de setembro<\/strong> os candidatos aprovados na sele\u00e7\u00e3o est\u00e3o realizando o <strong>Curso de Forma\u00e7\u00e3o Profissional.<\/strong><\/p>\n\n\n\n<p>Vale destacar que o curso acontecer\u00e1 <strong>at\u00e9 o dia 22 de dezembro de 2021,<\/strong> de forma que os candidatos devem cumprir com uma carga hor\u00e1ria de <strong>500 horas,<\/strong> sejam elas presenciais e\/ou \u00e0 dist\u00e2ncia.<\/p>\n\n\n\n<p>Ademais, durante essa fase de curso, os aprovados recebem o equivalente a <strong>50% do sal\u00e1rio<\/strong> de classe inicial da carreira. Vale destacar que o CFP est\u00e1 sendo realizado em <strong>Florian\u00f3polis, <\/strong>nos campus abaixo:<\/p>\n\n\n\n<ul class=\"wp-block-list\"><li>Campus I \u2013 (Rodovia Jos\u00e9 Carlos Daux, SC 401,\nKm 19, Canasvieiras);<\/li><li>Campus II \u2013 (Complexo PRF de Condu\u00e7\u00e3o Veicular,\nna Avenida Luiz Boiteux, Sapiens Parque, \u00c1rea Especial, Canavieiras);<\/li><li>Campus II \u2013 (Centro de Eventos Luiz Henrique de\nSilveira, Rodovia, SC-401, Km 01, S\/N Trevo de Canavieiras).<\/li><\/ul>","protected":false},"excerpt":{"rendered":"<p>Boas not\u00edcias para os candidatos dos concursos Pol\u00edcia Federal e PRF! O presidente Jair Bolsonaro anunciou que far\u00e1 o poss\u00edvel para que mais aprovados sejam convocados nos concursos. Confira: Curso Pol\u00edcia Rodovi\u00e1ria Federal \u2013 Gr\u00e1tis Em uma das transmiss\u00f5es ao vivo que realiza todas as quintas-feiras, o presidente da rep\u00fablica Jair Bolsonaro elogiou as sele\u00e7\u00f5es [&hellip;]<\/p>\n","protected":false},"author":54674,"featured_media":127596,"comment_status":"closed","ping_status":"closed","sticky":false,"template":"","format":"standard","meta":{"_acf_changed":false,"footnotes":"","_wp_rev_ctl_limit":""},"categories":[228],"tags":[280,36577,36944,25932,197,22777,6524,36567,42387,36895,37319,37768,42386,282],"class_list":["post-146605","post","type-post","status-publish","format-standard","has-post-thumbnail","hentry","category-noticias","tag-concurso-pf","tag-concurso-pf-2021","tag-concurso-pf-provas","tag-concurso-pf-vagas","tag-concurso-policia-federal","tag-concurso-policia-federal-pf","tag-concurso-prf","tag-concurso-prf-2021","tag-concurso-prf-edital","tag-concurso-prf-provas","tag-concurso-prf-vagas","tag-concursos-pf-e-prf","tag-concursos-pf-e-prf-convocacoes","tag-edital-concurso-pf"],"acf":[],"_links":{"self":[{"href":"https:\/\/www.novaconcursos.com.br\/portal\/wp-json\/wp\/v2\/posts\/146605","targetHints":{"allow":["GET"]}}],"collection":[{"href":"https:\/\/www.novaconcursos.com.br\/portal\/wp-json\/wp\/v2\/posts"}],"about":[{"href":"https:\/\/www.novaconcursos.com.br\/portal\/wp-json\/wp\/v2\/types\/post"}],"author":[{"embeddable":true,"href":"https:\/\/www.novaconcursos.com.br\/portal\/wp-json\/wp\/v2\/users\/54674"}],"replies":[{"embeddable":true,"href":"https:\/\/www.novaconcursos.com.br\/portal\/wp-json\/wp\/v2\/comments?post=146605"}],"version-history":[{"count":4,"href":"https:\/\/www.novaconcursos.com.br\/portal\/wp-json\/wp\/v2\/posts\/146605\/revisions"}],"predecessor-version":[{"id":146609,"href":"https:\/\/www.novaconcursos.com.br\/portal\/wp-json\/wp\/v2\/posts\/146605\/revisions\/146609"}],"wp:featuredmedia":[{"embeddable":true,"href":"https:\/\/www.novaconcursos.com.br\/portal\/wp-json\/wp\/v2\/media\/127596"}],"wp:attachment":[{"href":"https:\/\/www.novaconcursos.com.br\/portal\/wp-json\/wp\/v2\/media?parent=146605"}],"wp:term":[{"taxonomy":"category","embeddable":true,"href":"https:\/\/www.novaconcursos.com.br\/portal\/wp-json\/wp\/v2\/categories?post=146605"},{"taxonomy":"post_tag","embeddable":true,"href":"https:\/\/www.novaconcursos.com.br\/portal\/wp-json\/wp\/v2\/tags?post=146605"}],"curies":[{"name":"wp","href":"https:\/\/api.w.org\/{rel}","templated":true}]}}