{"id":146922,"date":"2021-10-28T13:16:01","date_gmt":"2021-10-28T16:16:01","guid":{"rendered":"https:\/\/www.novaconcursos.com.br\/portal\/?p=146922"},"modified":"2021-10-28T13:16:14","modified_gmt":"2021-10-28T16:16:14","slug":"concurso-ufrj-edital-com-160-vagas-sai-em-novembro","status":"publish","type":"post","link":"https:\/\/www.novaconcursos.com.br\/portal\/noticias\/concurso-ufrj-edital-com-160-vagas-sai-em-novembro\/","title":{"rendered":"Concurso UFRJ: Edital com 160 vagas sai em novembro!"},"content":{"rendered":"<p>Novidades para os concurseiros que aguardam o <a href=\"https:\/\/www.novaconcursos.com.br\/portal\/concursos\/concurso-ufrj\/\">concurso UFRJ<\/a>. O edital da nova sele\u00e7\u00e3o para a <strong>\u00e1rea de apoio<\/strong> ser\u00e1 publicado em <strong>novembro!<\/strong><\/p>\n\n\n\n<ul class=\"wp-block-list\"><li><strong>Confira: <\/strong><a href=\"https:\/\/www.novaconcursos.com.br\/eventos\/guia-definitivo-plano-de-estudos-passo-a-passo\/\" target=\"_blank\" rel=\"noreferrer noopener\" aria-label=\" (abre numa nova aba)\">Guia Definitivo Plano de Estudos \u2013 Gr\u00e1tis<\/a><\/li><\/ul><p><\/p>\n\n\n\n<p>O novo concurso da Universidade Federal do Rio de Janeiro deve acontecer <strong>em breve!<\/strong> Segundo informa\u00e7\u00f5es, o edital da sele\u00e7\u00e3o deve sair no pr\u00f3ximo m\u00eas, <strong>em novembro<\/strong>, com uma oferta de cerca de <strong>160 oportunidades.<\/strong><\/p>\n\n\n\n<ul class=\"wp-block-list\"><li><strong>Adquira: <\/strong><a href=\"https:\/\/www.novaconcursos.com.br\/concurso\/ufrj-universidade-federal-do-rio-de-janeiro\/apostila\" target=\"_blank\" rel=\"noreferrer noopener\" aria-label=\" (abre numa nova aba)\">Apostila Concurso UFRJ<\/a><\/li><\/ul><p><\/p>\n\n\n\n<p>Al\u00e9m disso, a carreira destaca do processo seletivo ser\u00e1 a de<strong> Assistente em Administra\u00e7\u00e3o<\/strong>, que dever\u00e1 contar com <strong>63 das vagas dispon\u00edveis<\/strong>. Outros cargos de n\u00edveis m\u00e9dio\/t\u00e9cnico e superior tamb\u00e9m estar\u00e3o presentes.<\/p>\n\n\n\n<h2 class=\"wp-block-heading\" id=\"concurso-ufrj-panorama-geral\">Concurso UFRJ: panorama geral<\/h2>\n\n\n\n<p>O <a href=\"https:\/\/www.novaconcursos.com.br\/portal\/concursos-previstos\/rj\/\">concurso<\/a> UFRJ ofertar\u00e1 cerca de <strong>160 vagas de n\u00edveis m\u00e9dio\/t\u00e9cnico e superior<\/strong> entre diversos cargos. O que se prev\u00ea \u00e9 que 63 das oportunidades sejam para o cargo de <strong>Assistente em Administra\u00e7\u00e3o<\/strong>, que tem como requisito o <strong>n\u00edvel m\u00e9dio<\/strong> de escolaridade.<\/p>\n\n\n\n<p>Al\u00e9m disso, a <strong>remunera\u00e7\u00e3o<\/strong> para esse cargo \u00e9 de <strong>R$2.904,06<\/strong>. Ademais, espera-se que a sele\u00e7\u00e3o tamb\u00e9m contemple cerca de outras <strong>10 carreiras<\/strong>, entre elas para <strong>M\u00e9dico, Enfermeiro e Engenheiro.<\/strong> As especialidades para tais cargos ainda n\u00e3o foram divulgadas.<\/p>\n\n\n\n<p>Ademais, os <strong>sal\u00e1rios <\/strong>para os cargos de <strong>n\u00edvel superior<\/strong> ser\u00e3o de<strong> R$4.638,66. <\/strong>Os aprovados ainda receber\u00e3o vale-transporte e os seguintes <strong>benef\u00edcios:<\/strong><\/p>\n\n\n\n<ul class=\"wp-block-list\"><li>Aux\u00edlio-alimenta\u00e7\u00e3o de R$458 (j\u00e1 somado na remunera\u00e7\u00e3o);<\/li><li>Creche (R$321 para quem tem dependentes de at\u00e9 cinco anos);<\/li><li>Promo\u00e7\u00f5es a cada 18 meses (ap\u00f3s avalia\u00e7\u00e3o, com reajuste salarial); e<\/li><li>Gratifica\u00e7\u00e3o por qualifica\u00e7\u00e3o profissional.<\/li><\/ul><p><\/p>\n\n\n\n<p>Al\u00e9m disso, a contrata\u00e7\u00e3o dos aprovados acontecer\u00e1 por meio de <strong>regime estatut\u00e1rio<\/strong>. O quadro de vagas e cargos do concurso deve ser fechado at\u00e9 o fim da pr\u00f3xima semana, de maneira que o edital pode ser publicado<strong> at\u00e9 o fim de novembro.<\/strong><\/p>\n\n\n\n<p>Vale destacar que a sele\u00e7\u00e3o contar\u00e1 com a organiza\u00e7\u00e3o da <a rel=\"noreferrer noopener\" aria-label=\"PR4 (abre numa nova aba)\" href=\"https:\/\/concursos.pr4.ufrj.br\/\" target=\"_blank\">PR4<\/a>. \u00c9 poss\u00edvel que as inscri\u00e7\u00f5es se iniciem <strong>em janeiro<\/strong>, com as provas acontecendo no <strong>primeiro trimestre <\/strong>do pr\u00f3ximo ano.<\/p>\n\n\n\n<h2 class=\"wp-block-heading\" id=\"onde-acontecero-as-lotaes-dos-aprovados\">Onde acontecer\u00e3o as lota\u00e7\u00f5es dos aprovados?<\/h2>\n\n\n\n<p>Os aprovados no concurso UFRJ <strong>atuar\u00e3o <\/strong>principalmente no <strong>Rio de Janeiro<\/strong>, sendo na Praia Vermelha, Fund\u00e3o, Faculdade de Direito e Instituto de Filosofia e Ci\u00eancias Sociais.<\/p>\n\n\n\n<p>Al\u00e9m disso, tamb\u00e9m est\u00e1 sendo estudada a possibilidade de que algumas das vagas sejam destinadas \u00e0s cidades de <strong>Duque de Caxias e Maca\u00e9. <\/strong><\/p>\n\n\n\n<p>Ademais, os aprovados nas carreiras da Sa\u00fade, como <strong>M\u00e9dico e Enfermeiro<\/strong>, tamb\u00e9m poder\u00e3o exercer suas fun\u00e7\u00f5es nas seguintes <strong>unidades:<\/strong><\/p>\n\n\n\n<ul class=\"wp-block-list\"><li>Hospital Universit\u00e1rio Clementino Fraga Filho (HUCFF);<\/li><li>Hospital Escola S\u00e3o Francisco de Assis (HESFA)<\/li><li>Maternidade Escola e nos institutos de Ginecologia, Neurologia, Psiquiatria, de Doen\u00e7as do T\u00f3rax, do Cora\u00e7\u00e3o Edson Saad e de Puericultura e Pediatria (IPPMG).<\/li><\/ul><p><\/p>\n\n\n\n<h2 class=\"wp-block-heading\" id=\"ltimo-concurso-ufrj\">\u00daltimo concurso UFRJ<\/h2>\n\n\n\n<p>Os concurseiros interessados no novo concurso da Universidade Federal do <a href=\"https:\/\/www.novaconcursos.com.br\/portal\/concursos-abertos\/rj\/\">Rio de Janeiro<\/a> podem come\u00e7ar a se preparar com base nas informa\u00e7\u00f5es <strong>do \u00faltimo edital. <\/strong><\/p>\n\n\n\n<p>Sendo assim, o \u00faltimo processo seletivo aconteceu <strong>em 2017,<\/strong> quando foram ofertadas <strong>168 oportunidades para T\u00e9cnicos-Administrativos em Educa\u00e7\u00e3o<\/strong>. O destaque tamb\u00e9m foi para Assistente em Administra\u00e7\u00e3o, que contou com <strong>40 das vagas.<\/strong><\/p>\n\n\n\n<p>Al\u00e9m disso, os inscritos nessa carreira de <strong>n\u00edvel m\u00e9dio<\/strong> foram avaliados por meio de uma <strong>prova objetiva<\/strong> que contava com <strong>50 quest\u00f5es<\/strong> sobre as seguintes disciplinas:<\/p>\n\n\n\n<ul class=\"wp-block-list\"><li>L\u00edngua Portuguesa (20);<\/li><li>Legisla\u00e7\u00e3o (10);<\/li><li>No\u00e7\u00f5es de Inform\u00e1tica (10); e<\/li><li>Racioc\u00ednio L\u00f3gico (10).<\/li><\/ul><p><\/p>\n\n\n\n<p>Ademais, os candidatos dos cargos da <strong>\u00c1rea Hospitalar<\/strong> deveriam responder ainda a mais <strong>10 quest\u00f5es espec\u00edficas<\/strong> da carreira escolhida. Os cargos de <strong>n\u00edvel superior<\/strong> contaram com<strong> 60 quest\u00f5es<\/strong>, sendo 20 de L\u00edngua Portuguesa, 10 de Legisla\u00e7\u00e3o e 30 Espec\u00edficas.<\/p>","protected":false},"excerpt":{"rendered":"<p>Novidades para os concurseiros que aguardam o concurso UFRJ. O edital da nova sele\u00e7\u00e3o para a \u00e1rea de apoio ser\u00e1 publicado em novembro! Confira: Guia Definitivo Plano de Estudos \u2013 Gr\u00e1tis O novo concurso da Universidade Federal do Rio de Janeiro deve acontecer em breve! Segundo informa\u00e7\u00f5es, o edital da sele\u00e7\u00e3o deve sair no pr\u00f3ximo [&hellip;]<\/p>\n","protected":false},"author":54674,"featured_media":140591,"comment_status":"closed","ping_status":"closed","sticky":false,"template":"","format":"standard","meta":{"_acf_changed":false,"footnotes":"","_wp_rev_ctl_limit":""},"categories":[228],"tags":[42493,975,42491,42490,976,42489,21817,981,1228,986,42492,42488],"class_list":["post-146922","post","type-post","status-publish","format-standard","has-post-thumbnail","hentry","category-noticias","tag-banca-concurso-ufrj","tag-concurso-ufrj","tag-concurso-ufrj-cargos","tag-concurso-ufrj-remuneracoes","tag-concurso-ufrj-rj","tag-concurso-ufrj-salarios","tag-edital-concurso-ufrj","tag-edital-concurso-ufrj-rj","tag-prova-concurso-ufrj","tag-ufrj-rj","tag-ultimo-concurso-ufrj","tag-vagas-concurso-ufrj"],"acf":[],"_links":{"self":[{"href":"https:\/\/www.novaconcursos.com.br\/portal\/wp-json\/wp\/v2\/posts\/146922","targetHints":{"allow":["GET"]}}],"collection":[{"href":"https:\/\/www.novaconcursos.com.br\/portal\/wp-json\/wp\/v2\/posts"}],"about":[{"href":"https:\/\/www.novaconcursos.com.br\/portal\/wp-json\/wp\/v2\/types\/post"}],"author":[{"embeddable":true,"href":"https:\/\/www.novaconcursos.com.br\/portal\/wp-json\/wp\/v2\/users\/54674"}],"replies":[{"embeddable":true,"href":"https:\/\/www.novaconcursos.com.br\/portal\/wp-json\/wp\/v2\/comments?post=146922"}],"version-history":[{"count":4,"href":"https:\/\/www.novaconcursos.com.br\/portal\/wp-json\/wp\/v2\/posts\/146922\/revisions"}],"predecessor-version":[{"id":146928,"href":"https:\/\/www.novaconcursos.com.br\/portal\/wp-json\/wp\/v2\/posts\/146922\/revisions\/146928"}],"wp:featuredmedia":[{"embeddable":true,"href":"https:\/\/www.novaconcursos.com.br\/portal\/wp-json\/wp\/v2\/media\/140591"}],"wp:attachment":[{"href":"https:\/\/www.novaconcursos.com.br\/portal\/wp-json\/wp\/v2\/media?parent=146922"}],"wp:term":[{"taxonomy":"category","embeddable":true,"href":"https:\/\/www.novaconcursos.com.br\/portal\/wp-json\/wp\/v2\/categories?post=146922"},{"taxonomy":"post_tag","embeddable":true,"href":"https:\/\/www.novaconcursos.com.br\/portal\/wp-json\/wp\/v2\/tags?post=146922"}],"curies":[{"name":"wp","href":"https:\/\/api.w.org\/{rel}","templated":true}]}}