{"id":147003,"date":"2021-10-29T12:42:07","date_gmt":"2021-10-29T15:42:07","guid":{"rendered":"https:\/\/www.novaconcursos.com.br\/portal\/?p=147003"},"modified":"2021-10-29T12:42:12","modified_gmt":"2021-10-29T15:42:12","slug":"edital-banestes-2021","status":"publish","type":"post","link":"https:\/\/www.novaconcursos.com.br\/portal\/noticias\/edital-banestes-2021\/","title":{"rendered":"Edital Banestes 2021"},"content":{"rendered":"<p>Foi <strong>publicado o edital<\/strong> do <a href=\"https:\/\/www.novaconcursos.com.br\/portal\/concursos\/concurso-banestes\/\">concurso Banestes<\/a> (Banco do Estado do Esp\u00edrito Santo) com a oferta de <strong>vagas em cadastro reserva<\/strong> para Analista. <strong>Inscri\u00e7\u00f5es <\/strong>j\u00e1 come\u00e7aram e as <strong>provas <\/strong>ser\u00e3o aplicadas dia 19 de dezembro.<\/p>\n\n\n\n<ul class=\"wp-block-list\"><li><strong>Confira:<\/strong>\u00a0<a rel=\"noreferrer noopener\" aria-label=\" (abre numa nova aba)\" href=\"https:\/\/www.novaconcursos.com.br\/eventos\/guia-definitivo-como-fazer-uma-boa-revisao\/\" target=\"_blank\">Como fazer uma boa revis\u00e3o \u2013 Baixe Gr\u00e1tis<\/a><\/li><\/ul><p><\/p>\n\n\n\n<h2 class=\"wp-block-heading\" id=\"como-realizar-a-inscrio-do-concurso-banestes\">Como realizar a inscri\u00e7\u00e3o do concurso Banestes?<\/h2>\n\n\n\n<p>As inscri\u00e7\u00f5es para o concurso do Banco do <a href=\"https:\/\/www.novaconcursos.com.br\/portal\/concursos-previstos\/es\/\">Estado do Esp\u00edrito Santo<\/a> j\u00e1 se iniciaram e seguem <strong>abertas at\u00e9 dia 18 de novembro,<\/strong> \u00e0s 16h.<\/p>\n\n\n\n<p>Os interessados dever\u00e3o realizar o <strong>cadastro <\/strong>por meio do <a rel=\"noreferrer noopener\" href=\"https:\/\/conhecimento.fgv.br\/concursos\/banestes21\" target=\"_blank\">site da banca organizadora, FGV<\/a>. <\/p>\n\n\n\n<p>Haver\u00e1 a cobran\u00e7a de uma <strong>taxa de inscri\u00e7\u00e3o<\/strong> no valor de R$ 78, que poder\u00e1 ser quitado at\u00e9 dia 19 de novembro, um dia ap\u00f3s o encerramento das inscri\u00e7\u00f5es.<\/p>\n\n\n\n<h3 class=\"wp-block-heading\">Isen\u00e7\u00e3o da taxa<\/h3>\n\n\n\n<p>Os candidatos que se enquadrarem nas condi\u00e7\u00f5es citadas no edital, poder\u00e3o solicitar a isen\u00e7\u00e3o da taxa entre <strong>28 de outubro e 1\u00ba de novembro,\u00a0<\/strong>tamb\u00e9m atrav\u00e9s do site da banca FGV. Veja quem poder\u00e1 solicitar:<\/p>\n\n\n\n<ul class=\"wp-block-list\"><li>doadores de medula \u00f3ssea;<\/li><li>eleitores convocados e nomeados pela Justi\u00e7a Eleitoral do Estado do Esp\u00edrito Santo que prestaram servi\u00e7os nas elei\u00e7\u00f5es pol\u00edtico partid\u00e1rias;<\/li><li>hipossufici\u00eancia econ\u00f4mica;<\/li><li>pessoa f\u00edsica que se declare isenta de apresenta\u00e7\u00e3o da Declara\u00e7\u00e3o de Ajuste Anual do Imposto de Renda da Pessoa F\u00edsica; e<\/li><li>pessoa com defici\u00eancia.<\/li><\/ul><p><\/p>\n\n\n\n<p>Confira o <a href=\"https:\/\/conhecimento.fgv.br\/sites\/default\/files\/concursos\/banestes_edital_de_abertura_28_10_2021.pdf\" target=\"_blank\" rel=\"noreferrer noopener\" aria-label=\"edital completo (abre numa nova aba)\">edital completo<\/a> do concurso Banestes!<\/p>\n\n\n\n<h2 class=\"wp-block-heading\" id=\"quem-pode-fazer-o-concurso-banestes\">Quem pode fazer o concurso Banestes?<\/h2>\n\n\n\n<p>O candidato dever\u00e1 atender, cumulativamente, para eventual admiss\u00e3o para o cargo, aos <strong>seguintes requisitos<\/strong>: <\/p>\n\n\n\n<ul class=\"wp-block-list\"><li>Ter sido classificado no Concurso P\u00fablico na forma estabelecida neste Edital, em seus anexos e em eventuais retifica\u00e7\u00f5es;<\/li><li>Ter nacionalidade brasileira; no caso de nacionalidade portuguesa, estar amparado pelo estatuto de igualdade entre brasileiros e portugueses, com reconhecimento do gozo dos direitos pol\u00edticos, nos termos do \u00a7 1\u00ba do art. 12 da Constitui\u00e7\u00e3o da Rep\u00fablica Federativa do Brasil, na forma do disposto no art. 13 do Decreto n\u00ba 70.436, de 18 de abril de 1972, e no art. 3\u00ba da Emenda Constitucional n\u00ba 19, de 04 de junho de 1998. O mesmo se aplica a outros indiv\u00edduos naturalizados; <\/li><li>Ter idade m\u00ednima de 18 anos completos; <\/li><li>N\u00e3o ser aposentado por invalidez em qualquer dos regimes de previd\u00eancia; <\/li><li>Estar em pleno gozo dos direitos pol\u00edticos; f) Estar quite com as obriga\u00e7\u00f5es eleitorais e, se do sexo masculino, tamb\u00e9m com as obriga\u00e7\u00f5es militares; <\/li><li>Firmar declara\u00e7\u00e3o de n\u00e3o estar cumprindo e nem ter sofrido, no exerc\u00edcio da fun\u00e7\u00e3o p\u00fablica, penalidade por pr\u00e1tica de improbidade administrativa, aplicada por qualquer \u00f3rg\u00e3o p\u00fablico ou entidade da esfera federal, estadual ou municipal; <\/li><li>Apresentar declara\u00e7\u00e3o quanto ao exerc\u00edcio de outro(s) cargo(s), emprego(s) ou fun\u00e7\u00e3o(\u00f5es) p\u00fablica(s) e sobre recebimento de proventos decorrentes de aposentadoria e pens\u00e3o; <\/li><li>Firmar declara\u00e7\u00e3o de n\u00e3o estar cumprindo san\u00e7\u00e3o por inidoneidade, aplicada por qualquer \u00f3rg\u00e3o p\u00fablico ou entidade da esfera federal, estadual ou municipal; <\/li><li>Ser considerado apto no exame admissional a ser realizado sob a responsabilidade da Equipe M\u00e9dica do Sistema Financeiro Banestes mediante apresenta\u00e7\u00e3o dos laudos e exames que forem por ela exigidos; <\/li><li>Apresentar diploma, devidamente registrado, de conclus\u00e3o de curso de N\u00edvel Superior, fornecido por institui\u00e7\u00e3o de ensino, reconhecido pelo Minist\u00e9rio da Educa\u00e7\u00e3o, conforme mencionado no Anexo II deste Edital, comprovado por meio de apresenta\u00e7\u00e3o de original e c\u00f3pia do respectivo documento; <\/li><li>N\u00e3o estar incompatibilizado com a contrata\u00e7\u00e3o para o cargo, inclusive em raz\u00e3o de demiss\u00e3o por atos de improbidade, comprovados por meio de sindic\u00e2ncia e\/ou inqu\u00e9rito administrativo, na forma da Lei; <\/li><li>N\u00e3o registrar antecedentes criminais transitados em julgado ou ter cumprido integralmente as penas cominadas; <\/li><li>Estar apto f\u00edsica e mentalmente para o exerc\u00edcio do cargo, n\u00e3o sendo, inclusive, pessoa com defici\u00eancia incompat\u00edvel com as atribui\u00e7\u00f5es deste fato apurado pela Equipe M\u00e9dica do Sistema Financeiro Banestes; <\/li><li>Cumprir as determina\u00e7\u00f5es deste Edital. <\/li><\/ul><p><\/p>\n\n\n\n<h2 class=\"wp-block-heading\" id=\"vagas-e-cargos-do-concurso-banestes\">Vagas e cargos do Concurso Banestes<\/h2>\n\n\n\n<p>O concurso do Banco do <a href=\"https:\/\/www.novaconcursos.com.br\/portal\/concursos-abertos\/es\/\">Estado do Esp\u00edrito Santo<\/a> est\u00e1 ofertando vagas para forma\u00e7\u00e3o de cadastro reserva em\u00a0<strong>cargos de Analista<\/strong>. <\/p>\n\n\n\n<p>S\u00e3o oportunidades entre v\u00e1rias especialidades, na\u00a0<strong>\u00e1rea de Tecnologia da Informa\u00e7\u00e3o (TI)<\/strong>. Confira:<\/p>\n\n\n\n<ul class=\"wp-block-list\"><li>Desenvolvimento de Sistemas<\/li><li>Suporte e Infraestrutura<\/li><li>Seguran\u00e7a da Informa\u00e7\u00e3o<\/li><\/ul><p><\/p>\n\n\n\n<p>Os selecionados cumprir\u00e3o<strong>\u00a0jornada de 30 horas semanais<\/strong>. Al\u00e9m disso, haver\u00e1\u00a0reserva\u00a0de 17% a candidatos negros, 3% a ind\u00edgenas e 10% a PcDs. Confira a <strong>divis\u00e3o<\/strong>:<\/p>\n\n\n\n<figure class=\"wp-block-image size-large\"><img decoding=\"async\" width=\"997\" height=\"176\" src=\"https:\/\/www.novaconcursos.com.br\/portal\/wp-content\/uploads\/2021\/10\/concurso-Banestes-prova.png\" alt=\"\" class=\"wp-image-147009\" loading=\"lazy\" title=\"\" srcset=\"https:\/\/www.novaconcursos.com.br\/portal\/wp-content\/uploads\/2021\/10\/concurso-Banestes-prova-300x53.png 300w, https:\/\/www.novaconcursos.com.br\/portal\/wp-content\/uploads\/2021\/10\/concurso-Banestes-prova.png 997w\" sizes=\"auto, (max-width: 480px) 100vw, (max-width: 768px) 100vw, (max-width: 1200px) 70vw, 768px\"><figcaption><\/figcaption><\/figure><h2 class=\"wp-block-heading\" id=\"quais-os-salrios-do-concurso-banestes\">Quais os sal\u00e1rios do concurso Banestes?<\/h2>\n\n\n\n<p>A remunera\u00e7\u00e3o inicial para os cargos \u00e9 de<strong>\u00a0R$ 4.749<\/strong>. O valor inclui o sal\u00e1rio-base de <strong>R$ 3.799,20 <\/strong>e gratifica\u00e7\u00e3o de 25%, que neste ano corresponde a <strong>R$ 949,80<\/strong>, segundo o \u00f3rg\u00e3o.<\/p>\n\n\n\n<h2 class=\"wp-block-heading\" id=\"como-ser-a-prova-do-concurso-banestes\">Como ser\u00e1 a prova do concurso Banestes?<\/h2>\n\n\n\n<p>A avalia\u00e7\u00e3o dos inscritos no certame acontecer\u00e1 por meio de uma <strong>etapa \u00fanica<\/strong>, composta de Prova Objetiva, em car\u00e1ter eliminat\u00f3rio e classificat\u00f3rio.<\/p>\n\n\n\n<p>A prova ser\u00e1 aplicada no dia <strong>19 de dezembro, c<\/strong>om hor\u00e1rio das 13h \u00e0s 17h para que os concurseiros respondam as quest\u00f5es.<\/p>\n\n\n\n<p>Ser\u00e3o<strong> 60 quest\u00f5es de m\u00faltipla escolha<\/strong>, com cinco alternativas, sendo que apenas uma resposta ser\u00e1 a correta. Confira as disciplinas:<\/p>\n\n\n\n<ul class=\"wp-block-list\"><li>L\u00edngua Portuguesa \u2013 15 quest\u00f5es;<\/li><li>Conhecimentos Banc\u00e1rios \u2013 10 quest\u00f5es;<\/li><li>Racioc\u00ednio L\u00f3gico-Matem\u00e1tico \u2013 10 quest\u00f5es; e<\/li><li>Conhecimentos Espec\u00edficos \u2013 25 quest\u00f5es.<\/li><\/ul><p><\/p>\n\n\n\n<h3 class=\"wp-block-heading\">Locais de prova<\/h3>\n\n\n\n<p>Importante destacar que <strong>todas as etapas<\/strong> ser\u00e3o realizadas na cidade de <strong>Vit\u00f3ria<\/strong>, capital do Esp\u00edrito Santo. <\/p>\n\n\n\n<h3 class=\"wp-block-heading\">O que \u00e9 preciso para ser aprovado?<\/h3>\n\n\n\n<p>Para ser <strong>considerado aprovado <\/strong>na prova objetiva do concurso Banestes, o candidato deve, cumulativamente:<\/p>\n\n\n\n<ul class=\"wp-block-list\"><li>Acertar, no m\u00ednimo, 13 das quest\u00f5es do M\u00f3dulo de Conhecimentos Gerais;<\/li><li>Acertar, no m\u00ednimo, 13 das quest\u00f5es do M\u00f3dulo de Conhecimentos Espec\u00edficos;<\/li><li>Acertar, no m\u00ednimo, 50% do total das quest\u00f5es da prova objetiva, ou seja, 30 quest\u00f5es.<\/li><\/ul><p><\/p>\n\n\n\n<p>Al\u00e9m disso, vale destacar que os aprovados al\u00e9m do limite estabelecido <strong>ser\u00e3o eliminados,<\/strong> considerando a ordem decrescente de pontua\u00e7\u00e3o.<\/p>","protected":false},"excerpt":{"rendered":"<p>Foi publicado o edital do concurso Banestes (Banco do Estado do Esp\u00edrito Santo) com a oferta de vagas em cadastro reserva para Analista. Inscri\u00e7\u00f5es j\u00e1 come\u00e7aram e as provas ser\u00e3o aplicadas dia 19 de dezembro. Confira:\u00a0Como fazer uma boa revis\u00e3o \u2013 Baixe Gr\u00e1tis Como realizar a inscri\u00e7\u00e3o do concurso Banestes? As inscri\u00e7\u00f5es para o concurso [&hellip;]<\/p>\n","protected":false},"author":54671,"featured_media":146966,"comment_status":"closed","ping_status":"closed","sticky":false,"template":"","format":"standard","meta":{"_acf_changed":false,"footnotes":"","_wp_rev_ctl_limit":""},"categories":[228],"tags":[13280,13281,13282,13298,13299,3023,574,13285,13300,13301,13287,25304,13302,11956,25305,307,2326,13289,13290,13291,13292,13293],"class_list":["post-147003","post","type-post","status-publish","format-standard","has-post-thumbnail","hentry","category-noticias","tag-analise-de-edital-banco-do-estado-do-espirito-santo","tag-analise-de-edital-banestes","tag-apostila-banco-do-estado-do-espirito-santo","tag-apostila-baneste","tag-apostila-baneste-2015","tag-apostila-espirito-santo","tag-apostila-para-concurso","tag-banco-do-estado-do-espirito-santo","tag-baneste","tag-baneste-2015","tag-concurso-banco-do-estado-do-espirito-santo","tag-concurso-banco-es","tag-concurso-baneste","tag-concurso-banestes","tag-concurso-banestes-banco-es-previsto","tag-concurso-espirito-santo","tag-concurso-publico","tag-edital-banestes","tag-o-que-cai-na-prova-banco-do-estado-do-espirito-santo","tag-o-que-cai-na-prova-banestes","tag-prova-banestes","tag-saiu-o-edital-banestes"],"acf":[],"_links":{"self":[{"href":"https:\/\/www.novaconcursos.com.br\/portal\/wp-json\/wp\/v2\/posts\/147003","targetHints":{"allow":["GET"]}}],"collection":[{"href":"https:\/\/www.novaconcursos.com.br\/portal\/wp-json\/wp\/v2\/posts"}],"about":[{"href":"https:\/\/www.novaconcursos.com.br\/portal\/wp-json\/wp\/v2\/types\/post"}],"author":[{"embeddable":true,"href":"https:\/\/www.novaconcursos.com.br\/portal\/wp-json\/wp\/v2\/users\/54671"}],"replies":[{"embeddable":true,"href":"https:\/\/www.novaconcursos.com.br\/portal\/wp-json\/wp\/v2\/comments?post=147003"}],"version-history":[{"count":6,"href":"https:\/\/www.novaconcursos.com.br\/portal\/wp-json\/wp\/v2\/posts\/147003\/revisions"}],"predecessor-version":[{"id":147012,"href":"https:\/\/www.novaconcursos.com.br\/portal\/wp-json\/wp\/v2\/posts\/147003\/revisions\/147012"}],"wp:featuredmedia":[{"embeddable":true,"href":"https:\/\/www.novaconcursos.com.br\/portal\/wp-json\/wp\/v2\/media\/146966"}],"wp:attachment":[{"href":"https:\/\/www.novaconcursos.com.br\/portal\/wp-json\/wp\/v2\/media?parent=147003"}],"wp:term":[{"taxonomy":"category","embeddable":true,"href":"https:\/\/www.novaconcursos.com.br\/portal\/wp-json\/wp\/v2\/categories?post=147003"},{"taxonomy":"post_tag","embeddable":true,"href":"https:\/\/www.novaconcursos.com.br\/portal\/wp-json\/wp\/v2\/tags?post=147003"}],"curies":[{"name":"wp","href":"https:\/\/api.w.org\/{rel}","templated":true}]}}