{"id":147038,"date":"2021-10-29T14:05:40","date_gmt":"2021-10-29T17:05:40","guid":{"rendered":"https:\/\/www.novaconcursos.com.br\/portal\/?p=147038"},"modified":"2025-12-11T11:28:26","modified_gmt":"2025-12-11T14:28:26","slug":"concurso-receita-federal-novo-certame-sera-tema-de-reuniao","status":"publish","type":"post","link":"https:\/\/www.novaconcursos.com.br\/portal\/noticias\/concurso-receita-federal-novo-certame-sera-tema-de-reuniao\/","title":{"rendered":"Concurso Receita Federal: Novo certame ser\u00e1 tema de reuni\u00e3o entre Secret\u00e1rio e Auditores!"},"content":{"rendered":"<p>Novidades sobre o <a href=\"https:\/\/www.novaconcursos.com.br\/portal\/concursos\/concurso-receita-federal\/\">concurso Receita Federal<\/a>! Ainda na espera do aval por parte do Minist\u00e9rio da Economia, o processo seletivo <strong>ser\u00e1 pauta de uma reuni\u00e3o<\/strong> entre Secret\u00e1rio, Auditores e outros representantes do \u00f3rg\u00e3o.<\/p>\n\n\n\n<ul class=\"wp-block-list\"><li><strong>Confira: <\/strong><a aria-label=\" (abre numa nova aba)\" href=\"https:\/\/www.novaconcursos.com.br\/eventos\/guia-definitivo-como-montar-um-mapa-mental\/\" target=\"_blank\" rel=\"noreferrer noopener\">Como montar um mapa mental \u2013 Gr\u00e1tis<\/a><\/li>\n<\/ul><p><\/p>\n\n\n\n<p>Na pr\u00f3xima quinta-feira,<strong> 4 de novembro<\/strong>, ser\u00e1 realizada uma <strong>reuni\u00e3o<\/strong> entre Auditores e demais representantes do \u00f3rg\u00e3o para tratar do concurso Receita Federal, que <strong>aguarda h\u00e1 tempos um aval.<\/strong><\/p>\n\n\n\n<ul class=\"wp-block-list\"><li><strong>Adquira: <\/strong><a href=\"https:\/\/www.novaconcursos.com.br\/concurso\/rf-receita-federal\/apostila\">Apostila Concurso Receita Federal<\/a><\/li>\n<\/ul><p><\/p>\n\n\n\n<p>Al\u00e9m disso, o objetivo da reuni\u00e3o \u00e9 o de <strong>pressionar a Receita a realizar o concurso<\/strong>, de forma que os fiscais atuais das fronteiras possam realizar o pedido de remo\u00e7\u00e3o.<\/p>\n\n\n\n<h2 class=\"wp-block-heading\" id=\"concurso-receita-federal-panorama-geral\"><strong>Concurso Receita Federal: panorama geral<\/strong><\/h2>\n\n\n\n<p>O concurso Receita <a href=\"https:\/\/www.novaconcursos.com.br\/portal\/concursos-previstos\/nacional\/\">Federal<\/a> ainda aguarda aval por parte do Minist\u00e9rio da Economia. Foram solicitadas <strong>669 vagas de n\u00edvel superior<\/strong> para os cargos de <strong>Auditor Fiscal<\/strong> (230) e <strong>Analista Tribut\u00e1rio<\/strong> (469).<\/p>\n\n\n\n<p>Al\u00e9m disso, as <strong>remunera\u00e7\u00f5es iniciais <\/strong>para o cargo de Auditor Fiscal possuem o valor de<strong> R$21.487,09<\/strong>. Para Analista Tribut\u00e1rio, os ganhos iniciais s\u00e3o de <strong>R$12.142,39.<\/strong><\/p>\n\n\n\n<p>Vale destacar que o Sindicato Nacional dos Auditores-Fiscais da Receita Federal do Brasil (Sindifisco Nacional) tem cobrado uma postura do Minist\u00e9rio quanto ao <strong>atraso no aval da sele\u00e7\u00e3o<\/strong>, visto que recentemente diversos outros concursos<strong> j\u00e1 foram aprovados.<\/strong><\/p>\n\n\n\n<p>Entretanto, a resposta recebida \u00e9 a de que ainda \u00e9 aguardada uma <strong>solicita\u00e7\u00e3o formal<\/strong> por parte de Jos\u00e9 Barroso Tostes Neto, secret\u00e1rio da Receita, ao ministro Paulo Guedes.<\/p>\n\n\n\n<h2 class=\"wp-block-heading\" id=\"quais-so-os-requisitos-do-concurso\"><strong>Quais s\u00e3o os requisitos do concurso?<\/strong><\/h2>\n\n\n\n<p>Para concorrer \u00e0s vagas ofertadas pelo concurso p\u00fablico, \u00e9 necess\u00e1rio que os concurseiros estejam atentos aos <strong>requisitos b\u00e1sicos<\/strong> a serem cumpridos. Al\u00e9m do <strong>n\u00edvel superior em qualquer \u00e1rea<\/strong>, \u00e9 necess\u00e1rio:<\/p>\n\n\n\n<ul class=\"wp-block-list\"><li>ter nacionalidade brasileira; no caso de nacionalidade portuguesa, estar amparado pelo estatuto de igualdade entre brasileiros e portugueses, com reconhecimento do gozo dos direitos pol\u00edticos, na forma do disposto no art. 13 do Decreto n. 70.436, de 18\/04\/1972;<\/li>\n\n\n\n<li>gozar dos direitos pol\u00edticos;<\/li>\n\n\n\n<li>estar quite com as obriga\u00e7\u00f5es eleitorais;<\/li>\n\n\n\n<li>estar quite com as obriga\u00e7\u00f5es do Servi\u00e7o Militar, para os candidatos do sexo masculino;<\/li>\n\n\n\n<li>ter idade m\u00ednima de 18 anos;<\/li>\n\n\n\n<li>ter aptid\u00e3o f\u00edsica e mental para o exerc\u00edcio das atribui\u00e7\u00f5es do cargo, comprovadas por junta m\u00e9dica oficial;<\/li>\n\n\n\n<li>apresentar declara\u00e7\u00e3o de bens com dados at\u00e9 a data da posse;<\/li>\n\n\n\n<li>apresentar outros documentos que se fizerem necess\u00e1rios, \u00e0 \u00e9poca da posse.<\/li>\n<\/ul><p><\/p>\n\n\n\n<h2 class=\"wp-block-heading\" id=\"rgo-conta-com-grande-nmero-de-deficits\"><strong>\u00d3rg\u00e3o conta com grande n\u00famero de deficits<\/strong><\/h2>\n\n\n\n<p>Um <a href=\"https:\/\/www.novaconcursos.com.br\/portal\/concursos-abertos\/nacional\/\">novo concurso<\/a> da Receita Federal \u00e9 de <strong>grande import\u00e2ncia<\/strong>, visto que segundo o Portal Brasileiro de Dados Abertos, entre janeiro de 2018 e setembro de 2021 o \u00f3rg\u00e3o contou com <strong>1.571 funcion\u00e1rios menos para Auditor Fiscal.<\/strong><\/p>\n\n\n\n<p>Ademais, durante esse per\u00edodo tamb\u00e9m se desligaram do \u00f3rg\u00e3o<strong> 763 Analistas Tribut\u00e1rios<\/strong>. Dessa forma, enquanto a autoriza\u00e7\u00e3o do processo seletivo segue atrasada, tais n\u00fameros <strong>crescem ainda mais<\/strong>. Atualmente, o quadro \u00e9 o seguinte:<\/p>\n\n\n\n<p><strong>Auditor Fiscal<\/strong><\/p>\n\n\n\n<ul class=\"wp-block-list\"><li>Ocupados atualmente \u2013 7.921 cargos<\/li>\n\n\n\n<li>Vagos entre 2018 e 2021 \u2013 1.571 cargos<\/li>\n<\/ul><p><\/p>\n\n\n\n<p><strong>Analista Tribut\u00e1rio<\/strong><\/p>\n\n\n\n<ul class=\"wp-block-list\"><li>Ocupados atualmente \u2013 6.002 cargos<\/li>\n\n\n\n<li>Vagos entre 2018 e 2021 \u2013 763 cargos<\/li>\n<\/ul><p><\/p>\n\n\n\n<p>Vale destacar que tamb\u00e9m est\u00e1 sendo estudada a possibilidade de uma <strong>redu\u00e7\u00e3o no n\u00famero de vagas<\/strong> para que o concurso aconte\u00e7a, sendo apenas <strong>250 oportunidades<\/strong> apenas para as regi\u00f5es de fronteiras, que realizar\u00e3o concurso de remo\u00e7\u00e3o. No entanto, ainda <strong>n\u00e3o h\u00e1 confirma\u00e7\u00e3o.<\/strong><\/p>","protected":false},"excerpt":{"rendered":"<p>Novidades sobre o concurso Receita Federal! Ainda na espera do aval por parte do Minist\u00e9rio da Economia, o processo seletivo ser\u00e1 pauta de uma reuni\u00e3o entre Secret\u00e1rio, Auditores e outros representantes do \u00f3rg\u00e3o. Na pr\u00f3xima quinta-feira, 4 de novembro, ser\u00e1 realizada uma reuni\u00e3o entre Auditores e demais representantes do \u00f3rg\u00e3o para tratar do concurso Receita [&hellip;]<\/p>\n","protected":false},"author":54674,"featured_media":127566,"comment_status":"closed","ping_status":"closed","sticky":false,"template":"","format":"standard","meta":{"_acf_changed":false,"footnotes":"","_wp_rev_ctl_limit":""},"categories":[228],"tags":[39373,3541,37746,23168,26638,2136,8452,8453,3545,39374,27258],"class_list":["post-147038","post","type-post","status-publish","format-standard","has-post-thumbnail","hentry","category-noticias","tag-cargos-concurso-receita-federal","tag-concurso-receita-federal","tag-concurso-receita-federal-2021","tag-concurso-receita-federal-do-brasil-rfb","tag-edital-concurso-receita-federal","tag-receita-federal","tag-receita-federal-analista-tributario","tag-receita-federal-auditor-fiscal","tag-receita-federal-do-brasil","tag-salarios-concurso-receita-federal","tag-vagas-concurso-receita-federal"],"acf":[],"_links":{"self":[{"href":"https:\/\/www.novaconcursos.com.br\/portal\/wp-json\/wp\/v2\/posts\/147038","targetHints":{"allow":["GET"]}}],"collection":[{"href":"https:\/\/www.novaconcursos.com.br\/portal\/wp-json\/wp\/v2\/posts"}],"about":[{"href":"https:\/\/www.novaconcursos.com.br\/portal\/wp-json\/wp\/v2\/types\/post"}],"author":[{"embeddable":true,"href":"https:\/\/www.novaconcursos.com.br\/portal\/wp-json\/wp\/v2\/users\/54674"}],"replies":[{"embeddable":true,"href":"https:\/\/www.novaconcursos.com.br\/portal\/wp-json\/wp\/v2\/comments?post=147038"}],"version-history":[{"count":5,"href":"https:\/\/www.novaconcursos.com.br\/portal\/wp-json\/wp\/v2\/posts\/147038\/revisions"}],"predecessor-version":[{"id":300218,"href":"https:\/\/www.novaconcursos.com.br\/portal\/wp-json\/wp\/v2\/posts\/147038\/revisions\/300218"}],"wp:featuredmedia":[{"embeddable":true,"href":"https:\/\/www.novaconcursos.com.br\/portal\/wp-json\/wp\/v2\/media\/127566"}],"wp:attachment":[{"href":"https:\/\/www.novaconcursos.com.br\/portal\/wp-json\/wp\/v2\/media?parent=147038"}],"wp:term":[{"taxonomy":"category","embeddable":true,"href":"https:\/\/www.novaconcursos.com.br\/portal\/wp-json\/wp\/v2\/categories?post=147038"},{"taxonomy":"post_tag","embeddable":true,"href":"https:\/\/www.novaconcursos.com.br\/portal\/wp-json\/wp\/v2\/tags?post=147038"}],"curies":[{"name":"wp","href":"https:\/\/api.w.org\/{rel}","templated":true}]}}