{"id":147299,"date":"2021-11-03T14:33:24","date_gmt":"2021-11-03T17:33:24","guid":{"rendered":"https:\/\/www.novaconcursos.com.br\/portal\/?p=147299"},"modified":"2021-11-03T15:42:34","modified_gmt":"2021-11-03T18:42:34","slug":"concurso-funai-inscricoes-para-776-vagas-ja-estao-abertas","status":"publish","type":"post","link":"https:\/\/www.novaconcursos.com.br\/portal\/noticias\/concurso-funai-inscricoes-para-776-vagas-ja-estao-abertas\/","title":{"rendered":"Concurso Funai: Inscri\u00e7\u00f5es para 776 vagas j\u00e1 est\u00e3o abertas!"},"content":{"rendered":"<p>Concurseiros interessados no <a href=\"https:\/\/www.novaconcursos.com.br\/portal\/concursos\/concurso-funai\/\">concurso Funai<\/a>, aten\u00e7\u00e3o! J\u00e1 est\u00e3o abertas as <strong>inscri\u00e7\u00f5es<\/strong> para o processo seletivo que oferta <strong>776 vagas tempor\u00e1rias.<\/strong><\/p>\n\n\n\n<ul class=\"wp-block-list\"><li><strong>Confira: <\/strong><a href=\"https:\/\/www.novaconcursos.com.br\/eventos\/guia-definitivo-como-montar-um-mapa-mental\/\" target=\"_blank\" rel=\"noreferrer noopener\" aria-label=\" (abre numa nova aba)\">Como montar um mapa mental \u2013 Gr\u00e1tis<\/a><\/li><\/ul><p><\/p>\n\n\n\n<p>J\u00e1 podem ser realizadas as inscri\u00e7\u00f5es para o concurso Funai (Funda\u00e7\u00e3o Nacional do \u00cdndio), que oferece <strong>oportunidades tempor\u00e1rias<\/strong> para todos os <strong>n\u00edveis de escolaridade<\/strong>. Confira todos os detalhes sobre o edital!<\/p>\n\n\n\n<h2 class=\"wp-block-heading\" id=\"concurso-funai-inscries\">Concurso Funai: inscri\u00e7\u00f5es<\/h2>\n\n\n\n<p>Foram abertas nesta quarta-feira, <strong>3 de novembro<\/strong>, as inscri\u00e7\u00f5es do concurso Funai. O processo pode ser realizado <strong>at\u00e9 o dia 9 deste mesmo m\u00eas<\/strong>, de maneira <strong>presencial e gratuita,<\/strong> nos seguintes endere\u00e7os:<\/p>\n\n\n\n<ul class=\"wp-block-list\"><li>Na sede da Coordena\u00e7\u00e3o da Frente de Prote\u00e7\u00e3o Etnoambiental Cuminapanema, localizada na Rua 24 de Outubro, n\u00ba 1.854, bairro Aldeia, 5antar\u00e9m\/PA, CEP 68.040-014;<\/li><li>Na sede da Coordena\u00e7\u00e3o da Frente de Prote\u00e7\u00e3o Etnoambiental M\u00e9dio Xingu, localizada na Travessa Pedro Lemos, n\u00ba 1 10, Centro \u2013 Altamira\/PA, CEP 68.371-060.<\/li><\/ul><p><\/p>\n\n\n\n<p>Al\u00e9m disso, para realizar a inscri\u00e7\u00e3o os candidatos devem comparecer nos endere\u00e7os citados acima entre os hor\u00e1rios de <strong>08h30 \u00e0 12h e de 13h \u00e0s 17h30.<\/strong><\/p>\n\n\n\n<h2 class=\"wp-block-heading\" id=\"vagas-cargos-e-salrios\">Vagas, cargos e sal\u00e1rios<\/h2>\n\n\n\n<p>O novo concurso da Funda\u00e7\u00e3o <a href=\"https:\/\/www.novaconcursos.com.br\/portal\/concursos-abertos\/nacional\/\">Nacional<\/a> do \u00cdndio oferece <strong>776 oportunidades tempor\u00e1rias<\/strong> para todos os n\u00edveis de escolaridade. A distribui\u00e7\u00e3o das vagas ofertadas se d\u00e1 entre os seguintes <strong>cargos:<\/strong><\/p>\n\n\n\n<ul class=\"wp-block-list\"><li>Agente de Prote\u00e7\u00e3o Etnoambiental (605 vagas)<\/li><li>Chefe dos Agentes de Prote\u00e7\u00e3o Etnoambiental (121)<\/li><li>Supervisor dos Agentes de Prote\u00e7\u00e3o Etnoambiental (50)<\/li><\/ul><p><\/p>\n\n\n\n<p>Ademais, os aprovados no concurso p\u00fablico poder\u00e3o ser convocados pelo per\u00edodo de<strong> 6 meses<\/strong>, que podem ser prorrogados. As oportunidades est\u00e3o distribu\u00eddas entre <strong>diversos estados<\/strong>, confira:<\/p>\n\n\n\n<ul class=\"wp-block-list\"><li>Acre, com 91 vagas<\/li><li>Amazonas, com 236 vagas<\/li><li>Goi\u00e1s, com 13 vagas<\/li><li>Maranh\u00e3o, com 102 vagas<\/li><li>Mato Grosso, com 52 vagas<\/li><li>Par\u00e1, com 52 vagas<\/li><li>Rond\u00f4nia, com 78 vagas<\/li><li>Roraima, com 152 vagas<\/li><\/ul><p><\/p>\n\n\n\n<p>Al\u00e9m disso, de acordo com o edital os <strong>sal\u00e1rios<\/strong> dos convocados podem variar entre <strong>R$1.100 e R$4.400.<\/strong><\/p>\n\n\n\n<h2 class=\"wp-block-heading\" id=\"concurso-funai-avaliaes\">Concurso Funai: avalia\u00e7\u00f5es<\/h2>\n\n\n\n<p>Os candidatos inscritos no concurso Funai ser\u00e3o avaliados por meio de <strong>an\u00e1lise curricular<\/strong>, de maneira a seguir os <strong>crit\u00e9rios<\/strong> determinados pelo edital. As <strong>fases<\/strong> para essa avalia\u00e7\u00e3o s\u00e3o as seguintes:<\/p>\n\n\n\n<ul class=\"wp-block-list\"><li><strong>I \u2013 An\u00e1lise curricular<\/strong>, de car\u00e1ter eliminat\u00f3rio e classificat\u00f3rio, para a fun\u00e7\u00e3o de Supervisor dos Agentes de Prote\u00e7\u00e3o Etnoambiental;<\/li><li><strong>II \u2013 An\u00e1lise das habilidades e conhecimentos<\/strong> tradicionais relacionados \u00e0s fun\u00e7\u00f5es de Chefe dos Agentes de Prote\u00e7\u00e3o Etnoambiental e de Agentes de Prote\u00e7\u00e3o Etnoambiental; e<\/li><li><strong>III \u2013 Entrevista<\/strong>, de car\u00e1ter eliminat\u00f3rio e classificat\u00f3rio, para a fun\u00e7\u00e3o de Supervisor dos Agentes de Prote\u00e7\u00e3o Etnoambiental.<\/li><\/ul><p><\/p>\n\n\n\n<h2 class=\"wp-block-heading\" id=\"concurso-funai-para-efetivos-foi-solicitado\">Concurso Funai para efetivos foi solicitado<\/h2>\n\n\n\n<p>Ademais, um outro <a href=\"https:\/\/www.novaconcursos.com.br\/portal\/concursos-previstos\/nacional\/\">concurso<\/a> Funai j\u00e1 foi solicitado ao Minist\u00e9rio da Economia, dessa vez para<strong> efetivos.<\/strong> O pedido segue <strong>em an\u00e1lise<\/strong> e aguarda a defini\u00e7\u00e3o do <strong>or\u00e7amento <\/strong>da Uni\u00e3o.<\/p>\n\n\n\n<p>Al\u00e9m disso, foram solicitadas <strong>1.043 oportunidades<\/strong> de n\u00edveis m\u00e9dio, t\u00e9cnico e superior para os seguintes <strong>cargos:<\/strong><\/p>\n\n\n\n<ul class=\"wp-block-list\"><li>Administrador;<\/li><li>Antrop\u00f3logo;<\/li><li>Arquiteto;<\/li><li>Arquivista;<\/li><li>Assistente Social;<\/li><li>Bibliotec\u00e1rio;<\/li><li>Contador;<\/li><li>Economista;<\/li><li>Enfermeiro;<\/li><li>Engenheiro;<\/li><li>Engenheiro Agr\u00f4nomo;<\/li><li>Engenheiro Florestal;<\/li><li>Estat\u00edstico;<\/li><li>Ge\u00f3grafo;<\/li><li>Indigenista Especializado;<\/li><li>M\u00e9dico;<\/li><li>M\u00e9dico Veterin\u00e1rio;<\/li><li>Odont\u00f3logo;<\/li><li>Pesquisador;<\/li><li>Psic\u00f3logo;<\/li><li>Soci\u00f3logo;<\/li><li>T\u00e9cnico em Assuntos Educacionais;<\/li><li>T\u00e9cnico em Comunica\u00e7\u00e3o Social; e<\/li><li>Zootecnista.<\/li><\/ul><p><\/p>\n\n\n\n<p>De acordo com a Funai, se aprovado, o concurso acontecer\u00e1 no <strong>primeiro semestre de 2022 <\/strong>de forma regionalizada.<\/p>\n\n\n\n<p><em>\u201cUma vez submetido ao Minist\u00e9rio da Economia, caso seja autorizado, esta nova solicita\u00e7\u00e3o para realiza\u00e7\u00e3o de concurso p\u00fablico tem previs\u00e3o para ser realizado no primeiro semestre de 2022, em todo o pa\u00eds, com a oferta de vagas em formato regionalizado.\u201d<\/em><\/p>","protected":false},"excerpt":{"rendered":"<p>Concurseiros interessados no concurso Funai, aten\u00e7\u00e3o! J\u00e1 est\u00e3o abertas as inscri\u00e7\u00f5es para o processo seletivo que oferta 776 vagas tempor\u00e1rias. Confira: Como montar um mapa mental \u2013 Gr\u00e1tis J\u00e1 podem ser realizadas as inscri\u00e7\u00f5es para o concurso Funai (Funda\u00e7\u00e3o Nacional do \u00cdndio), que oferece oportunidades tempor\u00e1rias para todos os n\u00edveis de escolaridade. Confira todos os [&hellip;]<\/p>\n","protected":false},"author":54674,"featured_media":125049,"comment_status":"closed","ping_status":"closed","sticky":false,"template":"","format":"standard","meta":{"_acf_changed":false,"footnotes":"","_wp_rev_ctl_limit":""},"categories":[228],"tags":[42675,38682,15171,42672,42670,42673,42671,29410,16832,42674,38683,24958],"class_list":["post-147299","post","type-post","status-publish","format-standard","has-post-thumbnail","hentry","category-noticias","tag-avaliacoes-concurso-funai","tag-cargos-concurso-funai","tag-concurso-funai","tag-concurso-funai-efetivos","tag-concurso-funai-remuneracoes","tag-concurso-funai-solicitado","tag-concurso-funai-temporarios","tag-concurso-fundacao-nacional-do-indio-vagas-concurso-funai","tag-edital-concurso-funai","tag-incricoes-concurso-funai","tag-salario-concurso-funai","tag-vagas-concurso-funai"],"acf":[],"_links":{"self":[{"href":"https:\/\/www.novaconcursos.com.br\/portal\/wp-json\/wp\/v2\/posts\/147299","targetHints":{"allow":["GET"]}}],"collection":[{"href":"https:\/\/www.novaconcursos.com.br\/portal\/wp-json\/wp\/v2\/posts"}],"about":[{"href":"https:\/\/www.novaconcursos.com.br\/portal\/wp-json\/wp\/v2\/types\/post"}],"author":[{"embeddable":true,"href":"https:\/\/www.novaconcursos.com.br\/portal\/wp-json\/wp\/v2\/users\/54674"}],"replies":[{"embeddable":true,"href":"https:\/\/www.novaconcursos.com.br\/portal\/wp-json\/wp\/v2\/comments?post=147299"}],"version-history":[{"count":5,"href":"https:\/\/www.novaconcursos.com.br\/portal\/wp-json\/wp\/v2\/posts\/147299\/revisions"}],"predecessor-version":[{"id":147318,"href":"https:\/\/www.novaconcursos.com.br\/portal\/wp-json\/wp\/v2\/posts\/147299\/revisions\/147318"}],"wp:featuredmedia":[{"embeddable":true,"href":"https:\/\/www.novaconcursos.com.br\/portal\/wp-json\/wp\/v2\/media\/125049"}],"wp:attachment":[{"href":"https:\/\/www.novaconcursos.com.br\/portal\/wp-json\/wp\/v2\/media?parent=147299"}],"wp:term":[{"taxonomy":"category","embeddable":true,"href":"https:\/\/www.novaconcursos.com.br\/portal\/wp-json\/wp\/v2\/categories?post=147299"},{"taxonomy":"post_tag","embeddable":true,"href":"https:\/\/www.novaconcursos.com.br\/portal\/wp-json\/wp\/v2\/tags?post=147299"}],"curies":[{"name":"wp","href":"https:\/\/api.w.org\/{rel}","templated":true}]}}