{"id":147468,"date":"2021-12-07T16:20:27","date_gmt":"2021-12-07T19:20:27","guid":{"rendered":"https:\/\/www.novaconcursos.com.br\/portal\/?post_type=nc-public-tender&#038;p=147468"},"modified":"2024-12-16T09:56:58","modified_gmt":"2024-12-16T12:56:58","slug":"concurso-crq-es","status":"publish","type":"post","link":"https:\/\/www.novaconcursos.com.br\/portal\/concursos\/concurso-crq-es\/","title":{"rendered":"Concurso CRQ ES: Edital publicado com vagas de n\u00edvel m\u00e9dio!"},"content":{"rendered":"<p>Foi publicado o edital do novo <strong>concurso CRQ ES<\/strong> (Conselho Regional de Qu\u00edmica 21\u00aa Regi\u00e3o) com uma oferta de <strong>02 vagas imediatas.<\/strong><\/p>\n<p>Al\u00e9m disso, as oportunidades s\u00e3o para os cargos de <strong>Assistente Administrativo e Fiscal<\/strong>, ambos de n\u00edvel m\u00e9dio.<\/p>\n<ul><li><a class=\"_ps2id\" href=\"#inscri%C3%A7%C3%B5es-concurso\" data-ps2id-offset=\"\">Inscri\u00e7\u00f5es<\/a>\n<ul><li><a class=\"_ps2id\" href=\"#isen%C3%A7%C3%A3o-taxa\" data-ps2id-offset=\"\">Isen\u00e7\u00e3o de taxa<\/a><\/li>\n<\/ul><\/li>\n<li><a class=\"_ps2id\" href=\"#vagas-cargos-remunera%C3%A7%C3%B5es\" data-ps2id-offset=\"\">Vagas, cargos e remunera\u00e7\u00f5es<\/a><\/li>\n<li><a class=\"_ps2id\" href=\"#requisitos-concurso\" data-ps2id-offset=\"\">Requisitos<\/a><\/li>\n<li><a class=\"_ps2id\" href=\"#provas-concurso\" data-ps2id-offset=\"\">Provas<\/a>\n<ul><li><a class=\"_ps2id\" href=\"#prova-objetiva\" data-ps2id-offset=\"\">Prova Objetiva<\/a><\/li>\n<li><a class=\"_ps2id\" href=\"#prova-redacional\" data-ps2id-offset=\"\">Prova Redacional<\/a><\/li>\n<\/ul><\/li>\n<li><a class=\"_ps2id\" href=\"#sobre\" data-ps2id-offset=\"\">Sobre o CRQ ES<\/a><\/li>\n<li><a class=\"_ps2id\" href=\"#%C3%BAltimo-concurso\" data-ps2id-offset=\"\">\u00daltimo concurso\u00a0<\/a><\/li>\n<\/ul><h2 id=\"\"><\/h2>\n<h2 id=\"ps2id-idinscriesconcurso-targetconcurso-crq-es-inscries\">[ps2id id=\u2019inscri\u00e7\u00f5es-concurso\u2019 target=\u201d\/]Concurso CRQ ES: inscri\u00e7\u00f5es<\/h2>\n<p>Inicialmente, \u00e9 importante que os concurseiros saibam que j\u00e1 est\u00e3o abertas as inscri\u00e7\u00f5es do novo concurso CRQ ES. Ademais, o processo pode ser realizado <strong>at\u00e9 o dia 17 de janeiro<\/strong> por meio do site da <strong>banca organizadora<\/strong> do certame, a <a href=\"https:\/\/abcp.selecao.net.br\/informacoes\/2662\/\" target=\"_blank\" rel=\"noopener noreferrer\">ABCP<\/a>.<\/p>\n<p>Al\u00e9m disso, para efetivar a participa\u00e7\u00e3o \u00e9 necess\u00e1rio que os candidatos efetuem o pagamento de uma<strong> taxa de inscri\u00e7\u00e3o no valor de R$60,00<\/strong> at\u00e9 o dia <strong>19 de janeiro de 2022.<\/strong><\/p>\n<h3>[ps2id id=\u2019isen\u00e7\u00e3o-taxa\u2019 target=\u201d\/]Isen\u00e7\u00e3o de taxa<\/h3>\n<p>\u00c9 igualmente essencial destacar que entre os dias <strong>7 e 9 de dezembro<\/strong> poder\u00e3o solicitar a <strong>isen\u00e7\u00e3o de taxa<\/strong>, tamb\u00e9m por meio do site da banca organizadora, os candidatos que se encaixem nos seguintes perfis:<\/p>\n<ul><li>inscrito no Cadastro \u00danico para Programas Sociais do Governo Federal (Cad\u00danico); e<\/li>\n<li>renda familiar mensal igual ou inferior a tr\u00eas sal\u00e1rios m\u00ednimos ou renda familiar per capita de at\u00e9 meio sal\u00e1rio m\u00ednimo mensal.<\/li>\n<\/ul><p>\u00a0<\/p>\n<h2 id=\"ps2id-idvagascargosremuneraes-targetvagas-cargos-e-remunerae\">[ps2id id=\u2019vagas-cargos-remunera\u00e7\u00f5es\u2019 target=\u201d\/]Vagas, cargos e remunera\u00e7\u00f5es<\/h2>\n<p>Em suma, o concurso do Conselho Regional de Qu\u00edmica 21\u00aa Regi\u00e3o, no <a href=\"https:\/\/www.novaconcursos.com.br\/portal\/concursos-abertos\/es\/\">Esp\u00edrito Santo<\/a>, oferta <strong>02 vagas imediatas<\/strong>, ambas de <strong>n\u00edvel m\u00e9dio de escolaridade<\/strong>. Ademais, as oportunidades s\u00e3o para as carreiras de Assistente Administrativo (1) e Fiscal (1).<\/p>\n<p>Al\u00e9m disso, ambos os cargos contam com uma jornada de trabalho de <strong>40 horas semanais,<\/strong> al\u00e9m de remunera\u00e7\u00f5es que possuem o valor de <strong>R$1.726,07<\/strong> para Assistente Administrativo e de <strong>R$2.264,75<\/strong> para Fiscal.<\/p>\n<p>Ademais, os aprovados no concurso p\u00fablico que contar\u00e1 com contrata\u00e7\u00f5es por meio do <strong>regime CLT<\/strong> (Consolida\u00e7\u00e3o das Leis do Trabalho) ainda contar\u00e3o com os seguintes <strong>benef\u00edcios:<\/strong><\/p>\n<ul><li>Auxilio Alimenta\u00e7\u00e3o de R$ 594,33 (quinhentos e noventa e quatro e trinta e tr\u00eas centavos);<\/li>\n<li>Vale Transporte.<\/li>\n<\/ul><p>\u00a0<\/p>\n<h2 id=\"ps2id-idrequisitosconcurso-targetconcurso-crq-es-requisitos\">[ps2id id=\u2019requisitos-concurso\u2019 target=\u201d\/]Concurso CRQ ES: requisitos<\/h2>\n<p>Al\u00e9m disso, tamb\u00e9m \u00e9 essencial que os candidatos saibam quais s\u00e3o os <strong>requisitos b\u00e1sicos<\/strong> exigidos pelo edital para a investidura nas carreiras ofertadas pelo concurso CRQ ES. Sendo assim, s\u00e3o eles:<\/p>\n<ul><li>Ter sido aprovado e classificado no Concurso P\u00fablico na forma estabelecida neste Edital e em suas poss\u00edveis retifica\u00e7\u00f5es e aditamentos;<\/li>\n<li>Ser brasileiro nato, naturalizado ou estrangeiro que goze das prerrogativas do artigo 12 e do Inciso I do artigo 37 da<\/li>\n<li>Constitui\u00e7\u00e3o da Rep\u00fablica;<\/li>\n<li>Ter no m\u00ednimo 18 (dezoito) anos completos na data da posse;<\/li>\n<li>Gozar dos direitos pol\u00edticos e estar quite com as obriga\u00e7\u00f5eseleitorais;<\/li>\n<li>Estar quite com as obriga\u00e7\u00f5es do Servi\u00e7o Militar, quando se tratar de candidatos do sexomasculino;<\/li>\n<li>Ter aptid\u00e3o f\u00edsica e mental para o exerc\u00edcio das atribui\u00e7\u00f5es do Cargo, que poder\u00e1 ser aferida mediante per\u00edcia m\u00e9dica, realizada pelo servi\u00e7o m\u00e9dico oficial do CONSELHO REGIONAL DE QU\u00cdMICA 21\u00aa REGI\u00c3O, ou em sua falta, de quem este indicar;<\/li>\n<li>Comprovar escolaridade exigida para o Cargo, conforme solicitado neste Edital;<\/li>\n<li>Estar inscrito no \u00f3rg\u00e3o fiscalizador do exerc\u00edcio profissional e devidamente quite com suas demais exig\u00eancias legais, quando for o caso;<\/li>\n<li>N\u00e3o receber proventos de aposentadoria civil ou militar ou remunera\u00e7\u00e3o de cargo, ou fun\u00e7\u00e3o p\u00fablica que caracterizem acumula\u00e7\u00e3o il\u00edcita de cargos na forma do inciso XVI e do par\u00e1grafo 10 do Artigo 37 da Constitui\u00e7\u00e3o Federal do Brasil.<\/li>\n<\/ul><p>\u00a0<\/p>\n<h2 id=\"ps2id-idprovasconcurso-targetcomo-sero-as-provas-do-concurso\">[ps2id id=\u2019provas-concurso\u2019 target=\u201d\/]Como ser\u00e3o as provas do concurso?<\/h2>\n<p>Por fim, \u00e9 importante que os candidatos do <a href=\"https:\/\/www.novaconcursos.com.br\/portal\/concursos-previstos\/es\/\">concurso<\/a> CRQ ES saibam que ser\u00e3o avaliados por meio de <strong>Prova Objetiva e Prova Redacional<\/strong>, de forma que a aplica\u00e7\u00e3o de ambas j\u00e1 est\u00e1 prevista para o dia <strong>06 de fevereiro de 2022.<\/strong><\/p>\n<p>Al\u00e9m disso, segundo o edital, nesse dia os inscritos dever\u00e3o fazer o <strong>uso obrigat\u00f3rio da m\u00e1scara<\/strong> de prote\u00e7\u00e3o facial, comparecer ao local de prova com no m\u00ednimo <strong>15 minutos de anteced\u00eancia<\/strong> e portar, al\u00e9m do documento oficial com foto, caneta azul ou preta, fabricada em material transparente.<\/p>\n<p>Sendo assim, conhe\u00e7a os <strong>detalhes<\/strong> de cada uma das avalia\u00e7\u00f5es:<\/p>\n<h3>[ps2id id=\u2019prova-objetiva\u2019 target=\u201d\/]Prova Objetiva<\/h3>\n<p>Portanto, a prova objetiva do concurso CRQ ES ser\u00e1 aplicada no dia <strong>06 de fevereiro de 2022<\/strong>, quando os candidatos ter\u00e3o no m\u00e1ximo 03 horas para responder a <strong>40 quest\u00f5es<\/strong> sobre as seguintes disciplinas:<\/p>\n<ul><li>L\u00edngua Portuguesa \u2013 10;<\/li>\n<li>Matem\u00e1tica \u2013 05;<\/li>\n<li>Conhecimentos Gerais e Atualidades \u2013 05;<\/li>\n<li>Conhecimentos Espec\u00edficos \u2013 20.<\/li>\n<\/ul><p>\u00a0<\/p>\n<p>Al\u00e9m disso, ser\u00e3o corrigidas, da lista de ampla concorr\u00eancia, somente as avalia\u00e7\u00f5es objetivas <strong>at\u00e9 a 20\u00aa posi\u00e7\u00e3o<\/strong>, al\u00e9m de empates. Por outro lado, da lista especial PcD ser\u00e3o corrigidas as provas <strong>at\u00e9 a 5\u00aa posi\u00e7\u00e3o<\/strong> mais empates.<\/p>\n<h3>[ps2id id=\u2019prova-redacional\u2019 target=\u201d\/]Prova Redacional<\/h3>\n<p>Ademais, nesse mesmo dia os candidatos tamb\u00e9m realizar\u00e3o uma <strong>prova redacional<\/strong>, que poder\u00e1 contar com um dos <strong>assuntos<\/strong> a seguir:<\/p>\n<ul><li>Pol\u00edtica;<\/li>\n<li>Economia;<\/li>\n<li>Sociedade;<\/li>\n<li>Educa\u00e7\u00e3o;<\/li>\n<li>Seguran\u00e7a;<\/li>\n<li>Tecnologia;<\/li>\n<li>Energia;<\/li>\n<li>Rela\u00e7\u00f5es Internacionais;<\/li>\n<li>Desenvolvimento Sustent\u00e1vel;<\/li>\n<li>Responsabilidade Socioambiental; e<\/li>\n<li>Ecologia e suas Vincula\u00e7\u00f5es Hist\u00f3ricas.<\/li>\n<\/ul><p>\u00a0<\/p>\n<p>\u00c9 igualmente importante mencionar que somente ser\u00e3o corrigidas as provas redacionais dos <strong>candidatos aprovados nas provas objetivas<\/strong>, seguindo as classifica\u00e7\u00f5es citadas anteriormente.<\/p>\n<p>Ademais, a resposta da avalia\u00e7\u00e3o dever\u00e1 possuir <strong>entre 10 e 20 linhas<\/strong>, e a prova em si valer\u00e1 de <strong>0 a 1 ponto<\/strong>, de forma que o candidato deve alcan\u00e7ar no m\u00ednimo 0,5 pontos para ser considerado como habilitado.<\/p>\n<h2 id=\"ps2id-idsobre-targetsobre-o-crq-es\">[ps2id id=\u2019sobre\u2019 target=\u201d\/]Sobre o CRQ ES<\/h2>\n<p>Em resumo, a Lei n\u00ba 2.800, de 18 de junho de 1956, criou o Conselho Federal e os Regionais de Qu\u00edmica e disp\u00f5e sobre o exerc\u00edcio da profiss\u00e3o de Qu\u00edmico.<\/p>\n<p>Nesse sentido, <strong>em 19 de novembro de 2010, o Conselho Federal de Qu\u00edmica criou o Conselho Regional de Qu\u00edmica da 21\u00aa Regi\u00e3o \u2013 CRQ XXI<\/strong>, que tem como atribui\u00e7\u00f5es as determinadas no art. 6 da Resolu\u00e7\u00e3o Normativa do CFQ n\u00ba 2, de 08 de julho de 1957:<\/p>\n<p><strong>a)<\/strong>\u00a0registrar os profissionais e as firmas, de acordo com a Lei n\u00ba 2.800, de 18.06.1956, e expedir as carteiras profissionais, e as certid\u00f5es correspondentes;<br><strong>b)<\/strong>\u00a0examinar reclama\u00e7\u00f5es e representa\u00e7\u00f5es escritas acerca dos servi\u00e7os de registro, e das infra\u00e7\u00f5es da referida Lei n\u00ba 2.800, e decidir a respeito;<br><strong>c)<\/strong>\u00a0fiscalizar o exerc\u00edcio da profiss\u00e3o, impedindo e punindo as infra\u00e7\u00f5es \u00e1 Lei, bem como enviando \u00e0s autoridades competentes relat\u00f3rios documentados sobre fatos que apurarem e cuja solu\u00e7\u00e3o n\u00e3o seja de sua al\u00e7ada;<br><strong>d)<\/strong>\u00a0publicar relat\u00f3rios anuais de seus trabalhos e periodicamente, a rela\u00e7\u00e3o dos profissionais registrados;<br><strong>e)<\/strong>\u00a0organizar seu regimento interno, submetendo-o a aprova\u00e7\u00e3o do Conselho Federal de Qu\u00edmica;<br><strong>f)<\/strong>\u00a0sugerir ao Conselho Federal de Qu\u00edmica as medidas necess\u00e1rias \u00e0 regularidade dos servi\u00e7os e \u00e0 fiscaliza\u00e7\u00e3o do exerc\u00edcio profissional;<br><strong>g)<\/strong>\u00a0admitir a colabora\u00e7\u00e3o dos sindicatos e das associa\u00e7\u00f5es de profissionais nos casos das mat\u00e9rias das letras anteriores;<br><strong>h)<\/strong>\u00a0eleger um delegado-eleitor para a assembleia referida na letra b do art. 4\u00ba, da Lei n\u00ba 2.800 de 18 de junho de 1956;<br><strong>i)<\/strong>\u00a0efetuar a arrecada\u00e7\u00e3o de taxas e anuidades previstas e recolher, trimestralmente, 1\/4 da arrecada\u00e7\u00e3o \u00e0 tesouraria do Conselho Federal de Qu\u00edmica.<\/p>\n<h2 id=\"ps2id-idltimo-concurso-targetltimo-concurso\">[ps2id id=\u2019\u00faltimo- concurso\u2019 target=\u201d\/]\u00daltimo concurso<\/h2>\n<p>O \u00faltimo concurso do Conselho Regional de Qu\u00edmica da 21\u00aa Regi\u00e3o (CRQ 21\u00aa Regi\u00e3o), Esp\u00edrito Santo aconteceu <strong>em 2014.<\/strong> Sendo assim, confira abaixo os <strong>cargos e vagas:<\/strong><\/p>\n<ul><li>1 (uma) vaga para PSA \u2013 Servi\u00e7os Administrativos;<\/li>\n<li>1 (uma) vaga para PST \u2013 Assistente Administrativo;<\/li>\n<li>2 (duas) vagas de n\u00edvel m\u00e9dio t\u00e9cnico para o cargo de PFI \u2013 Fiscal (Profiss\u00f5es do Sistema CFQ\/CRQ);<\/li>\n<li>1 (uma) vaga de n\u00edvel superior para o cargo de PES \u2013 Administrador;<\/li>\n<li>Forma\u00e7\u00e3o de Cadastro de Reserva para os cargos PSI \u2013 Profiss\u00f5es do Sistema CFQ\/CRQ; e<\/li>\n<li>PES \u2013 Analista de Suporte T\u00e9cnico e Operacional.<\/li>\n<\/ul><p>\u00a0<\/p>\n<p>Ademais, as <strong>remunera\u00e7\u00f5es<\/strong> variam de <strong>R$ 1.017,00 a R$ 3.014,19<\/strong>, em jornadas de 20 e 40 horas por semana.<\/p>\n<p>Al\u00e9m disso, para todos os cargos a prova contou com <strong>50 quest\u00f5es<\/strong>, da seguinte forma:<\/p>\n<ul><li>l\u00edngua portuguesa \u2013 10<\/li>\n<li>racioc\u00ednio l\u00f3gico e matem\u00e1tico \u2013 5<\/li>\n<li>legisla\u00e7\u00e3o aplicada ao CFQ\/CRQ \u2013 5<\/li>\n<li>conhecimentos em microiform\u00e1tica \u2013 5<\/li>\n<li>conhecimentos espec\u00edficos \u2013 25<\/li>\n<\/ul><p>\u00a0<\/p>\n<p>Por fim, a parte de conhecimentos espec\u00edficos contou com <strong>peso 1,8,<\/strong> enquanto as demais disciplinas contaram com <strong>peso um<\/strong>.<\/p>","protected":false},"excerpt":{"rendered":"<p>Foi publicado o edital do novo concurso CRQ ES (Conselho Regional de Qu\u00edmica 21\u00aa Regi\u00e3o) com uma oferta de 02 vagas imediatas.<br \/>\nAl\u00e9m disso, as oportunidades s\u00e3o para os cargos de Assistente Administrativo e Fiscal, ambos de n\u00edvel m\u00e9dio.<\/p>\n","protected":false},"author":54662,"featured_media":150220,"comment_status":"closed","ping_status":"closed","sticky":false,"template":"","format":"standard","meta":{"_acf_changed":false,"footnotes":"","_wp_rev_ctl_limit":""},"categories":[44999],"tags":[],"class_list":["post-147468","post","type-post","status-publish","format-standard","has-post-thumbnail","hentry","category-concursos"],"acf":[],"_links":{"self":[{"href":"https:\/\/www.novaconcursos.com.br\/portal\/wp-json\/wp\/v2\/posts\/147468","targetHints":{"allow":["GET"]}}],"collection":[{"href":"https:\/\/www.novaconcursos.com.br\/portal\/wp-json\/wp\/v2\/posts"}],"about":[{"href":"https:\/\/www.novaconcursos.com.br\/portal\/wp-json\/wp\/v2\/types\/post"}],"author":[{"embeddable":true,"href":"https:\/\/www.novaconcursos.com.br\/portal\/wp-json\/wp\/v2\/users\/54662"}],"replies":[{"embeddable":true,"href":"https:\/\/www.novaconcursos.com.br\/portal\/wp-json\/wp\/v2\/comments?post=147468"}],"version-history":[{"count":5,"href":"https:\/\/www.novaconcursos.com.br\/portal\/wp-json\/wp\/v2\/posts\/147468\/revisions"}],"predecessor-version":[{"id":150219,"href":"https:\/\/www.novaconcursos.com.br\/portal\/wp-json\/wp\/v2\/posts\/147468\/revisions\/150219"}],"wp:featuredmedia":[{"embeddable":true,"href":"https:\/\/www.novaconcursos.com.br\/portal\/wp-json\/wp\/v2\/media\/150220"}],"wp:attachment":[{"href":"https:\/\/www.novaconcursos.com.br\/portal\/wp-json\/wp\/v2\/media?parent=147468"}],"wp:term":[{"taxonomy":"category","embeddable":true,"href":"https:\/\/www.novaconcursos.com.br\/portal\/wp-json\/wp\/v2\/categories?post=147468"},{"taxonomy":"post_tag","embeddable":true,"href":"https:\/\/www.novaconcursos.com.br\/portal\/wp-json\/wp\/v2\/tags?post=147468"}],"curies":[{"name":"wp","href":"https:\/\/api.w.org\/{rel}","templated":true}]}}