{"id":147474,"date":"2021-11-05T10:12:44","date_gmt":"2021-11-05T13:12:44","guid":{"rendered":"https:\/\/www.novaconcursos.com.br\/portal\/?p=147474"},"modified":"2021-11-05T17:13:39","modified_gmt":"2021-11-05T20:13:39","slug":"concurso-sefaz-am-edital-confirmado-diz-governador","status":"publish","type":"post","link":"https:\/\/www.novaconcursos.com.br\/portal\/noticias\/concurso-sefaz-am-edital-confirmado-diz-governador\/","title":{"rendered":"Concurso Sefaz AM: Edital est\u00e1 confirmado, diz governador!"},"content":{"rendered":"<p>O <a href=\"https:\/\/www.novaconcursos.com.br\/portal\/concursos\/concurso-sefaz-am\/\">concurso Sefaz AM<\/a> tem uma <strong>comiss\u00e3o <\/strong>formada desde agosto e pode estar pr\u00f3ximo de ter o edital lan\u00e7ado. Isso porque o governador Wilson Lima <strong>confirmou <\/strong>mais uma vez que o certame ocorrer\u00e1!<\/p>\n\n\n\n<ul class=\"wp-block-list\"><li><strong>Confira<\/strong>: <a href=\"https:\/\/www.novaconcursos.com.br\/eventos\/guia-definitivo-plano-de-estudos-passo-a-passo\/\" target=\"_blank\" rel=\"noreferrer noopener\" aria-label=\"Guia Definitivo - Plano de Estudos Passo a Passo (GR\u00c1TIS) (abre numa nova aba)\">Guia Definitivo \u2013 Plano de Estudos Passo a Passo (GR\u00c1TIS)<\/a><\/li><\/ul><p><\/p>\n\n\n\n<p>Lima confirmou o certame da Secretaria de Fazenda do Estado do <a href=\"https:\/\/www.novaconcursos.com.br\/portal\/concursos-abertos\/am\/\">Amazonas<\/a> no \u00faltimo dia 26 de outubro. Na ocasi\u00e3o, o governador mencionou <strong>dez concursos previstos <\/strong>e afirmou que alguns editais podem sair ainda em <strong>2021<\/strong>.<\/p>\n\n\n\n<p>Segundo informa\u00e7\u00f5es, o concurso da Secretaria de Fazenda j\u00e1 estaria, inclusive, na fase de <strong>escolha de banca organizadora <\/strong>e que o Cebraspe ser\u00e1 escolhido. No entanto, o deputado Demilson Chagas fez uma den\u00fancia: esse processo teria acontecido <strong>sem uma licita\u00e7\u00e3o<\/strong>. <\/p>\n\n\n\n<p><strong>Saiba um pouco mais<\/strong> sobre essa situa\u00e7\u00e3o e sobre as previs\u00f5es para o certame!<\/p>\n\n\n\n<h2 class=\"wp-block-heading\" id=\"concurso-sefaz-am-processo-de-escolha-da-banca-deve-ser-inve\">Concurso\nSefaz AM: processo de escolha da banca deve ser investigado<\/h2>\n\n\n\n<p>A den\u00fancia feita por Demilson Chagas sobre o processo de escolha da banca organizadora para o concurso Sefaz AM<strong> pode ser investigada<\/strong>. Confira a fala do deputado na ocasi\u00e3o da <strong>den\u00fancia<\/strong>:<\/p>\n\n\n\n<p>\u201c<em>Assim como eu denunciei os nomes das empresas que venceriam a concorr\u00eancia para as obras da AM-010 um m\u00eas antes de fazerem a homologa\u00e7\u00e3o, agora eu denuncio que o Governo do Estado j\u00e1 escolheu a empresa Cebraspe para beneficiar o grupo deles. Ent\u00e3o, hoje, dia 24 de agosto, j\u00e1 estou denunciando o nome da empresa que ganhar\u00e1 a licita\u00e7\u00e3o, e espero que se tome provid\u00eancia a este respeito, porque l\u00e1 na frente n\u00e3o poder\u00e3o alegar que n\u00e3o sabiam ou que se trata de uma mera coincid\u00eancia. Ent\u00e3o, antes do governador Wilson Lima enviar a mensagem governamental para esta Casa, eu j\u00e1 estou denunciando esse fato. Eu espero que o TCE e os demais \u00f3rg\u00e3os de controle apurem essa atitude que vem do Governo do Estado, porque, se eles se reuniram para discutir quem vai ser o ganhador, isso se caracteriza como forma\u00e7\u00e3o de quadrilha, por isso o Minist\u00e9rio P\u00fablico tem de tomar as provid\u00eancias<\/em>\u201c.<\/p>\n\n\n\n<p>Mais <strong>informa\u00e7\u00f5es <\/strong>sobre a den\u00fancia e poss\u00edvel investiga\u00e7\u00e3o, devem ser divulgadas em breve.<\/p>\n\n\n\n<h2 class=\"wp-block-heading\" id=\"concurso-sefaz-am-expectativa-para-o-prximo-edital\">Concurso\nSefaz AM: expectativa para o pr\u00f3ximo edital<\/h2>\n\n\n\n<p>Esse concurso Sefaz tem sido <strong>aguardado h\u00e1 anos<\/strong> e em 2020 a Secret\u00e1ria da Fazenda do <a href=\"https:\/\/www.novaconcursos.com.br\/portal\/concursos-previstos\/am\/\">Amazonas<\/a>, Alana Tomaz, esperava poder realizar o certame.<\/p>\n\n\n\n<p>Naquele ano, cerca de <strong>400 cargos podiam ser preenchidos,<\/strong> no entanto o n\u00famero de vagas que seriam ofertadas n\u00e3o foi divulgado em 2020 e o edital n\u00e3o teve continuidade.<\/p>\n\n\n\n<p>Para o pr\u00f3ximo concurso, segundo Demilson Chagas, est\u00e3o sendo esperadas <strong>200 vagas<\/strong> para os cargos de Auditor Fiscal de Tributos, Analista T\u00e9cnico e Assistente.<\/p>","protected":false},"excerpt":{"rendered":"<p>O concurso Sefaz AM tem uma comiss\u00e3o formada desde agosto e pode estar pr\u00f3ximo de ter o edital lan\u00e7ado. Isso porque o governador Wilson Lima confirmou mais uma vez que o certame ocorrer\u00e1! Confira: Guia Definitivo \u2013 Plano de Estudos Passo a Passo (GR\u00c1TIS) Lima confirmou o certame da Secretaria de Fazenda do Estado do [&hellip;]<\/p>\n","protected":false},"author":54673,"featured_media":0,"comment_status":"closed","ping_status":"closed","sticky":false,"template":"","format":"standard","meta":{"_acf_changed":false,"footnotes":"","_wp_rev_ctl_limit":""},"categories":[228],"tags":[37470,42737,42738,34453,37935,6079,37852,198,38227,37802,42733,42732,42734,42735,42736,37434,5029],"class_list":["post-147474","post","type-post","status-publish","format-standard","hentry","category-noticias","tag-banca-organizadora","tag-banca-organizadora-concurso-sefaz-am","tag-banca-organizadora-sefaz-am","tag-cebraspe","tag-comissao-organizadora","tag-concurso-sefaz-am","tag-concursos-am","tag-concursos-previstos","tag-editais-am","tag-editais-previstos","tag-edital-concurso-sefaz-am","tag-edital-sefaz-am","tag-secretaria-de-estado-de-fazenda","tag-secretaria-de-estado-de-fazenda-am","tag-secretaria-de-estado-de-fazenda-do-amazonas","tag-secretaria-de-fazenda","tag-sefaz"],"acf":[],"_links":{"self":[{"href":"https:\/\/www.novaconcursos.com.br\/portal\/wp-json\/wp\/v2\/posts\/147474","targetHints":{"allow":["GET"]}}],"collection":[{"href":"https:\/\/www.novaconcursos.com.br\/portal\/wp-json\/wp\/v2\/posts"}],"about":[{"href":"https:\/\/www.novaconcursos.com.br\/portal\/wp-json\/wp\/v2\/types\/post"}],"author":[{"embeddable":true,"href":"https:\/\/www.novaconcursos.com.br\/portal\/wp-json\/wp\/v2\/users\/54673"}],"replies":[{"embeddable":true,"href":"https:\/\/www.novaconcursos.com.br\/portal\/wp-json\/wp\/v2\/comments?post=147474"}],"version-history":[{"count":7,"href":"https:\/\/www.novaconcursos.com.br\/portal\/wp-json\/wp\/v2\/posts\/147474\/revisions"}],"predecessor-version":[{"id":147594,"href":"https:\/\/www.novaconcursos.com.br\/portal\/wp-json\/wp\/v2\/posts\/147474\/revisions\/147594"}],"wp:attachment":[{"href":"https:\/\/www.novaconcursos.com.br\/portal\/wp-json\/wp\/v2\/media?parent=147474"}],"wp:term":[{"taxonomy":"category","embeddable":true,"href":"https:\/\/www.novaconcursos.com.br\/portal\/wp-json\/wp\/v2\/categories?post=147474"},{"taxonomy":"post_tag","embeddable":true,"href":"https:\/\/www.novaconcursos.com.br\/portal\/wp-json\/wp\/v2\/tags?post=147474"}],"curies":[{"name":"wp","href":"https:\/\/api.w.org\/{rel}","templated":true}]}}