{"id":147644,"date":"2021-11-08T12:02:19","date_gmt":"2021-11-08T15:02:19","guid":{"rendered":"https:\/\/www.novaconcursos.com.br\/portal\/?p=147644"},"modified":"2021-11-08T12:02:25","modified_gmt":"2021-11-08T15:02:25","slug":"concurso-ses-rs-saiu-edital-vagas-niveis","status":"publish","type":"post","link":"https:\/\/www.novaconcursos.com.br\/portal\/noticias\/concurso-ses-rs-saiu-edital-vagas-niveis\/","title":{"rendered":"Concurso SES RS: Saiu o edital! 922 vagas de n\u00edveis m\u00e9dio e superior!"},"content":{"rendered":"<p>Boa not\u00edcia concurseiros! Mais um <strong>edital foi publicado<\/strong> no Rio Grande do Sul e desta vez para o <a href=\"https:\/\/www.novaconcursos.com.br\/portal\/concursos\/concurso-ses-rs\/\">concurso SES RS<\/a> (Secretaria de Estado de Sa\u00fade). Ser\u00e3o <strong>922 vagas <\/strong>para v\u00e1rios cargos. As <strong>provas<\/strong> ser\u00e3o em dezembro!<\/p>\n\n\n\n<ul class=\"wp-block-list\"><li><strong>Confira:<\/strong> <a href=\"https:\/\/www.novaconcursos.com.br\/eventos\/guia-definitivo-plano-de-estudos-passo-a-passo\/\" target=\"_blank\" rel=\"noreferrer noopener\" aria-label=\"Guia Definitivo Plano de Estudos (Gr\u00e1tis) (abre numa nova aba)\">Guia Definitivo Plano de Estudos (Gr\u00e1tis)<\/a><\/li><\/ul><p><\/p>\n\n\n\n<h2 class=\"wp-block-heading\" id=\"concurso-ses-rs-como-realizar-inscries\">Concurso SES RS: como realizar inscri\u00e7\u00f5es?<\/h2>\n\n\n\n<p>As inscri\u00e7\u00f5es para o concurso da Secretaria de Estado de Sa\u00fade do <a href=\"https:\/\/www.novaconcursos.com.br\/portal\/concursos-abertos\/rs\/\">Rio Grande do Sul<\/a> j\u00e1 <strong>est\u00e3o abertas<\/strong> e seguir\u00e3o at\u00e9 dia <strong>06 de dezembro.<\/strong><\/p>\n\n\n\n<p>Os interessados dever\u00e3o se inscrever atrav\u00e9s do\u00a0<a rel=\"noreferrer noopener\" href=\"http:\/\/portalfaurgs.com.br\/concursos\" target=\"_blank\">site da FAURG<\/a>, <strong>banca organizadora <\/strong>do edital, e tamb\u00e9m no site da pr\u00f3pria\u00a0<a rel=\"noreferrer noopener\" href=\"http:\/\/www.saude.rs.gov.br\/\" target=\"_blank\">Secretaria de Sa\u00fade<\/a>.<\/p>\n\n\n\n<p>Haver\u00e1 a cobran\u00e7a de uma taxa de inscri\u00e7\u00e3o no valor de<strong>\u00a0R$ 92,64<\/strong>\u00a0(cargos de n\u00edvel t\u00e9cnico) e\u00a0<strong>R$ 211,22<\/strong>\u00a0(cargos de n\u00edvel superior).<\/p>\n\n\n\n<h2 class=\"wp-block-heading\" id=\"concurso-ses-rs-vagas-e-salrios\">Concurso SES RS: vagas e sal\u00e1rios<\/h2>\n\n\n\n<p>O edital do certame foi publicado no Di\u00e1rio Oficial do estado, com oferta de\u00a0<strong>922 vagas<\/strong>\u00a0para diversos cargos. Confira a distribui\u00e7\u00e3o:<\/p>\n\n\n\n<ul class=\"wp-block-list\"><li><strong>N\u00edvel superior<\/strong><ul><li>Administrador \u2013 65 vagas<\/li><li>Administrador de Banco de Dados \u2013 1 vaga<\/li><li>Analista de Desenvolvimento de Sistemas \u2013 4 vagas<\/li><li>Analista de Suporte \u2013 3 vagas<\/li><li>Analista de Sistemas \u2013 6 vagas<\/li><li>Arquiteto \u2013 5 vagas<\/li><li>Arquivista \u2013 1 vaga<\/li><li>Assessor Jur\u00eddico \u2013 25 vagas<\/li><li>Assistente Social \u2013 18 vagas<\/li><li>Bibliotec\u00e1rio \u2013 2 vagas<\/li><li>Bi\u00f3logo \u2013 30 vagas<\/li><li>Bioqu\u00edmico \u2013 2 vagas<\/li><li>Contador \u2013 13 vagas<\/li><li>Designer Gr\u00e1fico \u2013 5 vagas<\/li><li>Economista \u2013 4 vagas<\/li><li>Educador F\u00edsico \u2013 4 vagas<\/li><li>Enfermeiro -109 vagas<\/li><li>Engenheiro Agr\u00f4nomo \u2013 1 vagas<\/li><li>Engenheiro de Alimentos \u2013 4 vagas<\/li><li>Engenheiro Ambiental \u2013 3 vagas<\/li><li>Engenheiro Civil \u2013 6 vagas<\/li><li>Engenheiro Qu\u00edmico \u2013 7 vagas<\/li><li>Engenheiro Mec\u00e2nico \u2013 1 vaga<\/li><li>Arquiteto ou Engenheiro de Seguran\u00e7a do Trabalho \u2013 6 vagas<\/li><li>Engenheiro de Produ\u00e7\u00e3o \u2013 2 vagas<\/li><li>Estat\u00edstico \u2013 7 vagas<\/li><li>Farmac\u00eautico \u2013 59 vagas<\/li><li>F\u00edsico \u2013 5 vagas<\/li><li>Fisioterapeuta \u2013 7 vagas<\/li><li>Fonoaudi\u00f3logo \u2013 3 vagas<\/li><li>Ge\u00f3grafo \u2013 1 vaga<\/li><li>Ge\u00f3logo \u2013 3 vagas<\/li><li>Gestor em Sa\u00fade \u2013 10 vagas<\/li><li>Gestor Financeiro \u2013 5 vagas<\/li><li>Gestor Hospitalar \u2013 5 vagas<\/li><li>Gestor P\u00fablico \u2013 3 vagas<\/li><li>Jornalista \u2013 2 vagas<\/li><li>M\u00e9dico \u2013 55 vagas<\/li><li>M\u00e9dico Cardiologista \u2013 2 vagas<\/li><li>M\u00e9dico Cl\u00ednico Geral \u2013 28 vagas<\/li><li>M\u00e9dico de Fam\u00edlia e Comunidade \u2013 2 vagas<\/li><li>M\u00e9dico do Trabalho 4 vagas<\/li><li>M\u00e9dico Gastroenterologista \u2013 1 vaga<\/li><li>M\u00e9dico Ginecologista-obstetra \u2013 2 vagas<\/li><li>M\u00e9dico Hematologista \u2013 5 vagas<\/li><li>M\u00e9dico Infectologista5 vagas<\/li><li>M\u00e9dico Intensivista \u2013 1 vaga<\/li><li>M\u00e9dico Neurologista \u2013 4 vagas<\/li><li>M\u00e9dico Oftalmologista \u2013 1 vaga<\/li><li>M\u00e9dico Oncologista \u2013 2 vagas<\/li><li>M\u00e9dico Pediatra \u2013 6 vagas<\/li><li>M\u00e9dico Pneumologista \u2013 5 vagas<\/li><li>M\u00e9dico Psiquiatra Gradua\u00e7\u00e3o em Medicina \u2013 21 vagas<\/li><li>M\u00e9dico Psiquiatra da Inf\u00e2ncia e Adolesc\u00eancia \u2013 2 vagas<\/li><li>M\u00e9dico Radiologista -1 vaga<\/li><li>M\u00e9dico Traumatologista \u2013 1 vaga<\/li><li>M\u00e9dico Veterin\u00e1rio \u2013 24 vagas<\/li><li>Muse\u00f3logo 1 vaga<\/li><li>Nutricionista \u2013 19 vagas<\/li><li>Ocean\u00f3logo \u2013 1 vaga<\/li><li>Odont\u00f3logo \u2013 5 vagas<\/li><li>Pedagogo \u2013 7 vagas<\/li><li>Analista de Pol\u00edticas P\u00fablicas \u2013 8 vagas<\/li><li>Produtor Audiovisual \u2013 1 vaga<\/li><li>Psic\u00f3logo \u2013 15 vagas<\/li><li>Publicit\u00e1rio \u2013 1 vaga<\/li><li>Qu\u00edmico \u2013 9 vagas<\/li><li>Rela\u00e7\u00f5es P\u00fablicas \u2013 4 vagas<\/li><li>Bacharel em Sa\u00fade Coletiva \u2013 31 vagas<\/li><li>Secret\u00e1rio Executivo \u2013 3 vagas<\/li><li>Soci\u00f3logo \u2013 1 vaga<\/li><li>Terapeuta Ocupacional \u2013 6 vagas<\/li><li>Zootecnista \u2013 3 vagas<\/li><\/ul><\/li><li><strong>N\u00edvel t\u00e9cnico<\/strong><ul><li>T\u00e9cnico em Enfermagem \u2013 193 vagas<\/li><li>T\u00e9cnico em Laborat\u00f3rio \u2013 5 vagas<\/li><\/ul><\/li><\/ul><p><\/p>\n\n\n\n<p>Os sal\u00e1rios iniciais para o n\u00edvel superior \u00e9 de\u00a0<strong>R$ 3.473,34<\/strong>, enquanto para o n\u00edvel t\u00e9cnico \u00e9 de\u00a0<strong>R$ 878,11<\/strong>.<\/p>\n\n\n\n<p>Al\u00e9m disso, os sal\u00e1rios ainda ser\u00e3o acrescidos Gratifica\u00e7\u00e3o de Est\u00edmulo a Capacita\u00e7\u00e3o, para os cargos de n\u00edvel superior, sendo de <strong>Especializa\u00e7\u00e3o \u2013 R$ 475,00 ou Mestrado\/Doutorado R$ 790,00<\/strong>. \u00c9 vedado o ac\u00famulo.<\/p>\n\n\n\n<p>Por outro lado, para os cargos de n\u00edvel t\u00e9cnico, o vencimento ser\u00e1 acrescido da <strong>Gratifica\u00e7\u00e3o de Apoio \u00e0 Capacita\u00e7\u00e3o de 5%<\/strong> aos funcion\u00e1rios que comprovarem a conclus\u00e3o de curso de gradua\u00e7\u00e3o em qualquer \u00e1rea.<\/p>\n\n\n\n<p>Ademais, de acordo com o \u00faltimo edital, a jornada de trabalho das carreiras \u00e9 de\u00a0<strong>30 horas semanais<\/strong>.<\/p>\n\n\n\n<h2 class=\"wp-block-heading\" id=\"concurso-ses-rs-requisitos\">Concurso SES RS: requisitos<\/h2>\n\n\n\n<p>Para garantir alguma das vagas, os candidatos necessitam, al\u00e9m da forma\u00e7\u00e3o, preencherem alguns <strong>requisitos b\u00e1sicos<\/strong>, que s\u00e3o:<\/p>\n\n\n\n<ul class=\"wp-block-list\"><li>ser brasileiro nato ou gozar das prerrogativas contidas no artigo 12 da Constitui\u00e7\u00e3o Federal, cujo processo de naturaliza\u00e7\u00e3o tenha sido encerrado dentro do prazo das inscri\u00e7\u00f5es, ou ser estrangeiro em situa\u00e7\u00e3o regular no territ\u00f3rio nacional, dentro do prazo das inscri\u00e7\u00f5es, e conforme o estabelecido na Lei Estadual Complementar n\u00ba 13.763\/2011;<\/li><li>ter maioridade civil at\u00e9 a data da posse;<\/li><li>tratando-se de pessoa com defici\u00eancia ou autodeclarada negra, ser considerada enquadrada nas condi\u00e7\u00f5es previstas nos subitens 3.4 e 3.7.2 do edital;<\/li><li>estar em dia com as obriga\u00e7\u00f5es eleitorais at\u00e9 a data da posse;<\/li><li>possuir a escolaridade exigida, a habilita\u00e7\u00e3o legal para o exerc\u00edcio da fun\u00e7\u00e3o e atender aos requisitos conforme estabelece o subitem 2.2, na data da posse;<\/li><li>possuir aptid\u00e3o f\u00edsica e mental verificadas pelo Departamento de Per\u00edcia M\u00e9dica e Sa\u00fade do Trabalhador da Secretaria do Planejamento Governan\u00e7a e Gest\u00e3o do Estado do Rio Grande do Sul;<\/li><li>n\u00e3o registrar antecedentes criminais, achando-se em pleno gozo dos direitos civis e pol\u00edticos at\u00e9 a data da posse;<\/li><li>estar aprovado no Concurso P\u00fablico em que se inscreveu.<\/li><\/ul><p><\/p>\n\n\n\n<h2 class=\"wp-block-heading\" id=\"concurso-ses-rs-provas-sero-em-\">Concurso SES RS: provas ser\u00e3o em <\/h2>\n\n\n\n<p>Os inscritos no concurso da Secretaria de Estado de Sa\u00fade do <a href=\"https:\/\/www.novaconcursos.com.br\/portal\/concursos-previstos\/rs\/\">Rio Grande do Sul<\/a> avaliar\u00e1 os candidatos por meio de <strong>duas etapas de sele\u00e7\u00e3o<\/strong>, para todos os cargos.<\/p>\n\n\n\n<p>Ser\u00e3o <strong>provas escritas<\/strong> (objetiva) e <strong>discursiva<\/strong>. Elas ser\u00e3o aplicadas no dia <strong>09 de dezembro, s<\/strong>endo de manh\u00e3 para o n\u00edvel superior e \u00e0 tarde para o m\u00e9dio. Confira as disciplinas que ser\u00e3o cobradas:<\/p>\n\n\n\n<ul class=\"wp-block-list\"><li><strong>N\u00edvel superior \u2013 100 quest\u00f5es<\/strong><ul><li>L\u00edngua portuguesa \u2013 16 <\/li><li>Governan\u00e7a e Gest\u00e3o do SUS \u2013 30  <\/li><li>Conhecimentos Espec\u00edficos \u2013 24  <\/li><li>Legisla\u00e7\u00e3o do SUS \u2013 10 <\/li><li>Direito P\u00fablico \u2013 14 <\/li><li>Inform\u00e1tica \u2013 6<\/li><\/ul><\/li><li><strong>N\u00edvel m\u00e9dio \u2013 <\/strong>100 quest\u00f5es<ul><li>L\u00edngua portuguesa \u2013 16 <\/li><li>Governan\u00e7a e Gest\u00e3o do SUS \u2013 24  <\/li><li>Conhecimentos Espec\u00edficos \u2013 30  <\/li><li>Legisla\u00e7\u00e3o do SUS \u2013 10 <\/li><li>Direito P\u00fablico \u2013 14 <\/li><li>Inform\u00e1tica \u2013 6<\/li><\/ul><\/li><\/ul>","protected":false},"excerpt":{"rendered":"<p>Boa not\u00edcia concurseiros! Mais um edital foi publicado no Rio Grande do Sul e desta vez para o concurso SES RS (Secretaria de Estado de Sa\u00fade). Ser\u00e3o 922 vagas para v\u00e1rios cargos. As provas ser\u00e3o em dezembro! Confira: Guia Definitivo Plano de Estudos (Gr\u00e1tis) Concurso SES RS: como realizar inscri\u00e7\u00f5es? As inscri\u00e7\u00f5es para o concurso [&hellip;]<\/p>\n","protected":false},"author":54671,"featured_media":130222,"comment_status":"closed","ping_status":"closed","sticky":false,"template":"","format":"standard","meta":{"_acf_changed":false,"footnotes":"","_wp_rev_ctl_limit":""},"categories":[228],"tags":[10300,42727,42724,42725,42726,42721,3726,41558,198,2578,15797,1410,42728,38287,41559,41557,41556,42722,41554,41553,41552,12281,42723],"class_list":["post-147644","post","type-post","status-publish","format-standard","has-post-thumbnail","hentry","category-noticias","tag-concurso-ses-rs","tag-concurso-ses-rs-2013","tag-concurso-ses-rs-cargos","tag-concurso-ses-rs-nivel-medio","tag-concurso-ses-rs-nivel-superior","tag-concurso-ses-rs-vagas","tag-concursos-abertos","tag-concursos-area-da-saude","tag-concursos-previstos","tag-concursos-publicos","tag-concursos-rio-grande-do-sul","tag-concursos-rs","tag-deficit-concurso-ses-rs","tag-editais-rs","tag-editais-rs-sus","tag-edital-concurso-ses-rs","tag-edital-ses-rs","tag-salarios-concurso-ses-rs","tag-secretaria-de-saude-do-rio-grande-do-sul","tag-ses-rs","tag-sesrs","tag-sus","tag-ultimo-concurso-ses-rs"],"acf":[],"_links":{"self":[{"href":"https:\/\/www.novaconcursos.com.br\/portal\/wp-json\/wp\/v2\/posts\/147644","targetHints":{"allow":["GET"]}}],"collection":[{"href":"https:\/\/www.novaconcursos.com.br\/portal\/wp-json\/wp\/v2\/posts"}],"about":[{"href":"https:\/\/www.novaconcursos.com.br\/portal\/wp-json\/wp\/v2\/types\/post"}],"author":[{"embeddable":true,"href":"https:\/\/www.novaconcursos.com.br\/portal\/wp-json\/wp\/v2\/users\/54671"}],"replies":[{"embeddable":true,"href":"https:\/\/www.novaconcursos.com.br\/portal\/wp-json\/wp\/v2\/comments?post=147644"}],"version-history":[{"count":4,"href":"https:\/\/www.novaconcursos.com.br\/portal\/wp-json\/wp\/v2\/posts\/147644\/revisions"}],"predecessor-version":[{"id":147650,"href":"https:\/\/www.novaconcursos.com.br\/portal\/wp-json\/wp\/v2\/posts\/147644\/revisions\/147650"}],"wp:featuredmedia":[{"embeddable":true,"href":"https:\/\/www.novaconcursos.com.br\/portal\/wp-json\/wp\/v2\/media\/130222"}],"wp:attachment":[{"href":"https:\/\/www.novaconcursos.com.br\/portal\/wp-json\/wp\/v2\/media?parent=147644"}],"wp:term":[{"taxonomy":"category","embeddable":true,"href":"https:\/\/www.novaconcursos.com.br\/portal\/wp-json\/wp\/v2\/categories?post=147644"},{"taxonomy":"post_tag","embeddable":true,"href":"https:\/\/www.novaconcursos.com.br\/portal\/wp-json\/wp\/v2\/tags?post=147644"}],"curies":[{"name":"wp","href":"https:\/\/api.w.org\/{rel}","templated":true}]}}