{"id":147651,"date":"2021-11-08T12:33:09","date_gmt":"2021-11-08T15:33:09","guid":{"rendered":"https:\/\/www.novaconcursos.com.br\/portal\/?p=147651"},"modified":"2021-11-08T12:33:12","modified_gmt":"2021-11-08T15:33:12","slug":"concurso-pm-es-credito-novo-edital","status":"publish","type":"post","link":"https:\/\/www.novaconcursos.com.br\/portal\/noticias\/concurso-pm-es-credito-novo-edital\/","title":{"rendered":"Concurso PM ES: Governo libera cr\u00e9dito suplementar para novo edital!"},"content":{"rendered":"<p>Boa not\u00edcia concurseiros! O Governo liberou um <strong>cr\u00e9dito suplementar<\/strong> para realiza\u00e7\u00e3o de um novo <a href=\"https:\/\/www.novaconcursos.com.br\/portal\/concursos\/concurso-pm-es\/\">concurso PM ES<\/a> (Pol\u00edcia Militar do Esp\u00edrito Santo). Previs\u00e3o \u00e9 para <strong>671 vagas <\/strong>em diversos cargos.<\/p>\n\n\n\n<ul class=\"wp-block-list\"><li><strong>Confira:<\/strong> <a href=\"https:\/\/www.novaconcursos.com.br\/eventos\/guia-definitivo-plano-de-estudos-passo-a-passo\/\" target=\"_blank\" rel=\"noreferrer noopener\" aria-label=\"Guia Definitivo Plano de Estudos (Gr\u00e1tis) (abre numa nova aba)\">Guia Definitivo Plano de Estudos (Gr\u00e1tis)<\/a><\/li><\/ul><p><\/p>\n\n\n\n<h2 class=\"wp-block-heading\" id=\"concurso-pm-es-quando-sair-o-edital\">Concurso PM ES: quando sair\u00e1 o edital?<\/h2>\n\n\n\n<p>O governo do <a href=\"https:\/\/www.novaconcursos.com.br\/portal\/concursos-previstos\/es\/\">estado do Esp\u00edrito Santo<\/a> liberou um<strong>\u00a0cr\u00e9dito suplementar<\/strong> para a realiza\u00e7\u00e3o de um novo concurso para a Pol\u00edcia Militar.<\/p>\n\n\n\n<p>Confira o documento, na \u00edntegra, <a rel=\"noreferrer noopener\" aria-label=\"clicando aqui (abre numa nova aba)\" href=\"https:\/\/dhg1h5j42swfq.cloudfront.net\/2021\/11\/08083350\/image-20211108-111700.png\" target=\"_blank\">clicando aqui<\/a>. O edital deve ser publicado no<strong> come\u00e7o de 2022<\/strong>, segundo a corpora\u00e7\u00e3o.<\/p>\n\n\n\n<p>A <strong>comiss\u00e3o organizadora est\u00e1 formada<\/strong> e a banca poder\u00e1 ser anunciada muito em breve, segundo informou o governador do estado, Renato Casagrande.<\/p>\n\n\n\n<p>Ele afirmou que o processo para <strong>escolha da empresa<\/strong> respons\u00e1vel pelo edital est\u00e1 em andamento. Confira os nomes da comiss\u00e3o:<\/p>\n\n\n\n<ul class=\"wp-block-list\"><li><strong>Presidente<\/strong><ul><li>Ten-Cel QOCPM Adriano Guetti Franco<\/li><\/ul><\/li><li><strong>Membros<\/strong><ul><li>Ten-Cel QOCPM Carlos Alberto Foresti<\/li><li>Maj QOCPM Alexandre Moreto da Silva<\/li><li>Maj QOCPM Marcelo Luiz Bastos Braga<\/li><li>1\u00ba Ten QOAPM Adriana Quadros Nascimento Pedrozo<\/li><\/ul><\/li><\/ul><p><\/p>\n\n\n\n<p>Vale destacar que o grupo ter\u00e1 como\u00a0<strong>atribui\u00e7\u00f5es<\/strong>, as previstas no artigo 3\u00b0 da publica\u00e7\u00e3o no Di\u00e1rio Oficial do dia 2 de setembro, que s\u00e3o:<\/p>\n\n\n\n<ul class=\"wp-block-list\"><li>I- Elaborar o termo de refer\u00eancia para a\u00a0<strong>contrata\u00e7\u00e3o de institui\u00e7\u00e3o para realizar o concurso p\u00fablico<\/strong>\u00a0referido no art. 1\u00ba.<\/li><li>II- Prestar apoio \u00e0 Diretoria de Apoio Log\u00edstico da PMES, quanto \u00e0 avalia\u00e7\u00e3o t\u00e9cnica das propostas apresentadas.<\/li><li><strong>III- Supervisionar a banca organizadora contratada para a realiza\u00e7\u00e3o do certame.<\/strong><\/li><\/ul><p><\/p>\n\n\n\n<h2 class=\"wp-block-heading\" id=\"concurso-pm-es-vagas-previstas\">Concurso PM ES: vagas previstas<\/h2>\n\n\n\n<p>O concurso da Pol\u00edcia Militar do Esp\u00edrito Santo tem previs\u00e3o de publicar um edital com a oferta de <strong>671 vagas<\/strong>. Confira a distribui\u00e7\u00e3o:<\/p>\n\n\n\n<ul class=\"wp-block-list\"><li>560 Pra\u00e7as Combatentes, <\/li><li>20 Oficiais M\u00e9dicos, <\/li><li>20 Oficiais Dentistas, <\/li><li>5 Oficiais Farmac\u00eauticos\/Bioqu\u00edmicos, <\/li><li>2 Oficiais M\u00e9dicos Veterin\u00e1rios, <\/li><li>10 Oficiais Enfermeiros, <\/li><li>30 Pra\u00e7as Especialistas da Sa\u00fade, <\/li><li>2 Oficiais M\u00fasicos e <\/li><li>22 Pra\u00e7as M\u00fasicos.<\/li><\/ul><p><\/p>\n\n\n\n<p>Vale destacar que o governador do estado ainda <strong>anunciou a amplia\u00e7\u00e3o<\/strong> de vagas ofertadas no \u00faltimo edital, realizado em 2018. <\/p>\n\n\n\n<p>Sendo assim, todos os aprovados do Curso de Forma\u00e7\u00e3o de Oficiais ser\u00e3o convocados; <strong>87 novos militares <\/strong>se tornar\u00e3o Oficiais da PM. <\/p>\n\n\n\n<p>Essa \u00e9 a segunda vez que ser\u00e1 <strong>ampliada a quantidade <\/strong>de vagas do Curso de Forma\u00e7\u00e3o de Oficiais.<\/p>\n\n\n\n<p><em>\u201cTodo esse trabalho \u00e9 para que a gente d\u00ea mais condi\u00e7\u00f5es de a\u00e7\u00e3o \u00e0s nossas for\u00e7as policiais e ter mais resultado no enfrentamento ao crime\u201d<\/em>, disse o governador.<\/p>\n\n\n\n<p>As vagas exigem\u00a0<strong>n\u00edvel m\u00e9dio e superior<\/strong>, que ser\u00e3o confirmadas somente na publica\u00e7\u00e3o do edital. <\/p>\n\n\n\n<p>J\u00e1 em rela\u00e7\u00e3o aos sal\u00e1rios, eles ficam entre\u00a0<strong>R$ 2.778,43 a R$ 5.823,07<\/strong>, iniciais, dependendo da carreira.<\/p>\n\n\n\n<h2 class=\"wp-block-heading\" id=\"loa-2021-trouxe-previso-para-concurso-pm-es\">LOA 2021 trouxe previs\u00e3o para concurso PM ES<\/h2>\n\n\n\n<p>A LOA 2021, que foi <strong>aprovada <\/strong>pela Assembleia Legislativa e <strong>sancionada<\/strong> pela Executivo, apresentou a previs\u00e3o de nova sele\u00e7\u00e3o para a Pol\u00edcia Militar do <a href=\"https:\/\/www.novaconcursos.com.br\/portal\/concursos-abertos\/es\/\">Esp\u00edrito Santo<\/a>. <\/p>\n\n\n\n<p>Al\u00e9m da PM, <strong>ser\u00e3o realizados concursos<\/strong> ainda para a \u00e1rea da Sa\u00fade, Educa\u00e7\u00e3o, Justi\u00e7a e Seguran\u00e7a P\u00fablica, para a Pol\u00edcia Civil.<\/p>\n\n\n\n<p>Agora, <strong>caber\u00e1 a cada \u00f3rg\u00e3o<\/strong> definir prazos e quantitativo de vagas nesses processos de incorpora\u00e7\u00e3o de novos servidores.<\/p>","protected":false},"excerpt":{"rendered":"<p>Boa not\u00edcia concurseiros! O Governo liberou um cr\u00e9dito suplementar para realiza\u00e7\u00e3o de um novo concurso PM ES (Pol\u00edcia Militar do Esp\u00edrito Santo). Previs\u00e3o \u00e9 para 671 vagas em diversos cargos. Confira: Guia Definitivo Plano de Estudos (Gr\u00e1tis) Concurso PM ES: quando sair\u00e1 o edital? O governo do estado do Esp\u00edrito Santo liberou um\u00a0cr\u00e9dito suplementar para [&hellip;]<\/p>\n","protected":false},"author":54671,"featured_media":0,"comment_status":"closed","ping_status":"closed","sticky":false,"template":"","format":"standard","meta":{"_acf_changed":false,"footnotes":"","_wp_rev_ctl_limit":""},"categories":[228],"tags":[],"class_list":["post-147651","post","type-post","status-publish","format-standard","hentry","category-noticias"],"acf":[],"_links":{"self":[{"href":"https:\/\/www.novaconcursos.com.br\/portal\/wp-json\/wp\/v2\/posts\/147651","targetHints":{"allow":["GET"]}}],"collection":[{"href":"https:\/\/www.novaconcursos.com.br\/portal\/wp-json\/wp\/v2\/posts"}],"about":[{"href":"https:\/\/www.novaconcursos.com.br\/portal\/wp-json\/wp\/v2\/types\/post"}],"author":[{"embeddable":true,"href":"https:\/\/www.novaconcursos.com.br\/portal\/wp-json\/wp\/v2\/users\/54671"}],"replies":[{"embeddable":true,"href":"https:\/\/www.novaconcursos.com.br\/portal\/wp-json\/wp\/v2\/comments?post=147651"}],"version-history":[{"count":2,"href":"https:\/\/www.novaconcursos.com.br\/portal\/wp-json\/wp\/v2\/posts\/147651\/revisions"}],"predecessor-version":[{"id":147658,"href":"https:\/\/www.novaconcursos.com.br\/portal\/wp-json\/wp\/v2\/posts\/147651\/revisions\/147658"}],"wp:attachment":[{"href":"https:\/\/www.novaconcursos.com.br\/portal\/wp-json\/wp\/v2\/media?parent=147651"}],"wp:term":[{"taxonomy":"category","embeddable":true,"href":"https:\/\/www.novaconcursos.com.br\/portal\/wp-json\/wp\/v2\/categories?post=147651"},{"taxonomy":"post_tag","embeddable":true,"href":"https:\/\/www.novaconcursos.com.br\/portal\/wp-json\/wp\/v2\/tags?post=147651"}],"curies":[{"name":"wp","href":"https:\/\/api.w.org\/{rel}","templated":true}]}}