{"id":147702,"date":"2021-11-08T17:47:07","date_gmt":"2021-11-08T20:47:07","guid":{"rendered":"https:\/\/www.novaconcursos.com.br\/portal\/?post_type=nc-public-tender&#038;p=147702"},"modified":"2024-12-16T09:57:34","modified_gmt":"2024-12-16T12:57:34","slug":"concurso-crt-mg","status":"publish","type":"post","link":"https:\/\/www.novaconcursos.com.br\/portal\/concursos\/concurso-crt-mg\/","title":{"rendered":"Concurso CRT MG: Banca organizadora de novo edital est\u00e1 definida!"},"content":{"rendered":"<p>Novo concurso CRT MG (<strong>Conselho Regional dos T\u00e9cnicos Industriais de Minas Gerais)\u00a0<\/strong>pode ter edital publicado em breve. Isso porque, a banca organizadora j\u00e1 est\u00e1 definida.<\/p>\n<p>Vale ressaltar que <strong>ainda n\u00e3o h\u00e1 informa\u00e7\u00f5es sobre os cargos que ser\u00e3o contemplados<\/strong>, bem como respectivas vagas e sal\u00e1rios.<\/p>\n<ul><li><a class=\"_ps2id\" href=\"#situa%C3%A7%C3%A3o-atual\" data-ps2id-offset=\"\">Situa\u00e7\u00e3o atual<\/a><\/li>\n<li><a class=\"_ps2id\" href=\"#carreira\" data-ps2id-offset=\"\">Carreira<\/a>\n<ul><li><a class=\"_ps2id\" href=\"#cargos\" data-ps2id-offset=\"\">Cargos e vagas previstos<\/a><\/li>\n<\/ul><\/li>\n<li><a class=\"_ps2id\" href=\"#sobre\" data-ps2id-offset=\"\">Sobre o CRT MG<\/a><\/li>\n<\/ul><h2 id=\"\"><\/h2>\n<h2 id=\"ps2id-idsituaoatual-targetconcurso-crt-mg-situao-atual\">[ps2id id=\u2019situa\u00e7\u00e3o-atual\u2019 target=\u201d\/]Concurso CRT MG: situa\u00e7\u00e3o atual<\/h2>\n<p>O\u00a0Conselho Regional dos T\u00e9cnicos Industriais de Minas Gerais conta com<strong> banca definida<\/strong> para um novo edital do concurso <strong>concurso CRT MG<\/strong>.<\/p>\n<p>De acordo com o extrato do contrato divulgado nesta quinta-feira, o\u00a0<strong>Instituto Quadrix\u00a0<\/strong>ser\u00e1 o respons\u00e1vel pelo novo edital.<\/p>\n<p><a href=\"https:\/\/www.novaconcursos.com.br\/portal\/wp-content\/uploads\/2021\/11\/concurso-CRT-MG-banca.png\"><img decoding=\"async\" class=\"alignnone wp-image-147713\" src=\"https:\/\/www.novaconcursos.com.br\/portal\/wp-content\/uploads\/2021\/11\/concurso-CRT-MG-banca.png\" alt=\"\" width=\"588\" height=\"263\" loading=\"lazy\" title=\"\" srcset=\"https:\/\/www.novaconcursos.com.br\/portal\/wp-content\/uploads\/2021\/11\/concurso-CRT-MG-banca-300x134.png 300w, https:\/\/www.novaconcursos.com.br\/portal\/wp-content\/uploads\/2021\/11\/concurso-CRT-MG-banca.png 769w\" sizes=\"auto, (max-width: 480px) 100vw, (max-width: 768px) 100vw, (max-width: 1200px) 70vw, 768px\"><\/a><\/p>\n<h2 id=\"ps2id-idcarreira-targetconcurso-crt-mg-carreira\">[ps2id id=\u2019carreira\u2019 target=\u201d\/]Concurso CRT MG: carreira<\/h2>\n<h3>[ps2id id=\u2019cargos\u2019 target=\u201d\/]Cargos e vagas previstos<\/h3>\n<p>O \u00f3rg\u00e3o pode vir a ofertar vagas para as seguintes \u00e1reas:<\/p>\n<ul><li>Administrativa;<\/li>\n<li>Civil;<\/li>\n<li>El\u00e9trica;<\/li>\n<li>Mec\u00e2nica e Metal\u00fargica;<\/li>\n<li>Minas e Geologia;<\/li>\n<li>Agrimensura; e<\/li>\n<li>Arquitetura.<\/li>\n<\/ul><p>\u00a0<\/p>\n<p>Os\u00a0<strong>sal\u00e1rios iniciais do CRT MG<\/strong>\u00a0variam de\u00a0<strong>1.800,00 a 8.000,00<\/strong>.<\/p>\n<h2 id=\"ps2id-idsobre-targetsobre-o-crt-mg\">[ps2id id=\u2019sobre\u2019 target=\u201d\/]Sobre o CRT MG<\/h2>\n<p>H\u00e1 mais de quatro d\u00e9cadas que um grupo de t\u00e9cnicos iniciou um trabalho pela regulamenta\u00e7\u00e3o profissional da categoria \u2013 Lei n\u00ba 5.524\/1968 e Decreto n\u00ba 90.922\/1985, e a cria\u00e7\u00e3o do conselho pr\u00f3prio. Em 26 de mar\u00e7o de 2018, a san\u00e7\u00e3o presidencial da Lei n\u00ba 13.639\/2018 representa n\u00e3o somente mais uma conquista hist\u00f3rica, mas principalmente a concretiza\u00e7\u00e3o de um ciclo pol\u00edtico e o in\u00edcio de uma nova \u00e9poca, com mais seguran\u00e7a \u00e0 sociedade e valoriza\u00e7\u00e3o profissional para milh\u00f5es de t\u00e9cnicos, devidamente reconhecidos como profissionais imprescind\u00edveis para o desenvolvimento do pa\u00eds.<\/p>\n<p>Em 27 de fevereiro de 2018 o PLC n\u00ba 145\/2017 foi aprovado na CRA \u2013 Comiss\u00e3o de Agricultura e Reforma Agr\u00e1ria, com parecer favor\u00e1vel do senador Lasier Martins (PSD-RS) sob a justificativa de que a constitui\u00e7\u00e3o do conselho concretiza uma reivindica\u00e7\u00e3o hist\u00f3rica dos t\u00e9cnicos e n\u00e3o acarreta em nenhum impacto fiscal aos cofres p\u00fablicos. Gra\u00e7as ao apoio e \u00e0 mobiliza\u00e7\u00e3o da senadora Rose de Freitas (PODE-ES), no dia seguinte o projeto entrou em pauta para vota\u00e7\u00e3o no plen\u00e1rio do Senado Federal, sendo aprovado e encaminhado \u00e0 san\u00e7\u00e3o presidencial.<br>\nNo dia 6 mar\u00e7o a SF-SEXPE \u2013 Secretaria de Expediente do Senado Federal remeteu um of\u00edcio ao ministro-chefe da Casa Civil, Eliseu Padilha, encaminhando a Mensagem n\u00ba 12\/2018 ao presidente da Rep\u00fablica.<br>\nPara colocar um fim \u00e0 expectativa dos t\u00e9cnicos, no dia 26 de mar\u00e7o o presidente Michel Temer sancionou a Lei n\u00ba 13.639\/2018 criando o Conselho Federal e Regionais dos T\u00e9cnicos Industriais. No dia seguinte, a lei foi publicada no DOU \u2013 Di\u00e1rio Oficial da Uni\u00e3o [Edi\u00e7\u00e3o 59 \u2013 Se\u00e7\u00e3o 1 \u2013 P\u00e1gina 1].<br>\nNo dia 22 de junho foi eleita a primeira diretoria executiva e os conselheiros do CFT \u2013 Conselho Federal dos T\u00e9cnicos Industriais, na sede da CNPL \u2013 Confedera\u00e7\u00e3o Nacional das Profiss\u00f5es Liberais, entidade designada para coordenar, em articula\u00e7\u00e3o com as federa\u00e7\u00f5es, sindicatos e associa\u00e7\u00f5es t\u00e9cnicas, o processo eleitoral conforme disposto no artigo 34 da Lei n\u00ba 13.639\/2018.<\/p>\n<p>\u00a0<\/p>\n<p>\u00a0<\/p>","protected":false},"excerpt":{"rendered":"<p>Novo concurso CRT MG (Conselho Regional dos T\u00e9cnicos Industriais de Minas Gerais)\u00a0pode ter edital publicado em breve. Isso porque, a banca organizadora j\u00e1 est\u00e1 definida.<\/p>\n<p>Vale ressaltar que ainda n\u00e3o h\u00e1 informa\u00e7\u00f5es sobre os cargos que ser\u00e3o contemplados, bem como respectivas vagas e sal\u00e1rios.\u00a0<\/p>\n","protected":false},"author":54662,"featured_media":147708,"comment_status":"closed","ping_status":"closed","sticky":false,"template":"","format":"standard","meta":{"_acf_changed":false,"footnotes":"","_wp_rev_ctl_limit":""},"categories":[44999],"tags":[],"class_list":["post-147702","post","type-post","status-publish","format-standard","has-post-thumbnail","hentry","category-concursos"],"acf":[],"_links":{"self":[{"href":"https:\/\/www.novaconcursos.com.br\/portal\/wp-json\/wp\/v2\/posts\/147702","targetHints":{"allow":["GET"]}}],"collection":[{"href":"https:\/\/www.novaconcursos.com.br\/portal\/wp-json\/wp\/v2\/posts"}],"about":[{"href":"https:\/\/www.novaconcursos.com.br\/portal\/wp-json\/wp\/v2\/types\/post"}],"author":[{"embeddable":true,"href":"https:\/\/www.novaconcursos.com.br\/portal\/wp-json\/wp\/v2\/users\/54662"}],"replies":[{"embeddable":true,"href":"https:\/\/www.novaconcursos.com.br\/portal\/wp-json\/wp\/v2\/comments?post=147702"}],"version-history":[{"count":2,"href":"https:\/\/www.novaconcursos.com.br\/portal\/wp-json\/wp\/v2\/posts\/147702\/revisions"}],"predecessor-version":[{"id":147715,"href":"https:\/\/www.novaconcursos.com.br\/portal\/wp-json\/wp\/v2\/posts\/147702\/revisions\/147715"}],"wp:featuredmedia":[{"embeddable":true,"href":"https:\/\/www.novaconcursos.com.br\/portal\/wp-json\/wp\/v2\/media\/147708"}],"wp:attachment":[{"href":"https:\/\/www.novaconcursos.com.br\/portal\/wp-json\/wp\/v2\/media?parent=147702"}],"wp:term":[{"taxonomy":"category","embeddable":true,"href":"https:\/\/www.novaconcursos.com.br\/portal\/wp-json\/wp\/v2\/categories?post=147702"},{"taxonomy":"post_tag","embeddable":true,"href":"https:\/\/www.novaconcursos.com.br\/portal\/wp-json\/wp\/v2\/tags?post=147702"}],"curies":[{"name":"wp","href":"https:\/\/api.w.org\/{rel}","templated":true}]}}