{"id":147884,"date":"2021-11-10T12:50:16","date_gmt":"2021-11-10T15:50:16","guid":{"rendered":"https:\/\/www.novaconcursos.com.br\/portal\/?p=147884"},"modified":"2021-11-10T12:50:19","modified_gmt":"2021-11-10T15:50:19","slug":"concurso-colegio-pedro-ii-o-que-cai-na-prova-para-tecnico-administrativos","status":"publish","type":"post","link":"https:\/\/www.novaconcursos.com.br\/portal\/noticias\/concurso-colegio-pedro-ii-o-que-cai-na-prova-para-tecnico-administrativos\/","title":{"rendered":"Concurso Col\u00e9gio Pedro II: O que cai na prova para T\u00e9cnico Administrativos?"},"content":{"rendered":"<p>Not\u00edcias sobre o <a href=\"https:\/\/www.novaconcursos.com.br\/portal\/concursos\/concurso-colegio-pedro-ii-rj\/\">concurso Col\u00e9gio Pedro II<\/a> para <strong>T\u00e9cnico Administrativos<\/strong>! Com a publica\u00e7\u00e3o do aviso de licita\u00e7\u00e3o para escolha da banca organizadora, as <strong>disciplinas previstas<\/strong> para as avalia\u00e7\u00f5es da sele\u00e7\u00e3o <strong>foram divulgadas. <\/strong>Confira!<\/p>\n\n\n\n<ul class=\"wp-block-list\"><li><strong>Confira: <\/strong><a href=\"https:\/\/www.novaconcursos.com.br\/eventos\/guia-definitivo-plano-de-estudos-passo-a-passo\/\" target=\"_blank\" rel=\"noreferrer noopener\" aria-label=\" (abre numa nova aba)\">Guia Definitivo Plano de Estudos \u2013 Gr\u00e1tis<\/a><\/li><\/ul><p><\/p>\n\n\n\n<p>Na \u00faltima quinta-feira, <strong>4 de novembro<\/strong>, foi publicado o <strong>aviso de licita\u00e7\u00e3o<\/strong> para a escolha de uma banca a ser respons\u00e1vel pelos tr\u00e2mites da sele\u00e7\u00e3o do Col\u00e9gio Pedro II, que ofertar\u00e1 oportunidades para a <strong>\u00e1rea de apoio<\/strong>, entre cargos de <strong>T\u00e9cnico Administrativos em Educa\u00e7\u00e3o.<\/strong><\/p>\n\n\n\n<ul class=\"wp-block-list\"><li><strong>Adquira: <\/strong><a href=\"https:\/\/www.novaconcursos.com.br\/concurso\/colegio-pedro-ii\/apostila\">Apostila Concurso Col\u00e9gio Pedro II<\/a><\/li><\/ul><p><\/p>\n\n\n\n<p>Al\u00e9m disso, no documento tamb\u00e9m foram anunciadas as <strong>disciplinas previstas<\/strong> para as provas objetivas do concurso p\u00fablico, de maneira que os concurseiros <strong>j\u00e1 podem come\u00e7ar a se preparar<\/strong>. Saiba o que cai na prova!<\/p>\n\n\n\n<h2 class=\"wp-block-heading\" id=\"concurso-colgio-pedro-ii-o-que-cai-na-prova\"><strong>Concurso Col\u00e9gio Pedro II: o que cai na prova?<\/strong><\/h2>\n\n\n\n<p>De acordo com o documento de aviso de licita\u00e7\u00e3o, o que se prev\u00ea \u00e9 que as <strong>provas objetivas<\/strong> do concurso Col\u00e9gio Pedro II, que possui sede no <a href=\"https:\/\/www.novaconcursos.com.br\/portal\/concursos-previstos\/rj\/\">Rio de Janeiro<\/a>, contar\u00e3o com <strong>70 quest\u00f5es<\/strong> de m\u00faltipla escolha.<\/p>\n\n\n\n<p>Ademais, cada quest\u00e3o contar\u00e1 com <strong>4 alternativas<\/strong>. As <strong>mat\u00e9rias previstas<\/strong>, bem como a distribui\u00e7\u00e3o das quest\u00f5es, acontecer\u00e3o possivelmente da seguinte maneira:<\/p>\n\n\n\n<ul class=\"wp-block-list\"><li>L\u00edngua Portuguesa \u2013 20;<\/li><li>Racioc\u00ednio L\u00f3gico e Quantitativo \u2013 10;<\/li><li>Inform\u00e1tica \u2013 10;<\/li><li>Legisla\u00e7\u00e3o \u2013 10; e <\/li><li>Conhecimentos Espec\u00edficos \u2013 20.<\/li><\/ul><p><\/p>\n\n\n\n<p> Vale destacar que essas tamb\u00e9m foram as disciplinas cobradas nas <strong>avalia\u00e7\u00f5es do \u00faltimo concurso<\/strong>, de 2018, de forma que os concurseiros podem utilizar tais provas como <strong>base para os estudos. <\/strong><\/p>\n\n\n\n<h2 class=\"wp-block-heading\" id=\"cargos-e-remuneraes-do-concurso\"><strong>Cargos e remunera\u00e7\u00f5es do concurso<\/strong><\/h2>\n\n\n\n<p>O quantitativo de vagas do concurso Col\u00e9gio Pedro II <strong>ainda n\u00e3o foi revelado<\/strong>. No entanto, os cargos de T\u00e9cnico Administrativos j\u00e1 foram definidos e exigem o <strong>n\u00edvel superior <\/strong>de escolaridade. S\u00e3o eles:<\/p>\n\n\n\n<ul class=\"wp-block-list\"><li>Assistente Social;<\/li><li>Contador;<\/li><li>Fonoaudi\u00f3logo;<\/li><li>Analista de Tecnologia da Informa\u00e7\u00e3o; e<\/li><li>T\u00e9cnico em Assuntos Educacionais.<\/li><\/ul><p><\/p>\n\n\n\n<p>Al\u00e9m disso, para cada um dos cargos \u00e9 exigido o <strong>diploma na \u00e1rea<\/strong>, sendo Servi\u00e7o Social, Contabilidade, Fonoaudiologia e Tecnologia da Informa\u00e7\u00e3o. Para T\u00e9cnico em Assuntos Educacionais, o requisito \u00e9 a forma\u00e7\u00e3o em <strong>Pedagogia.<\/strong><\/p>\n\n\n\n<p>Segundo os dados de <strong>2019<\/strong>, as<strong> remunera\u00e7\u00f5es iniciais <\/strong>para as carreiras citadas s\u00e3o de <strong>R$4.638,66. <\/strong><\/p>\n\n\n\n<p>Ademais, o Col\u00e9gio tamb\u00e9m anunciou a possibilidade de vagas para o cargo de <strong>T\u00e9cnico em Laborat\u00f3rio<\/strong>, que possui como requisito apenas o <strong>n\u00edvel m\u00e9dio profissionalizante<\/strong> (t\u00e9cnico). <\/p>\n\n\n\n<p>As \u00e1reas para tal cargo ainda <strong>n\u00e3o foram definidas<\/strong>. Entretanto, no concurso de 2018 foram ofertadas oportunidades de n\u00edvel m\u00e9dio\/t\u00e9cnico para Biologia, F\u00edsica e Qu\u00edmica, com sal\u00e1rios de <strong>R$2.904,96.<\/strong><\/p>\n\n\n\n<p>Vale destacar que a nova sele\u00e7\u00e3o s\u00f3 acontecer\u00e1 <strong>em 2022<\/strong>, por conta da pandemia da Covid-19.<\/p>\n\n\n\n<h2 class=\"wp-block-heading\" id=\"outros-concursos-colgio-pedro-ii-para-2022\"><strong>Outros concursos Col\u00e9gio Pedro II para 2022<\/strong><\/h2>\n\n\n\n<p>Al\u00e9m do concurso para T\u00e9cnico Administrativos em Educa\u00e7\u00e3o, outros dois <a href=\"https:\/\/www.novaconcursos.com.br\/portal\/concursos-abertos\/rj\/\">concursos<\/a> do Col\u00e9gio Pedro II est\u00e3o <strong>previstos para 2022<\/strong>, sendo um para <strong>Docentes<\/strong> e outro para a <strong>admiss\u00e3o de Alunos.<\/strong><\/p>\n\n\n\n<p>Ademais, de acordo com a institui\u00e7\u00e3o tais concursos ainda n\u00e3o foram realizados <strong>por conta da pandemia<\/strong>, entretanto, a realiza\u00e7\u00e3o deles \u00e9 de urg\u00eancia, visto que o Col\u00e9gio conta atualmente com grande quantidade de <strong>Professores substitutos.<\/strong><\/p>\n\n\n\n<p><em>\u201cCom o advento da pandemia que\nainda assola nosso pa\u00eds, n\u00e3o foram realizados presencialmente concursos\np\u00fablicos para admiss\u00e3o tanto de docentes como de t\u00e9cnicos administrativos e\ntamb\u00e9m n\u00e3o processos seletivos para admiss\u00e3o de alunos em 2020. De mesmo ocorre\nem 2021 at\u00e9 a presente data.\u201d <\/em><\/p>\n\n\n\n<p>Al\u00e9m disso, os concursos j\u00e1 est\u00e3o previstos no <strong>Projeto de Lei Or\u00e7ament\u00e1ria Anual (PLOA) 2022<\/strong>, que foi enviada ao Congresso Nacional no m\u00eas de agosto.<\/p>","protected":false},"excerpt":{"rendered":"<p>Not\u00edcias sobre o concurso Col\u00e9gio Pedro II para T\u00e9cnico Administrativos! Com a publica\u00e7\u00e3o do aviso de licita\u00e7\u00e3o para escolha da banca organizadora, as disciplinas previstas para as avalia\u00e7\u00f5es da sele\u00e7\u00e3o foram divulgadas. Confira! Confira: Guia Definitivo Plano de Estudos \u2013 Gr\u00e1tis Na \u00faltima quinta-feira, 4 de novembro, foi publicado o aviso de licita\u00e7\u00e3o para a [&hellip;]<\/p>\n","protected":false},"author":54674,"featured_media":141406,"comment_status":"closed","ping_status":"closed","sticky":false,"template":"","format":"standard","meta":{"_acf_changed":false,"footnotes":"","_wp_rev_ctl_limit":""},"categories":[228],"tags":[42719,14333,6393,42903,42908,42904,31553,29550,30354,42907,42905,42906],"class_list":["post-147884","post","type-post","status-publish","format-standard","has-post-thumbnail","hentry","category-noticias","tag-cargos-concurso-colegio-pedro-ii","tag-concurso-colegio-pedro-ii","tag-concurso-colegio-pedro-ii-rj","tag-concurso-colegio-pedro-ii-o-que-cai-na-prova","tag-concurso-colegio-pedro-ii-professor","tag-concurso-colegio-pedro-ii-salarios","tag-concurso-colegio-pedro-ii-tecnico-administrativo","tag-concurso-colegio-pedro-ll","tag-concurso-colegio-pedro-ll-rj","tag-concursos-colegio-pedro-ii-previstos","tag-remuneracoes-concurso-colegio-pedro-ii","tag-ultimo-concurso-colegio-pedro-ii"],"acf":[],"_links":{"self":[{"href":"https:\/\/www.novaconcursos.com.br\/portal\/wp-json\/wp\/v2\/posts\/147884","targetHints":{"allow":["GET"]}}],"collection":[{"href":"https:\/\/www.novaconcursos.com.br\/portal\/wp-json\/wp\/v2\/posts"}],"about":[{"href":"https:\/\/www.novaconcursos.com.br\/portal\/wp-json\/wp\/v2\/types\/post"}],"author":[{"embeddable":true,"href":"https:\/\/www.novaconcursos.com.br\/portal\/wp-json\/wp\/v2\/users\/54674"}],"replies":[{"embeddable":true,"href":"https:\/\/www.novaconcursos.com.br\/portal\/wp-json\/wp\/v2\/comments?post=147884"}],"version-history":[{"count":4,"href":"https:\/\/www.novaconcursos.com.br\/portal\/wp-json\/wp\/v2\/posts\/147884\/revisions"}],"predecessor-version":[{"id":147891,"href":"https:\/\/www.novaconcursos.com.br\/portal\/wp-json\/wp\/v2\/posts\/147884\/revisions\/147891"}],"wp:featuredmedia":[{"embeddable":true,"href":"https:\/\/www.novaconcursos.com.br\/portal\/wp-json\/wp\/v2\/media\/141406"}],"wp:attachment":[{"href":"https:\/\/www.novaconcursos.com.br\/portal\/wp-json\/wp\/v2\/media?parent=147884"}],"wp:term":[{"taxonomy":"category","embeddable":true,"href":"https:\/\/www.novaconcursos.com.br\/portal\/wp-json\/wp\/v2\/categories?post=147884"},{"taxonomy":"post_tag","embeddable":true,"href":"https:\/\/www.novaconcursos.com.br\/portal\/wp-json\/wp\/v2\/tags?post=147884"}],"curies":[{"name":"wp","href":"https:\/\/api.w.org\/{rel}","templated":true}]}}