{"id":147893,"date":"2021-11-10T13:42:05","date_gmt":"2021-11-10T16:42:05","guid":{"rendered":"https:\/\/www.novaconcursos.com.br\/portal\/?p=147893"},"modified":"2021-11-10T13:42:09","modified_gmt":"2021-11-10T16:42:09","slug":"concurso-policia-penal-pe-edital-com-1000-vagas-na-fase-final-para-publicacao","status":"publish","type":"post","link":"https:\/\/www.novaconcursos.com.br\/portal\/noticias\/concurso-policia-penal-pe-edital-com-1000-vagas-na-fase-final-para-publicacao\/","title":{"rendered":"Concurso Pol\u00edcia Penal PE: Edital com 1.000 vagas na fase final para publica\u00e7\u00e3o!"},"content":{"rendered":"<p>Concurseiros interessados no <a href=\"https:\/\/www.novaconcursos.com.br\/portal\/concursos\/concurso-agepen-pe\/\">concurso Pol\u00edcia Penal PE<\/a>, aten\u00e7\u00e3o! A publica\u00e7\u00e3o do <strong>edital<\/strong> da nova sele\u00e7\u00e3o deve ocorrer <strong>em breve<\/strong>, visto que j\u00e1 est\u00e1 em <strong>fase final.<\/strong><\/p>\n\n\n\n<ul class=\"wp-block-list\"><li><strong>Confira: <\/strong><a href=\"https:\/\/www.novaconcursos.com.br\/eventos\/guia-definitivo-como-montar-um-mapa-mental\/\" target=\"_blank\" rel=\"noreferrer noopener\" aria-label=\" (abre numa nova aba)\">Como montar um mapa mental \u2013 Gr\u00e1tis<\/a><\/li><\/ul><p><\/p>\n\n\n\n<p>O concurso da Pol\u00edcia Penal de Pernambuco <strong>se aproxima<\/strong>. Isso porque o edital j\u00e1 est\u00e1 <strong>em fase final<\/strong>, passando por <strong>an\u00e1lise no setor jur\u00eddico<\/strong> para sua publica\u00e7\u00e3o. Sendo assim, o que se espera \u00e9 que o documento saia at\u00e9 o <strong>final de novembro.<\/strong><\/p>\n\n\n\n<p>Al\u00e9m disso, a banca organizadora respons\u00e1vel pela sele\u00e7\u00e3o foi <strong>contratada no dia 25 de outubro,<\/strong> sendo o <a rel=\"noreferrer noopener\" aria-label=\"Cebraspe (abre numa nova aba)\" href=\"https:\/\/www.cebraspe.org.br\/\" target=\"_blank\">Cebraspe<\/a>. Dessa forma, os preparativos restantes do documento oficial j\u00e1 foram realizados.<\/p>\n\n\n\n<h2 class=\"wp-block-heading\" id=\"concurso-polcia-penal-pe-panorama-geral\"><strong>Concurso Pol\u00edcia Penal PE: panorama geral<\/strong><\/h2>\n\n\n\n<p>O <a href=\"https:\/\/www.novaconcursos.com.br\/portal\/concursos-previstos\/pe\/\">concurso<\/a> Pol\u00edcia Penal PE ofertar\u00e1 <strong>1.000 oportunidades de n\u00edvel superior <\/strong>para o cargo de <strong>Policial Penal<\/strong>, antigo Agente Penitenci\u00e1rio. Desse n\u00famero, <strong>200 vagas s\u00e3o imediatas<\/strong>, enquanto que as demais 800 s\u00e3o para forma\u00e7\u00e3o de cadastro reserva.<\/p>\n\n\n\n<p>Ademais, dentre as vagas imediatas est\u00e3o 15 destinadas ao <strong>sexo feminino<\/strong> e 185 para o <strong>sexo masculino<\/strong>. As <strong>remunera\u00e7\u00f5es<\/strong> do cargo giram em torno de <strong>R$4.146,40.<\/strong><\/p>\n\n\n\n<p>Vale destacar que para concorrer ao cargo \u00e9 preciso que o candidato possua n\u00edvel superior com <strong>forma\u00e7\u00e3o em qualquer \u00e1rea<\/strong>, al\u00e9m da Carteira Nacional de Habilita\u00e7\u00e3o <strong>(CNH) na categoria \u201cB\u201d.<\/strong><\/p>\n\n\n\n<p>Al\u00e9m disso, vale lembrar que <strong>em 2020 <\/strong>foi aprovada a PEC (Proposta de Emenda Constitucional) que transformou o cargo de <strong>Agente Penitenci\u00e1rio em Policial Penal<\/strong>, de forma que os profissionais agora possuem a responsabilidade oficial da <strong>seguran\u00e7a das unidades prisionais. <\/strong><\/p>\n\n\n\n<h2 class=\"wp-block-heading\" id=\"ltimo-concurso-polcia-penal-pe\">\u00daltimo concurso Pol\u00edcia Penal PE<\/h2>\n\n\n\n<p>O \u00faltimo concurso da Pol\u00edcia Penal de <a href=\"https:\/\/www.novaconcursos.com.br\/portal\/concursos-abertos\/pe\/\">Pernambuco<\/a> aconteceu <strong>em 2017<\/strong>, quando foram ofertadas <strong>85 vagas de n\u00edvel superior<\/strong> para o cargo de Agente Penitenci\u00e1rio tamb\u00e9m sob a organiza\u00e7\u00e3o do <strong>Cebraspe.<\/strong><\/p>\n\n\n\n<p>Al\u00e9m disso, o concurso p\u00fablico tamb\u00e9m contou com oportunidades para homens e mulheres, al\u00e9m de <strong>vagas reservadas para candidatos com defici\u00eancia<\/strong> (PcDs).<\/p>\n\n\n\n<p>As <strong>remunera\u00e7\u00f5es<\/strong> da \u00e9poca possu\u00edam o valor de <strong>R$3.872<\/strong>, j\u00e1 incluindo os <strong>benef\u00edcios recebidos<\/strong>, tais como vale-transporte, vale-refei\u00e7\u00e3o e benef\u00edcio penitenci\u00e1rio. A carga hor\u00e1ria era de <strong>24 horas<\/strong> de trabalho por <strong>72 horas<\/strong> de descanso.<\/p>\n\n\n\n<p>Ademais, durante a sele\u00e7\u00e3o, os candidatos foram avaliados por meio de provas objetivas, exames m\u00e9dicos e avalia\u00e7\u00e3o de capacidade f\u00edsica. Na <strong>prova objetiva<\/strong> foram cobradas <strong>60 quest\u00f5es<\/strong> sobre as seguintes <strong>disciplinas:<\/strong><\/p>\n\n\n\n<ul class=\"wp-block-list\"><li>L\u00edngua Portuguesa;<\/li><li>No\u00e7\u00f5es de Inform\u00e1tica;<\/li><li>Racioc\u00ednio L\u00f3gico;<\/li><li>Direito Administrativo;<\/li><li>Direito Constitucional;<\/li><li>Direito Penal;<\/li><li>Direito Processual Penal;<\/li><li>Legisla\u00e7\u00e3o Especial.<\/li><\/ul><p><\/p>\n\n\n\n<p>Ademais, para a <strong>avalia\u00e7\u00e3o de capacidade f\u00edsica<\/strong> os inscritos deveriam realizar uma s\u00e9rie de <strong>exerc\u00edcios<\/strong>, como flex\u00e3o na barra ou est\u00e1tico na barra, impuls\u00e3o horizontal, abdominal, nata\u00e7\u00e3o e corrida.<\/p>","protected":false},"excerpt":{"rendered":"<p>Concurseiros interessados no concurso Pol\u00edcia Penal PE, aten\u00e7\u00e3o! A publica\u00e7\u00e3o do edital da nova sele\u00e7\u00e3o deve ocorrer em breve, visto que j\u00e1 est\u00e1 em fase final. Confira: Como montar um mapa mental \u2013 Gr\u00e1tis O concurso da Pol\u00edcia Penal de Pernambuco se aproxima. Isso porque o edital j\u00e1 est\u00e1 em fase final, passando por an\u00e1lise [&hellip;]<\/p>\n","protected":false},"author":54674,"featured_media":125394,"comment_status":"closed","ping_status":"closed","sticky":false,"template":"","format":"standard","meta":{"_acf_changed":false,"footnotes":"","_wp_rev_ctl_limit":""},"categories":[228],"tags":[41927,42359,41930,36931,42360,41926,39312,39866,39361,36933,39311,41928,41929],"class_list":["post-147893","post","type-post","status-publish","format-standard","has-post-thumbnail","hentry","category-noticias","tag-cargos-concurso-policia-penal-pe","tag-concuros-policia-penal-pe-previsto","tag-concuros-policia-penal-pe-salarios","tag-concurso-policia-penal-pe","tag-concurso-policia-penal-pe-previsto","tag-concurso-policia-penal-pe-vagas","tag-concurso-policia-penal-pernambuco","tag-edital-concurso-policia-penal-pe","tag-edital-policia-penal-pe","tag-policia-penal-pe","tag-policia-penal-pernambuco","tag-remuneracoes-concurso-policia-penal-pe","tag-ultimo-concurso-policia-penal-pe"],"acf":[],"_links":{"self":[{"href":"https:\/\/www.novaconcursos.com.br\/portal\/wp-json\/wp\/v2\/posts\/147893","targetHints":{"allow":["GET"]}}],"collection":[{"href":"https:\/\/www.novaconcursos.com.br\/portal\/wp-json\/wp\/v2\/posts"}],"about":[{"href":"https:\/\/www.novaconcursos.com.br\/portal\/wp-json\/wp\/v2\/types\/post"}],"author":[{"embeddable":true,"href":"https:\/\/www.novaconcursos.com.br\/portal\/wp-json\/wp\/v2\/users\/54674"}],"replies":[{"embeddable":true,"href":"https:\/\/www.novaconcursos.com.br\/portal\/wp-json\/wp\/v2\/comments?post=147893"}],"version-history":[{"count":4,"href":"https:\/\/www.novaconcursos.com.br\/portal\/wp-json\/wp\/v2\/posts\/147893\/revisions"}],"predecessor-version":[{"id":147897,"href":"https:\/\/www.novaconcursos.com.br\/portal\/wp-json\/wp\/v2\/posts\/147893\/revisions\/147897"}],"wp:featuredmedia":[{"embeddable":true,"href":"https:\/\/www.novaconcursos.com.br\/portal\/wp-json\/wp\/v2\/media\/125394"}],"wp:attachment":[{"href":"https:\/\/www.novaconcursos.com.br\/portal\/wp-json\/wp\/v2\/media?parent=147893"}],"wp:term":[{"taxonomy":"category","embeddable":true,"href":"https:\/\/www.novaconcursos.com.br\/portal\/wp-json\/wp\/v2\/categories?post=147893"},{"taxonomy":"post_tag","embeddable":true,"href":"https:\/\/www.novaconcursos.com.br\/portal\/wp-json\/wp\/v2\/tags?post=147893"}],"curies":[{"name":"wp","href":"https:\/\/api.w.org\/{rel}","templated":true}]}}