{"id":148092,"date":"2021-11-12T09:52:00","date_gmt":"2021-11-12T12:52:00","guid":{"rendered":"https:\/\/www.novaconcursos.com.br\/portal\/?p=148092"},"modified":"2024-07-05T15:08:27","modified_gmt":"2024-07-05T18:08:27","slug":"concurso-seguranca-am-contrato-publicado","status":"publish","type":"post","link":"https:\/\/www.novaconcursos.com.br\/portal\/noticias\/concurso-seguranca-am-contrato-publicado\/","title":{"rendered":"Concurso Seguran\u00e7a AM: Contrato com FGV \u00e9 publicado!"},"content":{"rendered":"<p>Aten\u00e7\u00e3o, concurseiros! A <strong>Funda\u00e7\u00e3o Get\u00falio Vargas<\/strong> foi contratada como banca para organizar os\u00a0<a href=\"https:\/\/www.novaconcursos.com.br\/portal\/concursos-abertos\/am\/\">concursos Seguran\u00e7a AM<\/a>. Ser\u00e3o <strong>cinco editais<\/strong> que podem ofertar at\u00e9\u00a0<strong>2.525 vagas<\/strong>! Confira quais s\u00e3o as corpora\u00e7\u00f5es!<\/p>\n\n\n\n<h2 class=\"wp-block-heading\" id=\"concurso-segurana-am-quais-corporaes-tero-editais\">Concurso Seguran\u00e7a AM: quais corpora\u00e7\u00f5es ter\u00e3o editais?<\/h2>\n\n\n\n<p>Ap\u00f3s ter o <strong>projeto b\u00e1sico<\/strong> divulgado, agora foi a vez da banca organizadora dos concursos da Seguran\u00e7a do <a href=\"https:\/\/www.novaconcursos.com.br\/portal\/concursos-previstos\/am\/\">Estado do Amazonas<\/a> sair.<\/p>\n\n\n\n<p>A <strong>Funda\u00e7\u00e3o Get\u00falio Vargas<\/strong> foi anunciada como banca e teve o contrato assinado. Ela ser\u00e1 a organizadora de cinco editais, sendo eles:<\/p>\n\n\n\n<ul class=\"wp-block-list\"><li> <strong>Pol\u00edcia Civil<\/strong>\u00a0\u2013 362 vagas;<\/li>\n\n\n\n<li><strong>Pol\u00edcia Militar<\/strong>\u00a0\u2013 1.350 vagas;<\/li>\n\n\n\n<li><strong>Corpo de Bombeiros<\/strong>\u00a0\u2013 453 vagas;<\/li>\n\n\n\n<li><strong>Secretaria de Seguran\u00e7a P\u00fablica<\/strong>\u00a0\u2013 150 vagas; e <\/li>\n\n\n\n<li><strong>Departamento de Tr\u00e2nsito\u00a0<\/strong>\u2013 210 vagas.<\/li>\n<\/ul><p><\/p>\n\n\n\n<p>A informa\u00e7\u00e3o da contrata\u00e7\u00e3o da banca saiu no Di\u00e1rio Oficial do Estado nesta quinta-feira (11) e os concurseiros podem comemorar, uma vez que <strong>editais para a PM e os Bombeiros<\/strong> s\u00e3o aguardados desde 2018.<\/p>\n\n\n\n<p>Agora, a pr\u00f3xima etapa ser\u00e1 a publica\u00e7\u00e3o dos editais que pode ocorrer a qualquer momento! A <strong>previs\u00e3o \u00e9 que aconte\u00e7a ainda em novembro.<\/strong><\/p>\n\n\n\n<p>Lembrando que o concurso da Pol\u00edcia Militar do\u00a0<a href=\"https:\/\/www.novaconcursos.com.br\/portal\/concursos-abertos\/am\/\">Amazonas\u00a0<\/a>foi <strong>autorizado <\/strong>em julho pelo governador do Estado, Wilson Lima. <\/p>\n\n\n\n<p>Depois, ele tamb\u00e9m confirmou o lan\u00e7amento do\u00a0<strong>edital at\u00e9 novembro de 2021<\/strong>. Semanas depois, o governador voltou a falar das sele\u00e7\u00f5es, afirmando que os editais est\u00e3o sendo finalizados.<\/p>\n\n\n\n<p>\u201c<em>Assim que o Amazonas tiver condi\u00e7\u00f5es, vamos realizar os concursos p\u00fablicos (para PM E PC AM). Trabalhamos com a possibilidade de fazer isso no ano que vem (2021), ainda no primeiro semestre, mas vai depender muito de como a economia vai se comportar e a situa\u00e7\u00e3o fiscal do estado<\/em>\u201d, disse o governador.<\/p>\n\n\n\n<p>Fora isso, o Amazonas passa por limita\u00e7\u00f5es por conta da\u00a0<strong>Lei de Responsabilidade Fiscal<\/strong>, o que dificultou um pouco a abertura de novos concursos.<\/p>\n\n\n\n<h2 class=\"wp-block-heading\" id=\"concurso-pm-am-agora-a-idade-mxima-de-35-anos-entenda\">Concurso PM AM: Agora a idade m\u00e1xima \u00e9 de 35 anos, entenda!<\/h2>\n\n\n\n<p>Durante men\u00e7\u00e3o aos concursos, o governador ressaltou que a\u00a0<strong>idade m\u00e1xima para o ingresso na PM AM\u00a0<\/strong>foi alterada e subiu para 35 anos.  <\/p>\n\n\n\n<p>A a\u00e7\u00e3o foi tomada depois que um PL foi enviado \u00e0 Assembleia Legislativa do Amazonas para realizar <strong>adequa\u00e7\u00f5es nos requisitos das vagas<\/strong>.<\/p>\n\n\n\n<p>O PL foi encaminhado pelo governador Wilson Lima, que pediu que a<strong>\u00a0idade m\u00e1xima\u00a0<\/strong>permitida para adentrar na Pol\u00edcia Militar do Amazonas seja de\u00a0<strong>35 anos.<\/strong>\u00a0<\/p>\n\n\n\n<p>De acordo com a\u00a0<strong>justificativa\u00a0<\/strong>apresentada aos deputados, diversos concursos da PM j\u00e1 fixam a idade m\u00e1xima em 35 anos. <\/p>\n\n\n\n<p>Vale destacar que atualmente, a PM AM coloca como limite para contrata\u00e7\u00e3o de 28 anos. A <strong>idade m\u00ednima continua<\/strong> sendo de 18 anos completos. <\/p>","protected":false},"excerpt":{"rendered":"<p>Aten\u00e7\u00e3o, concurseiros! A Funda\u00e7\u00e3o Get\u00falio Vargas foi contratada como banca para organizar os\u00a0concursos Seguran\u00e7a AM. Ser\u00e3o cinco editais que podem ofertar at\u00e9\u00a02.525 vagas! Confira quais s\u00e3o as corpora\u00e7\u00f5es! Concurso Seguran\u00e7a AM: quais corpora\u00e7\u00f5es ter\u00e3o editais? Ap\u00f3s ter o projeto b\u00e1sico divulgado, agora foi a vez da banca organizadora dos concursos da Seguran\u00e7a do Estado do [&hellip;]<\/p>\n","protected":false},"author":54671,"featured_media":137284,"comment_status":"closed","ping_status":"closed","sticky":false,"template":"","format":"standard","meta":{"_acf_changed":false,"footnotes":"","_wp_rev_ctl_limit":""},"categories":[228],"tags":[9134,11169,27025,40114,23122,22638,37852,42382,38227,33628,26988,23329,40039,20907,40089],"class_list":["post-148092","post","type-post","status-publish","format-standard","has-post-thumbnail","hentry","category-noticias","tag-am","tag-bombeiros","tag-concurso-bombeiros-am","tag-concurso-detran-am","tag-concurso-pc-am","tag-concurso-pm-am","tag-concursos-am","tag-detran-am","tag-editais-am","tag-pc-am","tag-pcam","tag-pm-am","tag-pmam","tag-seguranca-publica","tag-seguranca-publica-am"],"acf":[],"_links":{"self":[{"href":"https:\/\/www.novaconcursos.com.br\/portal\/wp-json\/wp\/v2\/posts\/148092","targetHints":{"allow":["GET"]}}],"collection":[{"href":"https:\/\/www.novaconcursos.com.br\/portal\/wp-json\/wp\/v2\/posts"}],"about":[{"href":"https:\/\/www.novaconcursos.com.br\/portal\/wp-json\/wp\/v2\/types\/post"}],"author":[{"embeddable":true,"href":"https:\/\/www.novaconcursos.com.br\/portal\/wp-json\/wp\/v2\/users\/54671"}],"replies":[{"embeddable":true,"href":"https:\/\/www.novaconcursos.com.br\/portal\/wp-json\/wp\/v2\/comments?post=148092"}],"version-history":[{"count":5,"href":"https:\/\/www.novaconcursos.com.br\/portal\/wp-json\/wp\/v2\/posts\/148092\/revisions"}],"predecessor-version":[{"id":243016,"href":"https:\/\/www.novaconcursos.com.br\/portal\/wp-json\/wp\/v2\/posts\/148092\/revisions\/243016"}],"wp:featuredmedia":[{"embeddable":true,"href":"https:\/\/www.novaconcursos.com.br\/portal\/wp-json\/wp\/v2\/media\/137284"}],"wp:attachment":[{"href":"https:\/\/www.novaconcursos.com.br\/portal\/wp-json\/wp\/v2\/media?parent=148092"}],"wp:term":[{"taxonomy":"category","embeddable":true,"href":"https:\/\/www.novaconcursos.com.br\/portal\/wp-json\/wp\/v2\/categories?post=148092"},{"taxonomy":"post_tag","embeddable":true,"href":"https:\/\/www.novaconcursos.com.br\/portal\/wp-json\/wp\/v2\/tags?post=148092"}],"curies":[{"name":"wp","href":"https:\/\/api.w.org\/{rel}","templated":true}]}}