{"id":148447,"date":"2021-11-17T14:25:18","date_gmt":"2021-11-17T17:25:18","guid":{"rendered":"https:\/\/www.novaconcursos.com.br\/portal\/?p=148447"},"modified":"2021-11-17T14:25:22","modified_gmt":"2021-11-17T17:25:22","slug":"concurso-carreiras-policiais-pa-projeto-de-contratacao-de-temporarios-sai-de-pauta","status":"publish","type":"post","link":"https:\/\/www.novaconcursos.com.br\/portal\/noticias\/concurso-carreiras-policiais-pa-projeto-de-contratacao-de-temporarios-sai-de-pauta\/","title":{"rendered":"Carreiras Policiais PA: Projeto de contrata\u00e7\u00e3o tempor\u00e1ria sai de pauta!"},"content":{"rendered":"<p>Not\u00edcias importantes para os concurseiros do Par\u00e1! Foi <strong>retirada de pauta<\/strong> a Proposta de Emenda \u00e0 Constitui\u00e7\u00e3o que previa a <strong>contrata\u00e7\u00e3o tempor\u00e1ria<\/strong> de carreira policiais PA. Ademais, a decis\u00e3o foi tomada ap\u00f3s <strong>press\u00e3o popular.<\/strong><\/p>\n\n\n\n<ul class=\"wp-block-list\"><li><strong>Confira: <\/strong><a href=\"https:\/\/www.novaconcursos.com.br\/eventos\/guia-definitivo-como-fazer-uma-boa-revisao\/\" target=\"_blank\" rel=\"noreferrer noopener\" aria-label=\" (abre numa nova aba)\">Como fazer uma boa revis\u00e3o \u2013 Gr\u00e1tis<\/a><\/li><\/ul><p><\/p>\n\n\n\n<p>Seria votada na \u00faltima ter\u00e7a-feira, <strong>16 de novembro<\/strong>, a PEC que propunha a autoriza\u00e7\u00e3o da <strong>contrata\u00e7\u00e3o tempor\u00e1ria <\/strong>para carreiras policiais no estado do Par\u00e1. No entanto, por conta da press\u00e3o popular, os deputados do estado <strong>retiraram o projeto de pauta.<\/strong><\/p>\n\n\n\n<ul class=\"wp-block-list\"><li><strong>Adquira: <\/strong><a href=\"https:\/\/www.novaconcursos.com.br\/concurso\/pm-pa-policia-militar-para\/apostila\" target=\"_blank\" rel=\"noreferrer noopener\" aria-label=\" (abre numa nova aba)\">Apostila Concurso PM PA<\/a><\/li><\/ul><p><\/p>\n\n\n\n<p>Al\u00e9m disso, vale destacar que a proposta possu\u00eda <strong>car\u00e1ter de urg\u00eancia<\/strong> e tinha como objetivo a contrata\u00e7\u00e3o de tempor\u00e1rios para a <a href=\"https:\/\/www.novaconcursos.com.br\/portal\/concursos\/concurso-pm-pa\/\">Pol\u00edcia Militar<\/a> e o <a href=\"https:\/\/www.novaconcursos.com.br\/portal\/concursos\/concurso-bombeiros-pa-cbm-pa\/\">Corpo de Bombeiros<\/a> do Par\u00e1, ou seja, para as carreiras policiais do estado.<\/p>\n\n\n\n<h2 class=\"wp-block-heading\" id=\"carreiras-policiais-pa-entenda-a-retirada-da-pec\"><strong>Carreiras Policiais PA: entenda a retirada da PEC<\/strong><\/h2>\n\n\n\n<p>Em suma, a Proposta de Emenda \u00e0 Constitui\u00e7\u00e3o a ser votada <strong>na \u00faltima ter\u00e7a-feira<\/strong> buscava a autoriza\u00e7\u00e3o para contrata\u00e7\u00e3o de tempor\u00e1rios nas <strong>carreiras policiais<\/strong> do estado do <a href=\"https:\/\/www.novaconcursos.com.br\/portal\/concursos-previstos\/pa\/\">Par\u00e1<\/a>.<\/p>\n\n\n\n<p>Entretanto, a not\u00edcia <strong>n\u00e3o foi bem recebida<\/strong> entre a popula\u00e7\u00e3o, uma vez que tal aprova\u00e7\u00e3o poderia significar o <strong>fim do concurso p\u00fablico<\/strong>, al\u00e9m de outros pontos negativos.<\/p>\n\n\n\n<p>Em outras palavras, com a PEC autorizada os concursos p\u00fablicos para efetivos poderiam <strong>ser extintos<\/strong>, visto que a contrata\u00e7\u00e3o em car\u00e1ter tempor\u00e1rio poderia passar a ser <strong>frequentemente utilizada<\/strong>, segundo a opini\u00e3o da popula\u00e7\u00e3o.<\/p>\n\n\n\n<p>Al\u00e9m disso, nas redes sociais muitos internautas se manifestaram <strong>contra o projeto<\/strong>, de forma a argumentar que os processos seletivos para a contrata\u00e7\u00e3o de tempor\u00e1rios podem <strong>n\u00e3o garantir bons profissionais<\/strong> para a \u00e1rea de Seguran\u00e7a.<\/p>\n\n\n\n<p>Ademais, muitos tamb\u00e9m comentaram que tal m\u00e9todo de contrata\u00e7\u00e3o n\u00e3o garante totalmente os <strong>direitos do servidor tempor\u00e1rio<\/strong>. Consequentemente, ap\u00f3s tal press\u00e3o popular, o projeto foi <strong>retirado de pauta.<\/strong><\/p>\n\n\n\n<h2 class=\"wp-block-heading\" id=\"carreiras-policiais-ao-redor-do-brasil\"><strong>Carreiras Policiais ao redor do Brasil<\/strong><\/h2>\n\n\n\n<p>Apesar da atual situa\u00e7\u00e3o das carreiras policiais do <a href=\"https:\/\/www.novaconcursos.com.br\/portal\/concursos-abertos\/pa\/\">Par\u00e1<\/a>, outros concursos p\u00fablicos que visam a <strong>contrata\u00e7\u00e3o de policiais<\/strong> ao redor do pa\u00eds j\u00e1 foram publicados ou est\u00e3o previstos. Dito isso, conhe\u00e7a alguns deles:<\/p>\n\n\n\n<h3 class=\"wp-block-heading\"><strong>Concurso Brigada Militar RS<\/strong><\/h3>\n\n\n\n<p>Para o estado do Rio Grande do Sul, est\u00e1 previsto o <a href=\"https:\/\/www.novaconcursos.com.br\/portal\/concursos\/concurso-brigada-militar-rs\/\">concurso Brigada Militar RS<\/a>, que j\u00e1 conta com <strong>banca organizadora<\/strong> definida, sendo ela a Fundatec. <\/p>\n\n\n\n<p>Al\u00e9m disso, a sele\u00e7\u00e3o oferta <strong>4.000 oportunidades<\/strong> para o cargo de Soldado. Uma vez que a <a href=\"https:\/\/www.fundatec.org.br\/\" target=\"_blank\" rel=\"noreferrer noopener\" aria-label=\"banca (abre numa nova aba)\">banca<\/a> foi escolhida, s\u00e3o poucos os tr\u00e2mites que ainda antecedem o edital. Portanto, o documento deve ser publicado <strong>em breve!<\/strong><\/p>\n\n\n\n<h3 class=\"wp-block-heading\"><strong>Concurso PM SP<\/strong><\/h3>\n\n\n\n<p>Tamb\u00e9m est\u00e1 previsto o <a href=\"https:\/\/www.novaconcursos.com.br\/portal\/concursos\/concurso-pm-sp-cfo-oficial\/\">concurso PM SP<\/a>, com uma oferta de <strong>220 vagas<\/strong> para Aluno-Oficial, de <strong>n\u00edvel m\u00e9dio<\/strong>. Ademais, a autoriza\u00e7\u00e3o do concurso p\u00fablico foi fornecida por Jo\u00e3o D\u00f3ria, governador do estado.<\/p>\n\n\n\n<p>\u00c9 igualmente importante apontar que a <strong>remunera\u00e7\u00e3o inicial <\/strong>para os aprovados possui o valor de <strong>R$3.268,33.<\/strong><\/p>\n\n\n\n<h3 class=\"wp-block-heading\"><strong>Concurso Pol\u00edcia Penal MG<\/strong><\/h3>\n\n\n\n<p>Por \u00faltimo, j\u00e1 foi publicado o edital do <a href=\"https:\/\/www.novaconcursos.com.br\/portal\/concursos\/concurso-policia-penal-mg\/\">concurso Pol\u00edcia Penal MG<\/a>, que oferta <strong>2.420 oportunidades<\/strong> de n\u00edvel m\u00e9dio para Policial Penal.<\/p>\n\n\n\n<p>Al\u00e9m disso, as inscri\u00e7\u00f5es est\u00e3o abertas e podem ser realizadas <strong>at\u00e9 o dia 21 de novembro<\/strong>. Os sal\u00e1rios iniciais possuem o valor de <strong>R$4.631,25.<\/strong> Finalmente, as provas est\u00e3o programadas para o dia <strong>16 de janeiro.<\/strong><\/p>","protected":false},"excerpt":{"rendered":"<p>Not\u00edcias importantes para os concurseiros do Par\u00e1! Foi retirada de pauta a Proposta de Emenda \u00e0 Constitui\u00e7\u00e3o que previa a contrata\u00e7\u00e3o tempor\u00e1ria de carreira policiais PA. Ademais, a decis\u00e3o foi tomada ap\u00f3s press\u00e3o popular. Confira: Como fazer uma boa revis\u00e3o \u2013 Gr\u00e1tis Seria votada na \u00faltima ter\u00e7a-feira, 16 de novembro, a PEC que propunha a [&hellip;]<\/p>\n","protected":false},"author":54674,"featured_media":130179,"comment_status":"closed","ping_status":"closed","sticky":false,"template":"","format":"standard","meta":{"_acf_changed":false,"footnotes":"","_wp_rev_ctl_limit":""},"categories":[228],"tags":[36886,36885,43182,43185,43184,15392,43183,42278,5956,37112,25351,8669],"class_list":["post-148447","post","type-post","status-publish","format-standard","has-post-thumbnail","hentry","category-noticias","tag-carreiras-policiais","tag-carreiras-policiais-2021","tag-carreiras-policiais-pa","tag-carreiras-policiais-pa-pec","tag-carreiras-policiais-pa-temporario","tag-concurso-bombeiros-pa","tag-concurso-brigada-militar-rs","tag-concurso-pm-sp-cargos","tag-concurso-pm-pa","tag-concurso-policia-penal-mg","tag-concursos-carreiras-policiais","tag-concursos-policiais"],"acf":[],"_links":{"self":[{"href":"https:\/\/www.novaconcursos.com.br\/portal\/wp-json\/wp\/v2\/posts\/148447","targetHints":{"allow":["GET"]}}],"collection":[{"href":"https:\/\/www.novaconcursos.com.br\/portal\/wp-json\/wp\/v2\/posts"}],"about":[{"href":"https:\/\/www.novaconcursos.com.br\/portal\/wp-json\/wp\/v2\/types\/post"}],"author":[{"embeddable":true,"href":"https:\/\/www.novaconcursos.com.br\/portal\/wp-json\/wp\/v2\/users\/54674"}],"replies":[{"embeddable":true,"href":"https:\/\/www.novaconcursos.com.br\/portal\/wp-json\/wp\/v2\/comments?post=148447"}],"version-history":[{"count":5,"href":"https:\/\/www.novaconcursos.com.br\/portal\/wp-json\/wp\/v2\/posts\/148447\/revisions"}],"predecessor-version":[{"id":148457,"href":"https:\/\/www.novaconcursos.com.br\/portal\/wp-json\/wp\/v2\/posts\/148447\/revisions\/148457"}],"wp:featuredmedia":[{"embeddable":true,"href":"https:\/\/www.novaconcursos.com.br\/portal\/wp-json\/wp\/v2\/media\/130179"}],"wp:attachment":[{"href":"https:\/\/www.novaconcursos.com.br\/portal\/wp-json\/wp\/v2\/media?parent=148447"}],"wp:term":[{"taxonomy":"category","embeddable":true,"href":"https:\/\/www.novaconcursos.com.br\/portal\/wp-json\/wp\/v2\/categories?post=148447"},{"taxonomy":"post_tag","embeddable":true,"href":"https:\/\/www.novaconcursos.com.br\/portal\/wp-json\/wp\/v2\/tags?post=148447"}],"curies":[{"name":"wp","href":"https:\/\/api.w.org\/{rel}","templated":true}]}}