{"id":148705,"date":"2021-11-19T14:04:49","date_gmt":"2021-11-19T17:04:49","guid":{"rendered":"https:\/\/www.novaconcursos.com.br\/portal\/?p=148705"},"modified":"2021-11-19T14:04:55","modified_gmt":"2021-11-19T17:04:55","slug":"concurso-sefaz-am-novos-salarios-edital-iminente","status":"publish","type":"post","link":"https:\/\/www.novaconcursos.com.br\/portal\/noticias\/concurso-sefaz-am-novos-salarios-edital-iminente\/","title":{"rendered":"Concurso Sefaz AM: Novos sal\u00e1rios e edital iminente!"},"content":{"rendered":"<p>Aten\u00e7\u00e3o, concurseiros! O <a href=\"https:\/\/www.novaconcursos.com.br\/portal\/concursos\/concurso-sefaz-am\/\">concurso Sefaz AM<\/a> est\u00e1 cada vez mais pr\u00f3ximo de ser lan\u00e7ado. Isso porque a Secretaria divulgou uma <strong>altera\u00e7\u00e3o no Plano Salarial!<\/strong><\/p>\n\n\n\n<ul class=\"wp-block-list\"><li><strong>Confira<\/strong>: <a href=\"https:\/\/www.novaconcursos.com.br\/eventos\/guia-definitivo-como-montar-um-mapa-mental\/\" target=\"_blank\" rel=\"noreferrer noopener\" aria-label=\" (abre numa nova aba)\">Guia Definitivo \u2013 Como Montar Mapas Mentais (GR\u00c1TIS)<\/a><\/li><\/ul><p><\/p>\n\n\n\n<p>A mudan\u00e7a indica que um pr\u00f3ximo edital deve estar pr\u00f3ximo. A Lei, de N.\u00ba 5.693\/2021, trata da nova estrutura administrativa dos servidores e ela era um dos impedimentos para a divulga\u00e7\u00e3o do novo concurso Sefaz AM. Agora, <strong>com a altera\u00e7\u00e3o, o edital pode n\u00e3o ter mais esse entrave.<\/strong><\/p>\n\n\n\n<p>Em outras palavras, a <strong>publica\u00e7\u00e3o do edital<\/strong> pode acontecer a qualquer momento!<\/p>\n\n\n\n<p>Vale ressaltar que novo <a href=\"https:\/\/www.novaconcursos.com.br\/portal\/concursos-abertos\/AM\/\">concurso <\/a>\u00e9 de extrema necessidade, visto que a \u00faltima sele\u00e7\u00e3o do \u00f3rg\u00e3o aconteceu <strong>h\u00e1 mais de 15 anos.<\/strong><\/p>\n\n\n\n<p>De acordo com a nova lei, o \u00f3rg\u00e3o ser\u00e1 composto pelos seguintes <strong>cargos<\/strong>:<\/p>\n\n\n\n<ul class=\"wp-block-list\"><li>Auditor fiscal de tributos estaduais;<\/li><li>Analista do tesouro estadual;<\/li><li>Analista de TI da fazenda estadual;<\/li><li>T\u00e9cnico de arrecada\u00e7\u00e3o de tributos estaduais;<\/li><li>T\u00e9cnico da fazenda estadual; e<\/li><li>Assistente administrativo.<\/li><\/ul><p><\/p>\n\n\n\n<p>Al\u00e9m disso, o texto indica que, dentro da mesma classe, as <strong>progress\u00f5es de carreira<\/strong> acontecer\u00e3o a cada 18 meses, independentemente da exist\u00eancia de vaga.<\/p>\n\n\n\n<h2 class=\"wp-block-heading\" id=\"concurso-sefaz-am-novas-remuneraes-\">Concurso Sefaz AM: novas remunera\u00e7\u00f5es <\/h2>\n\n\n\n<p>Ainda de acordo com o texto legislativo, a carreira de Auditor Fiscal, que est\u00e1 prevista no novo edital, contar\u00e1 com as seguintes remunera\u00e7\u00f5es:<\/p>\n\n\n\n<figure class=\"wp-block-image size-large\"><img decoding=\"async\" width=\"784\" height=\"963\" src=\"https:\/\/www.novaconcursos.com.br\/portal\/wp-content\/uploads\/2021\/11\/salarios-1-2.png\" alt=\"\" class=\"wp-image-148706\" loading=\"lazy\" title=\"\" srcset=\"https:\/\/www.novaconcursos.com.br\/portal\/wp-content\/uploads\/2021\/11\/salarios-1-2-244x300.png 244w, https:\/\/www.novaconcursos.com.br\/portal\/wp-content\/uploads\/2021\/11\/salarios-1-2.png 784w\" sizes=\"auto, (max-width: 480px) 100vw, (max-width: 768px) 100vw, (max-width: 1200px) 70vw, 768px\"><figcaption><\/figcaption><\/figure><figure class=\"wp-block-image size-large\"><img decoding=\"async\" width=\"1019\" height=\"276\" src=\"https:\/\/www.novaconcursos.com.br\/portal\/wp-content\/uploads\/2021\/11\/salarios-2-1.png\" alt=\"\" class=\"wp-image-148707\" loading=\"lazy\" title=\"\" srcset=\"https:\/\/www.novaconcursos.com.br\/portal\/wp-content\/uploads\/2021\/11\/salarios-2-1-300x81.png 300w, https:\/\/www.novaconcursos.com.br\/portal\/wp-content\/uploads\/2021\/11\/salarios-2-1.png 1019w\" sizes=\"auto, (max-width: 480px) 100vw, (max-width: 768px) 100vw, (max-width: 1200px) 70vw, 768px\"><figcaption><\/figcaption><\/figure><p><\/p>\n\n\n\n<h2 class=\"wp-block-heading\" id=\"concurso-sefaz-am-expectativa-para-o-prximo-edital-\">Concurso Sefaz AM: expectativa para o pr\u00f3ximo edital <\/h2>\n\n\n\n<p>Esse concurso Sefaz tem sido <strong>aguardado h\u00e1 anos <\/strong>e em 2020 a Secret\u00e1ria da Fazenda do <a href=\"https:\/\/www.novaconcursos.com.br\/portal\/concursos-previstos\/AM\/\">Amazonas<\/a>, Alana Tomaz, esperava poder realizar o certame.<\/p>\n\n\n\n<p>Naquele ano, cerca de <strong>400 cargos podiam ser preenchidos<\/strong>, no entanto o n\u00famero de vagas que seriam ofertadas n\u00e3o foi divulgado em 2020 e o edital n\u00e3o teve continuidade.<\/p>\n\n\n\n<p>Para o pr\u00f3ximo concurso, segundo Demilson Chagas, est\u00e3o sendo esperadas <strong>200 vagas<\/strong> para os <strong>cargos <\/strong>de Auditor Fiscal de Tributos, Analista T\u00e9cnico e Assistente.<\/p>\n\n\n\n<p>Espera-se que o edital de abertura seja publicado <strong>ainda em 2021.<\/strong><\/p>\n\n\n\n<h2 class=\"wp-block-heading\" id=\"ltimo-concurso-sefaz-am-\">\u00daltimo concurso Sefaz AM <\/h2>\n\n\n\n<p>A \u00faltima edi\u00e7\u00e3o do concurso Sefaz AM aconteceu em <strong>2005 <\/strong>e, na \u00e9poca, foi organizado pela banca NCE\/UFRJ. No total, foram ofertadas <strong>390 vagas<\/strong> para os seguintes <strong>cargos<\/strong>:<\/p>\n\n\n\n<ul class=\"wp-block-list\"><li>15 vagas para Analista de Tecnologia da Informa\u00e7\u00e3o;<\/li><li>25 vagas para Analista do Tesouro Estadual;<\/li><li>100 vagas para Auditor Fiscal de Tributos Estaduais;<\/li><li>50 vagas para T\u00e9cnico da Fazenda Estadual;<\/li><li>20 vagas para T\u00e9cnico de Arrecada\u00e7\u00e3o de Tributos Estaduais; E<\/li><li>180 vagas para Assistente Administrativo da Fazenda Estadual.<\/li><\/ul><p><\/p>\n\n\n\n<p>Os sal\u00e1rios para os cargos naquele ano variaram entre <strong>R$ 8.097,60 e R$ 5.311,04.<\/strong><\/p>","protected":false},"excerpt":{"rendered":"<p>Aten\u00e7\u00e3o, concurseiros! O concurso Sefaz AM est\u00e1 cada vez mais pr\u00f3ximo de ser lan\u00e7ado. Isso porque a Secretaria divulgou uma altera\u00e7\u00e3o no Plano Salarial! Confira: Guia Definitivo \u2013 Como Montar Mapas Mentais (GR\u00c1TIS) A mudan\u00e7a indica que um pr\u00f3ximo edital deve estar pr\u00f3ximo. A Lei, de N.\u00ba 5.693\/2021, trata da nova estrutura administrativa dos servidores [&hellip;]<\/p>\n","protected":false},"author":54673,"featured_media":0,"comment_status":"closed","ping_status":"closed","sticky":false,"template":"","format":"standard","meta":{"_acf_changed":false,"footnotes":"","_wp_rev_ctl_limit":""},"categories":[228],"tags":[43340,6079,39217,37852,40883,41982,38227,40884,42733,43343,42732,43344,43345,43342,43339,5029,43341],"class_list":["post-148705","post","type-post","status-publish","format-standard","hentry","category-noticias","tag-cargos-sefaz-am","tag-concurso-sefaz-am","tag-concursos-2022","tag-concursos-am","tag-concursos-sefaz","tag-editais-2022","tag-editais-am","tag-editais-sefaz","tag-edital-concurso-sefaz-am","tag-edital-de-abertura-sefaz-am","tag-edital-sefaz-am","tag-plano-salarial","tag-plano-salarial-sefaz-am","tag-salarios-sefaz-am","tag-secretaria-de-fazenda-do-amazonas","tag-sefaz","tag-vagas-sefaz-am"],"acf":[],"_links":{"self":[{"href":"https:\/\/www.novaconcursos.com.br\/portal\/wp-json\/wp\/v2\/posts\/148705","targetHints":{"allow":["GET"]}}],"collection":[{"href":"https:\/\/www.novaconcursos.com.br\/portal\/wp-json\/wp\/v2\/posts"}],"about":[{"href":"https:\/\/www.novaconcursos.com.br\/portal\/wp-json\/wp\/v2\/types\/post"}],"author":[{"embeddable":true,"href":"https:\/\/www.novaconcursos.com.br\/portal\/wp-json\/wp\/v2\/users\/54673"}],"replies":[{"embeddable":true,"href":"https:\/\/www.novaconcursos.com.br\/portal\/wp-json\/wp\/v2\/comments?post=148705"}],"version-history":[{"count":3,"href":"https:\/\/www.novaconcursos.com.br\/portal\/wp-json\/wp\/v2\/posts\/148705\/revisions"}],"predecessor-version":[{"id":148711,"href":"https:\/\/www.novaconcursos.com.br\/portal\/wp-json\/wp\/v2\/posts\/148705\/revisions\/148711"}],"wp:attachment":[{"href":"https:\/\/www.novaconcursos.com.br\/portal\/wp-json\/wp\/v2\/media?parent=148705"}],"wp:term":[{"taxonomy":"category","embeddable":true,"href":"https:\/\/www.novaconcursos.com.br\/portal\/wp-json\/wp\/v2\/categories?post=148705"},{"taxonomy":"post_tag","embeddable":true,"href":"https:\/\/www.novaconcursos.com.br\/portal\/wp-json\/wp\/v2\/tags?post=148705"}],"curies":[{"name":"wp","href":"https:\/\/api.w.org\/{rel}","templated":true}]}}