{"id":148747,"date":"2021-11-22T10:09:38","date_gmt":"2021-11-22T13:09:38","guid":{"rendered":"https:\/\/www.novaconcursos.com.br\/portal\/?p=148747"},"modified":"2026-01-05T16:00:18","modified_gmt":"2026-01-05T19:00:18","slug":"concurso-policia-penal-df-deputado-cobra","status":"publish","type":"post","link":"https:\/\/www.novaconcursos.com.br\/portal\/noticias\/concurso-policia-penal-df-deputado-cobra\/","title":{"rendered":"Concurso Pol\u00edcia Penal DF: Sem sele\u00e7\u00e3o h\u00e1 anos, deputado cobra novo certame!"},"content":{"rendered":"<p>Aten\u00e7\u00e3o concurseiros! Um novo\u00a0<a href=\"https:\/\/www.novaconcursos.com.br\/portal\/concursos\/concurso-policia-penal-df\/\">concurso Pol\u00edcia Penal DF<\/a>\u00a0estava sendo <strong>finalizado\u00a0<\/strong>e tinha previs\u00e3o de ser <strong>publicado em novembro.<\/strong>\u00a0Sem concursos h\u00e1 sete anos, o deputado Reginaldo Sardinha cobrou um novo edital!<\/p>\n\n\n\n<h2 class=\"wp-block-heading\" id=\"concurso-polcia-penal-df-edital-cobrado\">Concurso Pol\u00edcia Penal DF: edital \u00e9 cobrado<\/h2>\n\n\n\n<p>A Pol\u00edcia Penal do <a href=\"https:\/\/www.novaconcursos.com.br\/portal\/concursos-previstos\/df\/\">Distrito Federal<\/a> n\u00e3o publica um novo concurso h\u00e1 sete anos. Com isso, o <strong>edital vem sendo muito cobrado.<\/strong><\/p>\n\n\n\n<ul class=\"wp-block-list\"><li><strong>Adquira:<\/strong>\u00a0<a href=\"https:\/\/www.novaconcursos.com.br\/concurso\/policia-penal-df\/apostila\">Apostila completa concurso Pol\u00edcia Penal DF<\/a><\/li>\n<\/ul><p><\/p>\n\n\n\n<p>Dessa vez foi o deputado Reginaldo Sardinha (Avante) cobrar o documento. Ele informou que encaminhado \u00e0 Secretaria de Economia do Distrito Federal um <strong>of\u00edcio cobrando agilidade <\/strong>na realiza\u00e7\u00e3o do concurso.<\/p>\n\n\n\n<p><em>\u201cVisamos \u00e0 reposi\u00e7\u00e3o do d\u00e9ficit de pessoal existente no Sistema Prisional\u201d<\/em> publicou o parlamentar nas redes na \u00faltima quinta-feira (18).<\/p>\n\n\n\n<p><em>\u201cQueremos informa\u00e7\u00f5es sobre a contrata\u00e7\u00e3o da banca examinadora e prazo para lan\u00e7amento do Edital do certame para recomposi\u00e7\u00e3o do quadro de servidores efetivos\u201d<\/em>, completou Sardinha.<\/p>\n\n\n\n<h3 class=\"wp-block-heading\">Edital estava previsto para novembro<\/h3>\n\n\n\n<p>Em agosto, o mesmo deputado havia informado que o edital para o concurso da Pol\u00edcia Penal do Distrito Federal <strong>seria postado em novembro.<\/strong><\/p>\n\n\n\n<p><em>\u201cDurante a reuni\u00e3o com o secret\u00e1rio de economia do Distrito Federal, Andr\u00e9 Clemente, tive a confirma\u00e7\u00e3o de que vai sair o CONCURSO para a Pol\u00edcia Penal do DF. O compromisso do chefe da pasta, \u00e9 de que at\u00e9 novembro deste ano seja liberado o EDITAL como passo inicial para o certame. Ent\u00e3o, voc\u00ea CONCURSEIRO, fique ligado e se prepare\u201d<\/em>, disse ele.<\/p>\n\n\n\n<p>Portanto, a previs\u00e3o \u00e9 para preenchimento de\u00a0<strong>1.179 vagas<\/strong>\u00a0para o cargo de Agente de Execu\u00e7\u00e3o Penal (Agepen). <\/p>\n\n\n\n<p>Al\u00e9m disso, a Assessoria tamb\u00e9m antecipou que a aplica\u00e7\u00e3o das provas est\u00e1 prevista para ocorrer\u00a0<strong>entre fevereiro ou mar\u00e7o\u00a0<\/strong>de 2022. Mas, o edital precisa sair r\u00e1pido para que o prazo seja cumprido.<\/p>\n\n\n\n<p>Ademais, ser\u00e1 exigido\u00a0<strong>n\u00edvel superior<\/strong>\u00a0para inscri\u00e7\u00e3o. O sal\u00e1rio inicial para a carreira \u00e9 de\u00a0<strong>R$ 4.745<\/strong>, valores de 2014 que podem ter aumentado.<\/p>\n\n\n\n<p>Inicialmente, o objetivo era de preencher as vagas imediatas em\u00a0<strong>julho de 2021<\/strong>. Entretanto, com o atraso, o cronograma precisou ser revisto.<\/p>\n\n\n\n<p>Por outro lado, no caso do cadastro, o preenchimento estava limitado a\u00a0<strong>400 postos em 2022 e 379 em 2023<\/strong>. <\/p>\n\n\n\n<h2 class=\"wp-block-heading\" id=\"ltimo-concurso-polcia-penal-df-aconteceu-h-sete-anos\">\u00daltimo concurso Pol\u00edcia Penal DF aconteceu h\u00e1 sete anos<\/h2>\n\n\n\n<p>Publicado em <strong>2014<\/strong>, o \u00faltimo concurso p\u00fablico para a Pol\u00edcia Penal do <a href=\"https:\/\/www.novaconcursos.com.br\/portal\/concursos-abertos\/df\/\">Distrito Federal<\/a> contou com a oferta de<strong> 1.100 vagas.<\/strong><\/p>\n\n\n\n<p>Do total de oportunidades foram<strong> 200 imediatas <\/strong>e 900 para cadastro reserva. Agora s\u00e3o sete anos sem sele\u00e7\u00f5es.<\/p>\n\n\n\n<p>Os inscritos foram <strong>avaliados <\/strong>por meio da aplica\u00e7\u00e3o de provas objetivas, teste de aptid\u00e3o f\u00edsica, avalia\u00e7\u00e3o psicol\u00f3gica e\u00a0sindic\u00e2ncia de vida pregressa e investiga\u00e7\u00e3o social.<\/p>\n\n\n\n<p>Nas <strong>provas objetivas<\/strong> foram cobradas 150 quest\u00f5es de certo e errado sobre conhecimentos b\u00e1sicos e espec\u00edficos. <\/p>\n\n\n\n<p>Por fim, os aprovados nas fases anteriores ainda passaram pelo <strong>curso de forma\u00e7\u00e3o profissional.<\/strong><\/p>","protected":false},"excerpt":{"rendered":"<p>Aten\u00e7\u00e3o concurseiros! Um novo\u00a0concurso Pol\u00edcia Penal DF\u00a0estava sendo finalizado\u00a0e tinha previs\u00e3o de ser publicado em novembro.\u00a0Sem concursos h\u00e1 sete anos, o deputado Reginaldo Sardinha cobrou um novo edital! Concurso Pol\u00edcia Penal DF: edital \u00e9 cobrado A Pol\u00edcia Penal do Distrito Federal n\u00e3o publica um novo concurso h\u00e1 sete anos. Com isso, o edital vem sendo [&hellip;]<\/p>\n","protected":false},"author":54671,"featured_media":137375,"comment_status":"closed","ping_status":"closed","sticky":false,"template":"","format":"standard","meta":{"_acf_changed":false,"footnotes":"","_wp_rev_ctl_limit":""},"categories":[228],"tags":[38898,40100,36681,40097,24832,2578,2031,8332,18032,41100,39287,41101,115,41098,40098,41099,40101,40099],"class_list":["post-148747","post","type-post","status-publish","format-standard","has-post-thumbnail","hentry","category-noticias","tag-agepen-df","tag-cargos-concurso-policia-penal-df","tag-concurso-agepen-df","tag-concurso-policia-penal-df","tag-concursos-df","tag-concursos-publicos","tag-distrito-federal","tag-editais-df","tag-edital-agepen","tag-edital-agepen-df","tag-edital-concurso-policia-penal-df","tag-edital-policia-penal-df","tag-nova-concursos","tag-policia-penal-df","tag-salarios-concurso-policia-penal-df","tag-sesip-df","tag-ultimo-concurso-policia-penal-df","tag-vagas-concurso-policia-penal-df"],"acf":[],"_links":{"self":[{"href":"https:\/\/www.novaconcursos.com.br\/portal\/wp-json\/wp\/v2\/posts\/148747","targetHints":{"allow":["GET"]}}],"collection":[{"href":"https:\/\/www.novaconcursos.com.br\/portal\/wp-json\/wp\/v2\/posts"}],"about":[{"href":"https:\/\/www.novaconcursos.com.br\/portal\/wp-json\/wp\/v2\/types\/post"}],"author":[{"embeddable":true,"href":"https:\/\/www.novaconcursos.com.br\/portal\/wp-json\/wp\/v2\/users\/54671"}],"replies":[{"embeddable":true,"href":"https:\/\/www.novaconcursos.com.br\/portal\/wp-json\/wp\/v2\/comments?post=148747"}],"version-history":[{"count":7,"href":"https:\/\/www.novaconcursos.com.br\/portal\/wp-json\/wp\/v2\/posts\/148747\/revisions"}],"predecessor-version":[{"id":301858,"href":"https:\/\/www.novaconcursos.com.br\/portal\/wp-json\/wp\/v2\/posts\/148747\/revisions\/301858"}],"wp:featuredmedia":[{"embeddable":true,"href":"https:\/\/www.novaconcursos.com.br\/portal\/wp-json\/wp\/v2\/media\/137375"}],"wp:attachment":[{"href":"https:\/\/www.novaconcursos.com.br\/portal\/wp-json\/wp\/v2\/media?parent=148747"}],"wp:term":[{"taxonomy":"category","embeddable":true,"href":"https:\/\/www.novaconcursos.com.br\/portal\/wp-json\/wp\/v2\/categories?post=148747"},{"taxonomy":"post_tag","embeddable":true,"href":"https:\/\/www.novaconcursos.com.br\/portal\/wp-json\/wp\/v2\/tags?post=148747"}],"curies":[{"name":"wp","href":"https:\/\/api.w.org\/{rel}","templated":true}]}}