{"id":148780,"date":"2021-11-22T12:02:16","date_gmt":"2021-11-22T15:02:16","guid":{"rendered":"https:\/\/www.novaconcursos.com.br\/portal\/?p=148780"},"modified":"2025-04-16T14:29:09","modified_gmt":"2025-04-16T17:29:09","slug":"concurso-policia-penal-mg-inscricoes-encerradas-o-que-fazer-agora","status":"publish","type":"post","link":"https:\/\/www.novaconcursos.com.br\/portal\/noticias\/concurso-policia-penal-mg-inscricoes-encerradas-o-que-fazer-agora\/","title":{"rendered":"Concurso Pol\u00edcia Penal MG: Inscri\u00e7\u00f5es encerradas; o que fazer agora?"},"content":{"rendered":"<p>As inscri\u00e7\u00f5es do <a href=\"https:\/\/www.novaconcursos.com.br\/portal\/concursos\/concurso-policia-penal-mg\/\">concurso Pol\u00edcia Penal MG<\/a> se <strong>encerraram<\/strong> ontem, dia <strong>21 de novembro<\/strong>. Com isso, confira todas as <strong>dicas de prepara\u00e7\u00e3o e estudo<\/strong> para esse per\u00edodo de tempo existente at\u00e9 as provas!<\/p>\n\n\n\n<ul class=\"wp-block-list\"><li><strong>Confira: <\/strong><a aria-label=\" (abre numa nova aba)\" href=\"https:\/\/www.novaconcursos.com.br\/eventos\/guia-definitivo-como-montar-um-mapa-mental\/\" target=\"_blank\" rel=\"noreferrer noopener\">Como montar um mapa mental \u2013 Gr\u00e1tis<\/a><\/li>\n<\/ul><p><\/p>\n\n\n\n<p>No \u00faltimo domingo,<strong> 21 de novembro<\/strong>, foram encerradas as inscri\u00e7\u00f5es do novo concurso da Pol\u00edcia Penal de Minas Gerais. Dessa forma, os candidatos podem se perguntar <strong>o que fazer durante o tempo que resta at\u00e9 as avalia\u00e7\u00f5es<\/strong>. Portanto, conhe\u00e7a todas as dicas de estudo parar esse per\u00edodo!<\/p>\n\n\n\n<ul class=\"wp-block-list\"><li><strong>Adquira:<\/strong> <a href=\"https:\/\/www.novaconcursos.com.br\/concurso\/policia-penal-mg\/apostila\">Apostila Concurso Pol\u00edcia Penal MG<\/a><\/li>\n\n\n\n<li><strong>Adquira:<\/strong> <a href=\"https:\/\/www.novaconcursos.com.br\/concurso\/policia-penal-mg\/curso-online\">Curso Online Concurso Pol\u00edcia Penal MG<\/a><\/li>\n<\/ul><p><\/p>\n\n\n\n<h2 class=\"wp-block-heading\" id=\"concurso-polcia-penal-mg-panorama-geral\">Concurso Pol\u00edcia Penal MG: panorama geral<\/h2>\n\n\n\n<p>Primeiramente, \u00e9 importante recordar que o concurso Pol\u00edcia Penal MG oferta <strong>2.420 oportunidades de n\u00edvel m\u00e9dio<\/strong> para o cargo de <strong>Policial Penal,<\/strong> antigo Agente Penitenci\u00e1rio.<\/p>\n\n\n\n<p>Al\u00e9m disso, a distribui\u00e7\u00e3o das vagas acontece n\u00e3o apenas entre homens e mulheres, como tamb\u00e9m entre <strong>ampla concorr\u00eancia e candidatos com defici\u00eancias<\/strong>. Sendo assim, confira essa divis\u00e3o:<\/p>\n\n\n\n<p><strong>Homens \u2013 1.944 vagas<\/strong><\/p>\n\n\n\n<ul class=\"wp-block-list\"><li>1.750 vagas para ampla concorr\u00eancia<\/li>\n\n\n\n<li>194 vagas para pessoas com defici\u00eancia<\/li>\n<\/ul><p><\/p>\n\n\n\n<p><strong>Mulheres \u2013 476 vagas<\/strong><\/p>\n\n\n\n<ul class=\"wp-block-list\"><li>428 vagas para ampla concorr\u00eancia<\/li>\n\n\n\n<li>48 vagas para pessoas com defici\u00eancia<\/li>\n<\/ul><p><\/p>\n\n\n\n<p>Ademais, os aprovados no <a href=\"https:\/\/www.novaconcursos.com.br\/portal\/concursos-abertos\/mg\/\">concurso p\u00fablico<\/a> contar\u00e3o com uma <strong>remunera\u00e7\u00e3o<\/strong> no valor de <strong>R$4.631,25<\/strong> inicialmente, al\u00e9m dos benef\u00edcios a serem recebidos. Tamb\u00e9m \u00e9 v\u00e1lido destacar que as jornadas de trabalho ser\u00e3o de <strong>40 horas semanais.<\/strong><\/p>\n\n\n\n<h2 class=\"wp-block-heading\" id=\"quais-so-os-requisitos-do-concurso\">Quais s\u00e3o os requisitos do concurso?<\/h2>\n\n\n\n<p>Al\u00e9m disso, \u00e9 extremamente importante que os candidatos do concurso da Pol\u00edcia Penal de Minas Gerais estejam atentos quanto aos <strong>requisitos b\u00e1sicos<\/strong> que devem ser cumpridos para a <strong>posse do cargo. <\/strong><\/p>\n\n\n\n<p>Uma longa lista de exig\u00eancias est\u00e1 presente no edital do concurso p\u00fablico. Entretanto, os <strong>requisitos principais <\/strong>s\u00e3o os seguintes:<\/p>\n\n\n\n<ul class=\"wp-block-list\"><li>Ensino m\u00e9dio ou curso profissionalizante, emitido por institui\u00e7\u00e3o reconhecida pelo Minist\u00e9rio da Educa\u00e7\u00e3o (MEC);<\/li>\n\n\n\n<li>Ter idade m\u00ednima de 18 anos na data da posse.<\/li>\n<\/ul><p><\/p>\n\n\n\n<p>Ademais, \u00e9 essencial lembrar que o edital <strong>n\u00e3o exige limite de idade m\u00e1xima <\/strong>para participar do processo seletivo.<\/p>\n\n\n\n<h2 class=\"wp-block-heading\" id=\"como-sero-as-provas-do-concurso\">Como ser\u00e3o as provas do concurso?<\/h2>\n\n\n\n<p>Os candidatos do concurso Pol\u00edcia Penal MG ser\u00e3o avaliados por meio de <strong>uma s\u00e9rie de etapas avaliativas<\/strong>, sob a responsabilidade do Instituto Selecon. Al\u00e9m disso, a primeira delas, de prova objetiva e discursiva, ser\u00e1 aplicada no dia <strong>16 de janeiro de 2022<\/strong>. Portanto, conhe\u00e7a todas as etapas:<\/p>\n\n\n\n<ul class=\"wp-block-list\"><li>Prova objetiva e de reda\u00e7\u00e3o;<\/li>\n\n\n\n<li>Prova de aptid\u00e3o psicol\u00f3gica e psicot\u00e9cnica;<\/li>\n\n\n\n<li>Exames m\u00e9dicos;<\/li>\n\n\n\n<li>Prova de condicionamento f\u00edsico por testes espec\u00edficos;<\/li>\n\n\n\n<li>Comprova\u00e7\u00e3o de idoneidade e conduta ilibada;<\/li>\n\n\n\n<li>Curso de Forma\u00e7\u00e3o t\u00e9cnico-profissional.<\/li>\n<\/ul><p><\/p>\n\n\n\n<p>Al\u00e9m disso, durante a <strong>prova objetiva<\/strong> os inscritos no concurso dever\u00e3o responder a <strong>60 quest\u00f5es<\/strong> sobre as seguintes disciplinas:<\/p>\n\n\n\n<ul class=\"wp-block-list\"><li>L\u00edngua Portuguesa \u2013 10 quest\u00f5es;<\/li>\n\n\n\n<li>Inform\u00e1tica \u2013 5 quest\u00f5es;<\/li>\n\n\n\n<li>No\u00e7\u00f5es de Direito \u2013 10 quest\u00f5es;<\/li>\n\n\n\n<li>Direitos Humanos \u2013 10 quest\u00f5es;<\/li>\n\n\n\n<li>Legisla\u00e7\u00e3o Especial \u2013 20 quest\u00f5es;<\/li>\n\n\n\n<li>Racioc\u00ednio L\u00f3gico \u2013 5 quest\u00f5es.<\/li>\n<\/ul><p><\/p>\n\n\n\n<p>\u00c9 igualmente importante mencionar que a <strong>aplica\u00e7\u00e3o<\/strong> das avalia\u00e7\u00f5es se dar\u00e1 nas cidades de Barbacena, Belo Horizonte, Curvelo, Divin\u00f3polis, Ipatinga, Governador Valadares, Juiz de Fora, Lavras, Montes Claros, Patos de Minas, Po\u00e7os de Caldas, Pouso Alegre, Te\u00f3filo Otoni, Uberaba, Uberl\u00e2ndia e Una\u00ed.<\/p>\n\n\n\n<h2 class=\"wp-block-heading\" id=\"concurso-polcia-penal-mg-o-que-fazer-agora\">Concurso Pol\u00edcia Penal MG: o que fazer agora?<\/h2>\n\n\n\n<p>Uma vez que as inscri\u00e7\u00f5es do concurso da Pol\u00edcia Penal de <a href=\"https:\/\/www.novaconcursos.com.br\/portal\/concursos-previstos\/mg\/\">Minas Gerais<\/a> j\u00e1 se encerraram, os concurseiros podem se perguntar <strong>o que \u00e9 preciso fazer<\/strong> nesse per\u00edodo at\u00e9 a realiza\u00e7\u00e3o das avalia\u00e7\u00f5es, em <strong>16 de janeiro.<\/strong><\/p>\n\n\n\n<p>Primeiramente, \u00e9 necess\u00e1rio que os candidatos comecem a formular uma <strong>rotina de estudos<\/strong> para que aproveitem ao m\u00e1ximo o tempo que possuem at\u00e9 a data das <strong>primeiras provas.<\/strong><\/p>\n\n\n\n<p>Para isso, \u00e9 importante que o candidato reserve algumas horas de seu dia a dia para o estudo dos <strong>conte\u00fados program\u00e1ticos<\/strong> presentes no edital. Tamb\u00e9m \u00e9 necess\u00e1rio que o melhor <strong>m\u00e9todo de estudo<\/strong> seja utilizado, para que o tempo de preparo seja efetivo.<\/p>\n\n\n\n<p>Ademais, s\u00e3o diversos os m\u00e9todos de estudos existentes atualmente, de forma que os inscritos podem utilizar v\u00e1rios deles at\u00e9 que encontrem aquele que se enquadre melhor em sua <strong>rotina e absor\u00e7\u00e3o dos conte\u00fados.<\/strong><\/p>\n\n\n\n<p>Dentre os m\u00e9todos mais conhecidos est\u00e3o os <strong>mapas mentais, as tabelas, os resumos<\/strong> e a <a href=\"https:\/\/www.novaconcursos.com.br\/portal\/artigos\/tecnica-pomodoro-para-concursos\/\">T\u00e9cnica Pomodoro<\/a>. Cada um deles estrutura o tempo de estudo e a maneira de se estudar em si de uma forma diferente, de forma que os candidatos poder\u00e3o descobrir <strong>o que melhor funciona para si.<\/strong><\/p>\n\n\n\n<p>Al\u00e9m disso, \u00e9 igualmente importante que a rotina do concurseiro tamb\u00e9m possua <strong>momentos de lazer<\/strong>, visto que o desgaste mental e emocional n\u00e3o s\u00e3o saud\u00e1veis e <strong>prejudicam o candidato <\/strong>na busca por seus objetivos.<\/p>\n\n\n\n<p>Nesse sentido, tamb\u00e9m \u00e9 essencial que boas noites de sono fa\u00e7am parte do dia a dia dos inscritos no concurso, para que o corpo e a mente possuam a <strong>energia necess\u00e1ria para os estudos.<\/strong><\/p>\n\n\n\n<p>Ademais, para contribuir com essa quest\u00e3o outro ponto importante \u00e9 a <strong>alimenta\u00e7\u00e3o<\/strong>. Em outras palavras, \u00e9 necess\u00e1rio que os candidatos adotem uma dieta mais saud\u00e1vel e rica em alimentos que ajudem <strong>na mem\u00f3ria e na concentra\u00e7\u00e3o.<\/strong><\/p>\n\n\n\n<p>Portanto, utilizando de todas essas dicas os inscritos no concurso Pol\u00edcia Penal MG poder\u00e3o aproveitar <strong>de maneira efetiva<\/strong> o tempo restante at\u00e9 a realiza\u00e7\u00e3o das primeiras provas.<\/p>","protected":false},"excerpt":{"rendered":"<p>As inscri\u00e7\u00f5es do concurso Pol\u00edcia Penal MG se encerraram ontem, dia 21 de novembro. Com isso, confira todas as dicas de prepara\u00e7\u00e3o e estudo para esse per\u00edodo de tempo existente at\u00e9 as provas! No \u00faltimo domingo, 21 de novembro, foram encerradas as inscri\u00e7\u00f5es do novo concurso da Pol\u00edcia Penal de Minas Gerais. Dessa forma, os [&hellip;]<\/p>\n","protected":false},"author":54674,"featured_media":126096,"comment_status":"closed","ping_status":"closed","sticky":false,"template":"","format":"standard","meta":{"_acf_changed":false,"footnotes":"","_wp_rev_ctl_limit":""},"categories":[228],"tags":[38340,39534,37112,37508,39095,39492,40756,39533,36578,38177,39856,40264,40263,39490,37507],"class_list":["post-148780","post","type-post","status-publish","format-standard","has-post-thumbnail","hentry","category-noticias","tag-cargos-concurso-policia-penal-mg","tag-como-estudar-para-o-concurso-policia-penal-mg","tag-concurso-policia-penal-mg","tag-edital-concurso-policia-penal-mg","tag-edital-policia-penal-mg","tag-etapas-do-concurso-policia-penal-mg","tag-inscricoes-concurso-policia-penal-mg","tag-metodos-de-estudo-policia-penal-mg","tag-policia-penal-mg","tag-provas-concurso-policia-penal-mg","tag-provas-policia-penal-mg","tag-remuneracao-concurso-policia-penal-mg","tag-requisitos-concurso-policia-penal-mg","tag-salarios-concurso-policia-penal-mg","tag-vagas-concurso-policia-penal-mg"],"acf":[],"_links":{"self":[{"href":"https:\/\/www.novaconcursos.com.br\/portal\/wp-json\/wp\/v2\/posts\/148780","targetHints":{"allow":["GET"]}}],"collection":[{"href":"https:\/\/www.novaconcursos.com.br\/portal\/wp-json\/wp\/v2\/posts"}],"about":[{"href":"https:\/\/www.novaconcursos.com.br\/portal\/wp-json\/wp\/v2\/types\/post"}],"author":[{"embeddable":true,"href":"https:\/\/www.novaconcursos.com.br\/portal\/wp-json\/wp\/v2\/users\/54674"}],"replies":[{"embeddable":true,"href":"https:\/\/www.novaconcursos.com.br\/portal\/wp-json\/wp\/v2\/comments?post=148780"}],"version-history":[{"count":5,"href":"https:\/\/www.novaconcursos.com.br\/portal\/wp-json\/wp\/v2\/posts\/148780\/revisions"}],"predecessor-version":[{"id":279648,"href":"https:\/\/www.novaconcursos.com.br\/portal\/wp-json\/wp\/v2\/posts\/148780\/revisions\/279648"}],"wp:featuredmedia":[{"embeddable":true,"href":"https:\/\/www.novaconcursos.com.br\/portal\/wp-json\/wp\/v2\/media\/126096"}],"wp:attachment":[{"href":"https:\/\/www.novaconcursos.com.br\/portal\/wp-json\/wp\/v2\/media?parent=148780"}],"wp:term":[{"taxonomy":"category","embeddable":true,"href":"https:\/\/www.novaconcursos.com.br\/portal\/wp-json\/wp\/v2\/categories?post=148780"},{"taxonomy":"post_tag","embeddable":true,"href":"https:\/\/www.novaconcursos.com.br\/portal\/wp-json\/wp\/v2\/tags?post=148780"}],"curies":[{"name":"wp","href":"https:\/\/api.w.org\/{rel}","templated":true}]}}