{"id":148889,"date":"2021-11-23T14:44:50","date_gmt":"2021-11-23T17:44:50","guid":{"rendered":"https:\/\/www.novaconcursos.com.br\/portal\/?p=148889"},"modified":"2025-12-12T10:41:40","modified_gmt":"2025-12-12T13:41:40","slug":"concurso-igp-sc-edital-publicado","status":"publish","type":"post","link":"https:\/\/www.novaconcursos.com.br\/portal\/noticias\/concurso-igp-sc-edital-publicado\/","title":{"rendered":"Concurso IGP SC: Edital publicado com 70 vagas!"},"content":{"rendered":"<p>Aten\u00e7\u00e3o concurseiros! Edital do <a href=\"https:\/\/www.novaconcursos.com.br\/portal\/concursos\/concurso-policia-cientifica-sc\/\">concurso IGP SC<\/a> \u00e9 <strong>publicado<\/strong> com oferta de 70 vagas <strong>para o cargo de Auxiliar de Medicina Legal<\/strong>.<\/p>\n\n\n\n<p>O concurso tem como objetivo refor\u00e7ar as <strong>28 unidades existentes no estado.<\/strong>  <\/p>\n\n\n\n<h2 class=\"wp-block-heading\" id=\"edital-concurso-igp-sc\">Edital concurso IGP SC<\/h2>\n\n\n\n<p>O cargo ofertado no concurso para o\u00a0Instituto Geral de Per\u00edcias de <a href=\"https:\/\/www.novaconcursos.com.br\/portal\/concursos-abertos\/sc\/\">Santa Catarina<\/a> \u00e9 destinado a candidatos com<strong>\u00a0n\u00edvel m\u00e9dio completo<\/strong>.<\/p>\n\n\n\n<p>Assim como\u00a0curso de forma\u00e7\u00e3o profissional de, no m\u00ednimo,\u00a0120 horas de aula. Vale ressaltar que <strong>essa \u00faltima capacita\u00e7\u00e3o ser\u00e1 dada ao t\u00e9rmino e aprova\u00e7\u00e3o no concurso.\u00a0<\/strong><\/p>\n\n\n\n<p>Al\u00e9m disso, os candidatos tamb\u00e9m dever\u00e3o apresentar a carteira nacional de habilita\u00e7\u00e3o, no m\u00ednimo, na categoria \u201cB\u201d. As remunera\u00e7\u00f5es iniciais ser\u00e3o de\u00a0R$ 4.581,90, podendo chegar a\u00a0<strong>R$ 16 mil<\/strong>, com jornada de trabalho de 40 horas.\u00a0<\/p>\n\n\n\n<p>Ademais, durante a inscri\u00e7\u00e3o no concurso, os interessados dever\u00e3o escolher o local que desejam ser alocados.  Assim tamb\u00e9m, a concorr\u00eancia ser\u00e1 regionalizada, com as vagas sendo distribu\u00eddas pelas seguintes localidades:<\/p>\n\n\n\n<ul class=\"wp-block-list\"><li>Ararangu\u00e1 (uma vaga);<\/li>\n\n\n\n<li>Balne\u00e1rio Cambori\u00fa (quatro);<\/li>\n\n\n\n<li>Blumenau\u00a0(quatro);<\/li>\n\n\n\n<li>Brusque\u00a0(uma);<\/li>\n\n\n\n<li>Ca\u00e7ador (duas);<\/li>\n\n\n\n<li>Campos Novos (tr\u00eas);<\/li>\n\n\n\n<li>Canoinhas (duas);<\/li>\n\n\n\n<li>Chapec\u00f3 (seis);<\/li>\n\n\n\n<li>Conc\u00f3rdia (uma);<\/li>\n\n\n\n<li>Crici\u00fama (quatro);<\/li>\n\n\n\n<li>Curitibanos (duas);<\/li>\n\n\n\n<li>Florian\u00f3polis (cinco);<\/li>\n\n\n\n<li>Jaragu\u00e1 do Sul (duas);<\/li>\n\n\n\n<li>Joa\u00e7aba (duas);<\/li>\n\n\n\n<li>Joinville (quatro);<\/li>\n\n\n\n<li>Lages (quatro);<\/li>\n\n\n\n<li>S\u00e3o Louren\u00e7o do Oeste (duas);<\/li>\n\n\n\n<li>Laguna (uma);<\/li>\n\n\n\n<li>Mafra (duas);<\/li>\n\n\n\n<li>S\u00e3o Jos\u00e9 (duas);<\/li>\n\n\n\n<li>Palho\u00e7a (duas);<\/li>\n\n\n\n<li>Porto Uni\u00e3o (uma);<\/li>\n\n\n\n<li>Rio do Sul (uma);<\/li>\n\n\n\n<li>S\u00e3o Miguel D\u2019Oeste (duas);<\/li>\n\n\n\n<li>Tubar\u00e3o (uma);<\/li>\n\n\n\n<li> S\u00e3o Bento do Sul (duas); <\/li>\n\n\n\n<li>Videira (tr\u00eas); e<\/li>\n\n\n\n<li>Xanxer\u00ea (quatro).<\/li>\n<\/ul><p><\/p>\n\n\n\n<h2 class=\"wp-block-heading\" id=\"inscries-sero-abertas-nesta-semana\">Inscri\u00e7\u00f5es ser\u00e3o abertas nesta semana<\/h2>\n\n\n\n<p>Primeiramente, os interessados em participar do concurso poder\u00e3o realizar as inscri\u00e7\u00f5es do dia <strong>26<\/strong> <strong>at\u00e9 as 16h do dia 27 de dezembro<\/strong>, atrav\u00e9s do site da Funda\u00e7\u00e3o de Estudos e Pesquisas Socioecon\u00f4micas (Fepese), organizadora deste certame.<\/p>\n\n\n\n<p>Em seguida, ser\u00e1 preciso pagar uma taxa de R$ 180,00 para confirmar sua participa\u00e7\u00e3o.<\/p>\n\n\n\n<p>Al\u00e9m disso, a isen\u00e7\u00e3o da taxa poder\u00e1 ser solicitada por candidatos\u00a0com defici\u00eancia e cuja renda mensal n\u00e3o ultrapasse dois sal\u00e1rios-m\u00ednimos,\u00a0volunt\u00e1rios da Justi\u00e7a Eleitoral e jurados que atuaram no Tribunal do J\u00fari\u00a0pelo per\u00edodo de dois anos e\u00a0doadores de sangue e de medula \u00f3ssea.<\/p>\n\n\n\n<p>Os pedidos ser\u00e3o aceitos no per\u00edodo de 26 de novembro a 7 de dezembro, do mesmo modo que as inscri\u00e7\u00f5es, por meio do\u00a0<a href=\"https:\/\/igp.fepese.org.br\/?go=edital&amp;mn=1151b3eab3b069d5112ccae1943307c4&amp;edital=1\" target=\"_blank\" rel=\"noreferrer noopener\">site da Fepese.<\/a>\u00a0\u00a0<\/p>\n\n\n\n<p>Por fim, no ato da inscri\u00e7\u00e3o, ser\u00e1 preciso ainda escolher, al\u00e9m da regi\u00e3o de lota\u00e7\u00e3o, o\u00a0<strong>local de prova<\/strong>, sendo eles:\u00a0Balne\u00e1rio Cambori\u00fa; Blumenau; Ca\u00e7ador; Chapec\u00f3; Crici\u00fama; Grande Florian\u00f3polis; Joinville; e Lages.<\/p>\n\n\n\n<h2 class=\"wp-block-heading\" id=\"provas-sero-aplicadas-em-2022\">Provas ser\u00e3o aplicadas em 2022<\/h2>\n\n\n\n<p>Os candidatos ser\u00e3o avaliados atrav\u00e9s das seguintes etapas:<\/p>\n\n\n\n<ul class=\"wp-block-list\"><li> Primeira fase: Inscri\u00e7\u00e3o do concurso<\/li>\n\n\n\n<li>Segunda fase: Prova Objetiva de Conhecimentos, de car\u00e1ter eliminat\u00f3rio e classificat\u00f3rio.<\/li>\n\n\n\n<li>Terceira Fase: Exames espec\u00edficos:a) Exame de avalia\u00e7\u00e3o da capacidade f\u00edsica, de car\u00e1ter eliminat\u00f3rio.<\/li>\n\n\n\n<li>b) Exame de avalia\u00e7\u00e3o da aptid\u00e3o psicol\u00f3gica vocacionada, de car\u00e1ter eliminat\u00f3rio.<\/li>\n\n\n\n<li>c) Exame de Avalia\u00e7\u00e3o de T\u00edtulos, de car\u00e1ter classificat\u00f3rio.<\/li>\n\n\n\n<li>d) Avalia\u00e7\u00e3o PcD, de car\u00e1ter eliminat\u00f3rio.<\/li>\n\n\n\n<li>Quarta fase: Exame Toxicol\u00f3gico, de car\u00e1ter eliminat\u00f3rio.<\/li>\n\n\n\n<li>Quinta fase: Investiga\u00e7\u00e3o social, de car\u00e1ter eliminat\u00f3rio. <\/li>\n<\/ul><p><\/p>\n\n\n\n<p>Primeiramente ser\u00e1 aplicada a prova objetiva, que est\u00e1 prevista para o dia <strong>30 de janeiro de 2022<\/strong>, a partir das 14h. Sendo assim, os candidatos ter\u00e3o que responder a 80 quest\u00f5es, distribu\u00eddas da seguinte maneira:<\/p>\n\n\n\n<p><strong>Conhecimentos B\u00e1sicos (40 quest\u00f5es)<\/strong><\/p>\n\n\n\n<ul class=\"wp-block-list\"><li>L\u00edngua Portuguesa (12);<\/li>\n\n\n\n<li>Ingl\u00eas (cinco);<\/li>\n\n\n\n<li>No\u00e7\u00f5es de Direito (dez);<\/li>\n\n\n\n<li>Racioc\u00ednio L\u00f3gico (oito); e<\/li>\n\n\n\n<li>No\u00e7\u00f5es de Inform\u00e1tica (cinco).<\/li>\n<\/ul><p><\/p>\n\n\n\n<p><strong>Conhecimentos\u00a0Espec\u00edficos (40)<\/strong><\/p>\n\n\n\n<ul class=\"wp-block-list\"><li>Biologia (18);<\/li>\n\n\n\n<li>No\u00e7\u00f5es de Medicina Legal (18); e<\/li>\n\n\n\n<li>No\u00e7\u00f5es de seguran\u00e7a no trabalho (quatro).<\/li>\n<\/ul><p><\/p>\n\n\n\n<p>Portanto, ser\u00e1 considerado aprovado o candidato que obtiver\u00a0nota igual ou superior a cinco.\u00a0Al\u00e9m disso, estar\u00e3o aptos a participar do <strong>exame f\u00edsico<\/strong> aqueles que estiverem pr\u00e9-classificados at\u00e9 dez vezes o n\u00famero de vagas para o cargo, por cidade de lota\u00e7\u00e3o.<\/p>\n\n\n\n<p>Por fim, o teste f\u00edsico ser\u00e1 feito no dia<strong> 27 de fevereiro<\/strong>. Assim, p\u00f3s a conclus\u00e3o de todas as etapas, a sele\u00e7\u00e3o ser\u00e1 homologada, ficando v\u00e1lida, inicialmente, por dois anos.<\/p>","protected":false},"excerpt":{"rendered":"<p>Aten\u00e7\u00e3o concurseiros! Edital do concurso IGP SC \u00e9 publicado com oferta de 70 vagas para o cargo de Auxiliar de Medicina Legal. O concurso tem como objetivo refor\u00e7ar as 28 unidades existentes no estado. Edital concurso IGP SC O cargo ofertado no concurso para o\u00a0Instituto Geral de Per\u00edcias de Santa Catarina \u00e9 destinado a candidatos [&hellip;]<\/p>\n","protected":false},"author":54662,"featured_media":132963,"comment_status":"closed","ping_status":"closed","sticky":false,"template":"","format":"standard","meta":{"_acf_changed":false,"footnotes":"","_wp_rev_ctl_limit":""},"categories":[228],"tags":[8320,22344,22345,43482,43483,38889],"class_list":["post-148889","post","type-post","status-publish","format-standard","has-post-thumbnail","hentry","category-noticias","tag-concurso-igp-sc","tag-edital-concurso-igp-sc","tag-inscricoes-concurso-igp-sc","tag-remuneracao-concurso-igp-sc","tag-requisitos-concurso-igpe-sc","tag-vagas-concurso-igp-sc"],"acf":[],"_links":{"self":[{"href":"https:\/\/www.novaconcursos.com.br\/portal\/wp-json\/wp\/v2\/posts\/148889","targetHints":{"allow":["GET"]}}],"collection":[{"href":"https:\/\/www.novaconcursos.com.br\/portal\/wp-json\/wp\/v2\/posts"}],"about":[{"href":"https:\/\/www.novaconcursos.com.br\/portal\/wp-json\/wp\/v2\/types\/post"}],"author":[{"embeddable":true,"href":"https:\/\/www.novaconcursos.com.br\/portal\/wp-json\/wp\/v2\/users\/54662"}],"replies":[{"embeddable":true,"href":"https:\/\/www.novaconcursos.com.br\/portal\/wp-json\/wp\/v2\/comments?post=148889"}],"version-history":[{"count":7,"href":"https:\/\/www.novaconcursos.com.br\/portal\/wp-json\/wp\/v2\/posts\/148889\/revisions"}],"predecessor-version":[{"id":300641,"href":"https:\/\/www.novaconcursos.com.br\/portal\/wp-json\/wp\/v2\/posts\/148889\/revisions\/300641"}],"wp:featuredmedia":[{"embeddable":true,"href":"https:\/\/www.novaconcursos.com.br\/portal\/wp-json\/wp\/v2\/media\/132963"}],"wp:attachment":[{"href":"https:\/\/www.novaconcursos.com.br\/portal\/wp-json\/wp\/v2\/media?parent=148889"}],"wp:term":[{"taxonomy":"category","embeddable":true,"href":"https:\/\/www.novaconcursos.com.br\/portal\/wp-json\/wp\/v2\/categories?post=148889"},{"taxonomy":"post_tag","embeddable":true,"href":"https:\/\/www.novaconcursos.com.br\/portal\/wp-json\/wp\/v2\/tags?post=148889"}],"curies":[{"name":"wp","href":"https:\/\/api.w.org\/{rel}","templated":true}]}}