{"id":148962,"date":"2021-11-24T10:50:37","date_gmt":"2021-11-24T13:50:37","guid":{"rendered":"https:\/\/www.novaconcursos.com.br\/portal\/?p=148962"},"modified":"2021-11-24T10:50:41","modified_gmt":"2021-11-24T13:50:41","slug":"concurso-crm-ac-tem-comissao-organizadora","status":"publish","type":"post","link":"https:\/\/www.novaconcursos.com.br\/portal\/noticias\/concurso-crm-ac-tem-comissao-organizadora\/","title":{"rendered":"Concurso CRM AC: Tem nova comiss\u00e3o organizadora!"},"content":{"rendered":"<p>Aten\u00e7\u00e3o concurseiros! Um novo <a href=\"https:\/\/www.novaconcursos.com.br\/portal\/concursos\/concurso-crm-ac\/\">concurso CRM AC<\/a> est\u00e1 cada vez mais pr\u00f3ximo! A <strong>comiss\u00e3o organizadora foi formada <\/strong>e o edital segue previsto para o in\u00edcio de 2022. <strong>Cargos e vagas<\/strong> ainda s\u00e3o desconhecidos!<\/p>\n\n\n\n<ul class=\"wp-block-list\"><li><strong>Confira:<\/strong> <a href=\"https:\/\/www.novaconcursos.com.br\/eventos\/guia-definitivo-como-montar-um-mapa-mental\/\" target=\"_blank\" rel=\"noreferrer noopener\" aria-label=\"Guia como montar um mapa mental (Gr\u00e1tis) (abre numa nova aba)\">Guia como montar um mapa mental (Gr\u00e1tis)<\/a><\/li><\/ul><p><\/p>\n\n\n\n<h2 class=\"wp-block-heading\" id=\"concurso-crm-ac-comisso-formada-quando-sai-o-edital\">Concurso CRM AC: comiss\u00e3o formada, quando sai o edital?<\/h2>\n\n\n\n<p>A <strong>comiss\u00e3o <\/strong>organizadora do concurso do Conselho Regional de Medicina do <a href=\"https:\/\/www.novaconcursos.com.br\/portal\/concursos-abertos\/ac\/\">Acre <\/a>foi <strong>formada <\/strong>e o edital agora est\u00e1 cada vez mais perto. Confira:<\/p>\n\n\n\n<ul class=\"wp-block-list\"><li>Leandro do Vale da Silva \u2013 Presidente<\/li><li>Renata de Souza Correa \u2013 Membro<\/li><li>D\u00e9bora Di\u00f3genes da Costa \u2013 Membro<\/li><li>M\u00e1rcio Roberto da Silva Gomes \u2013 Membro<\/li><\/ul><p><\/p>\n\n\n\n<p>A informa\u00e7\u00e3o foi confirmada pela <strong>Presidente do Conselho<\/strong> Regional de Medicina do Estado do Acre, Dra. Leuda Maria da Silva. <\/p>\n\n\n\n<p>Ademais, os servidores<strong> escolhidos ser\u00e3o respons\u00e1veis<\/strong> pelo estudo de viabilidade da sele\u00e7\u00e3o, a organiza\u00e7\u00e3o e a fiscaliza\u00e7\u00e3o de todas as fases do certame, em conjunto com a banca organizadora que ser\u00e1 contratada em breve.<\/p>\n\n\n\n<p>Entretanto, vale lembrar que o \u00f3rg\u00e3o ainda n\u00e3o divulgou os<strong> cargos e as vagas <\/strong>que ser\u00e3o ofertados no certame.<\/p>\n\n\n\n<h2 class=\"wp-block-heading\" id=\"ultimo\">\u00daltimo concurso CRM AC<\/h2>\n\n\n\n<p>Publicado em <strong>2019<\/strong>, o \u00faltimo concurso do<strong>\u00a0<\/strong>Conselho Regional de Medicina do <a href=\"https:\/\/www.novaconcursos.com.br\/portal\/concursos-previstos\/ac\/\">Acre\u00a0<\/a>contou com organiza\u00e7\u00e3o da banca Instituto <strong>Quadrix.<\/strong><\/p>\n\n\n\n<p>Foram ofertadas um total de\u00a0<strong>95 vagas<\/strong>, sendo\u00a0<strong>06 vagas<\/strong>\u00a0de car\u00e1ter imediato, mais\u00a0<strong>89 vagas<\/strong>\u00a0para forma\u00e7\u00e3o de cadastro reserva. Assim, as oportunidades s\u00e3o para os n\u00edveis m\u00e9dio e superior. Confira:<\/p>\n\n\n\n<ul class=\"wp-block-list\"><li><strong>N\u00edvel M\u00e9dio:<\/strong>\u00a0Assistente Administrativo (5 vagas imediatas + 65 CR);<\/li><li><strong>N\u00edvel Superior:<\/strong>\u00a0Analista Administrativo (1 vaga imediata + 24 CR).<\/li><\/ul><p><\/p>\n\n\n\n<p>Em rela\u00e7\u00e3o aos sal\u00e1rios iniciais, em 2019 eles variavam entre\u00a0<strong>R$ 1.931,80 e R$ 4.380,43<\/strong>. As jornadas de trabalho s\u00e3o de\u00a0<strong>40<\/strong>\u00a0horas por semana. <\/p>\n\n\n\n<p>Ademais, os concurseiros far\u00e3o jus aos benef\u00edcios de aux\u00edlio-alimenta\u00e7\u00e3o de\u00a0<strong>R$ 675,00<\/strong>\u00a0e aux\u00edlio-creche no valor de\u00a0<strong>R$ 300,00<\/strong>, por dependente com idade de 06 meses at\u00e9 05 anos e 11 meses.<\/p>\n\n\n\n<h3 class=\"wp-block-heading\">Prova Objetiva<\/h3>\n\n\n\n<p>A prova objetiva foi aplicada em car\u00e1ter eliminat\u00f3rio e classificat\u00f3rio. Contudo, ela foi composta de <strong>120 quest\u00f5es<\/strong>, e avaliou as habilidades e os conhecimentos dos candidatos. Confira a <strong>distribui\u00e7\u00e3o<\/strong>:<\/p>\n\n\n\n<ul class=\"wp-block-list\"><li>B\u00e1sicos (40 quest\u00f5es),<\/li><li>Complementares (30 quest\u00f5es), e<\/li><li>Espec\u00edficos (50 quest\u00f5es).<\/li><\/ul><p><\/p>\n\n\n\n<h3 class=\"wp-block-heading\">Prova Discursiva<\/h3>\n\n\n\n<p>Por outro lado, a prova discursiva <strong>avaliou o dom\u00ednio<\/strong> do conte\u00fado dos aspectos formais, textuais e t\u00e9cnicos. <\/p>\n\n\n\n<p>Al\u00e9m disso, portanto, ainda <strong>avaliou a capacidade<\/strong> de express\u00e3o na modalidade escrita, por meio do uso das normas do registro formal culto da L\u00edngua Portuguesa.<\/p>\n\n\n\n<h3 class=\"wp-block-heading\">Requisitos b\u00e1sicos<\/h3>\n\n\n\n<ul class=\"wp-block-list\"><li>Ter nacionalidade brasileira ou portuguesa e, em caso de nacionalidade portuguesa, estar amparado pelo estatuto de igualdade entre brasileiros e portugueses, com reconhecimento de gozo de direitos pol\u00edticos, nos termos do par\u00e1grafo 1\u00ba, artigo 12, da Constitui\u00e7\u00e3o da Rep\u00fablica Federativa do Brasil<\/li><li>Ter idade m\u00ednima de 18 anos completos, na data da contrata\u00e7\u00e3o.<\/li><li>Apresentar, quando da convoca\u00e7\u00e3o, os documentos comprobat\u00f3rios dos requisitos exigidos para o exerc\u00edcio do cargo, constante do Anexo I deste Edital, bem como outros documentos que se fizerem necess\u00e1rios \u00e0 \u00e9poca da contrata\u00e7\u00e3o.<\/li><li>Estar em dia com as obriga\u00e7\u00f5es eleitorais e em pleno gozo dos direitos pol\u00edticos. <\/li><li>Apresentar certificado de reservista ou de dispensa de incorpora\u00e7\u00e3o, em caso de candidato do sexo masculino. <\/li><li>Apresentar declara\u00e7\u00e3o de que n\u00e3o acumula cargo ou fun\u00e7\u00e3o p\u00fablica, ou proventos de inatividade, ressalvadas as possibilidades de acumula\u00e7\u00e3o l\u00edcita previstas no inciso XVI do art. 37 da Constitui\u00e7\u00e3o Federal. <\/li><li>Ter aptid\u00e3o f\u00edsica e mental para o exerc\u00edcio das atribui\u00e7\u00f5es correspondentes ao cargo. <\/li><li>N\u00e3o estar cumprindo san\u00e7\u00e3o por inidoneidade, aplicada por qualquer \u00f3rg\u00e3o p\u00fablico ou entidade das esferas federal, estadual, municipal ou do Distrito Federal. <\/li><\/ul>","protected":false},"excerpt":{"rendered":"<p>Aten\u00e7\u00e3o concurseiros! Um novo concurso CRM AC est\u00e1 cada vez mais pr\u00f3ximo! A comiss\u00e3o organizadora foi formada e o edital segue previsto para o in\u00edcio de 2022. Cargos e vagas ainda s\u00e3o desconhecidos! Confira: Guia como montar um mapa mental (Gr\u00e1tis) Concurso CRM AC: comiss\u00e3o formada, quando sai o edital? A comiss\u00e3o organizadora do concurso [&hellip;]<\/p>\n","protected":false},"author":54671,"featured_media":148969,"comment_status":"closed","ping_status":"closed","sticky":false,"template":"","format":"standard","meta":{"_acf_changed":false,"footnotes":"","_wp_rev_ctl_limit":""},"categories":[228],"tags":[43531,43530,35588,43528,36573,3726,37091,37090,198,2578,43529,43526,43527],"class_list":["post-148962","post","type-post","status-publish","format-standard","has-post-thumbnail","hentry","category-noticias","tag-concurso-conselho-regional-de-medicina-ac","tag-concurso-conselho-regional-de-medicina-do-acre","tag-concurso-crm-ac","tag-concurso-crm-acre","tag-concursos-2021","tag-concursos-abertos","tag-concursos-ac","tag-concursos-acre","tag-concursos-previstos","tag-concursos-publicos","tag-conselho-regional-de-medicina-do-acre","tag-crm-ac","tag-crm-acre"],"acf":[],"_links":{"self":[{"href":"https:\/\/www.novaconcursos.com.br\/portal\/wp-json\/wp\/v2\/posts\/148962","targetHints":{"allow":["GET"]}}],"collection":[{"href":"https:\/\/www.novaconcursos.com.br\/portal\/wp-json\/wp\/v2\/posts"}],"about":[{"href":"https:\/\/www.novaconcursos.com.br\/portal\/wp-json\/wp\/v2\/types\/post"}],"author":[{"embeddable":true,"href":"https:\/\/www.novaconcursos.com.br\/portal\/wp-json\/wp\/v2\/users\/54671"}],"replies":[{"embeddable":true,"href":"https:\/\/www.novaconcursos.com.br\/portal\/wp-json\/wp\/v2\/comments?post=148962"}],"version-history":[{"count":5,"href":"https:\/\/www.novaconcursos.com.br\/portal\/wp-json\/wp\/v2\/posts\/148962\/revisions"}],"predecessor-version":[{"id":148976,"href":"https:\/\/www.novaconcursos.com.br\/portal\/wp-json\/wp\/v2\/posts\/148962\/revisions\/148976"}],"wp:featuredmedia":[{"embeddable":true,"href":"https:\/\/www.novaconcursos.com.br\/portal\/wp-json\/wp\/v2\/media\/148969"}],"wp:attachment":[{"href":"https:\/\/www.novaconcursos.com.br\/portal\/wp-json\/wp\/v2\/media?parent=148962"}],"wp:term":[{"taxonomy":"category","embeddable":true,"href":"https:\/\/www.novaconcursos.com.br\/portal\/wp-json\/wp\/v2\/categories?post=148962"},{"taxonomy":"post_tag","embeddable":true,"href":"https:\/\/www.novaconcursos.com.br\/portal\/wp-json\/wp\/v2\/tags?post=148962"}],"curies":[{"name":"wp","href":"https:\/\/api.w.org\/{rel}","templated":true}]}}