{"id":148977,"date":"2021-11-24T11:18:31","date_gmt":"2021-11-24T14:18:31","guid":{"rendered":"https:\/\/www.novaconcursos.com.br\/portal\/?p=148977"},"modified":"2025-05-06T16:45:05","modified_gmt":"2025-05-06T19:45:05","slug":"concurso-ifro-edital-salarios","status":"publish","type":"post","link":"https:\/\/www.novaconcursos.com.br\/portal\/noticias\/concurso-ifro-edital-salarios\/","title":{"rendered":"Concurso IFRO 2021: Saiu o edital com sal\u00e1rios de at\u00e9 R$ 4,1 mil!"},"content":{"rendered":"<p>Aten\u00e7\u00e3o concurseiros! O <a href=\"https:\/\/www.novaconcursos.com.br\/portal\/concursos\/concurso-ifro\/\">concurso IFRO<\/a> (Instituto Federal de Educa\u00e7\u00e3o, Ci\u00eancia e Tecnologia de Rond\u00f4nia) foi publicado com a oferta de <strong>13 vagas <\/strong>imediatas! S\u00e3o vagas para <strong>Assistentes <\/strong>em tr\u00eas carreiras.<\/p>\n\n\n\n<ul class=\"wp-block-list\"><li><strong>Confira:<\/strong> <a aria-label=\"Guia Definitivo Plano de Estudos (Gr\u00e1tis) (abre numa nova aba)\" href=\"https:\/\/www.novaconcursos.com.br\/eventos\/guia-definitivo-plano-de-estudos-passo-a-passo\/\" target=\"_blank\" rel=\"noreferrer noopener\">Guia Definitivo Plano de Estudos (Gr\u00e1tis)<\/a><\/li>\n<\/ul><p><\/p>\n\n\n\n<h2 class=\"wp-block-heading\" id=\"concurso-ifro-como-realizar-inscries\">Concurso IFRO: como realizar inscri\u00e7\u00f5es?<\/h2>\n\n\n\n<p>O concurso do Instituto Federal de Educa\u00e7\u00e3o, Ci\u00eancia e Tecnologia de Rond\u00f4nia foi <strong>publicado<\/strong>. A banca organizadora \u00e9 <strong>o Instituto AOCP. <\/strong><\/p>\n\n\n\n<p>Os interessados em uma das vagas podem se inscrever a partir desta quinta-feira (25) at\u00e9 o dia <strong>27 de dezembro<\/strong>, por meio do portal da empresa.<\/p>\n\n\n\n<p>Haver\u00e1 a cobran\u00e7a de uma <strong>taxa <\/strong>de <strong>inscri\u00e7\u00e3o<\/strong>, em valores que v\u00e3o de R$ 80 (n\u00edvel m\u00e9dio) at\u00e9 R$ 90 (n\u00edvel superior).<\/p>\n\n\n\n<p>Somente inscritos no programa Cad\u00danico e doadores de medula \u00f3ssea poder\u00e3o solicitar a<strong> isen\u00e7\u00e3o da taxa<\/strong>, enviando os documentos comprobat\u00f3rios. <\/p>\n\n\n\n<p>Entretanto, para isso ser\u00e1 necess\u00e1rio preencher requerimento de<strong> 25 a 26 de novembro<\/strong>, tamb\u00e9m pelo portal do Instituto AOCP.\u00a0<\/p>\n\n\n\n<p>Assim, a banca organizadora <strong>analisar\u00e1 os documentos e<\/strong> divulgar\u00e1 o resultado dos pedidos de isen\u00e7\u00e3o at\u00e9 7 de dezembro.\u00a0<\/p>\n\n\n\n<h2 class=\"wp-block-heading\" id=\"concurso-ifro-vagas-e-salrios\">Concurso IFRO: vagas e sal\u00e1rios<\/h2>\n\n\n\n<p>O concurso IF de <a href=\"https:\/\/www.novaconcursos.com.br\/portal\/concursos-previstos\/ro\/\">Rond\u00f4nia <\/a>est\u00e1 ofertando um total de <strong>13 vagas imediatas, <\/strong>distribu\u00eddas entre os cargos de:<\/p>\n\n\n\n<ul class=\"wp-block-list\"><li><strong>N\u00edvel m\u00e9dio completo<\/strong>\n<ul class=\"wp-block-list\"><li>Assistente em Administra\u00e7\u00e3o: Ampla Concorr\u00eancia (7 vagas), PcD (1 vaga) e Negros (2 vagas)<\/li>\n\n\n\n<li>Assistente de Alunos \u2013 Ampla Concorr\u00eancia (2 vagas)<\/li>\n<\/ul><\/li>\n\n\n\n<li><strong>N\u00edvel superior e Registro no Conselho Profissional competente <\/strong>\n<ul class=\"wp-block-list\"><li>Assistente Social \u2013 Ampla Concorr\u00eancia (1 vaga)<\/li>\n<\/ul><\/li>\n<\/ul><p><\/p>\n\n\n\n<p>Os sal\u00e1rios v\u00e3o de <strong>R$ 1.954,07 at\u00e9 R$ 4.180,66.<\/strong> Al\u00e9m disso, os servidores receber\u00e3o um aux\u00edlio-alimenta\u00e7\u00e3o de R$ 458, aux\u00edlio transporte e aux\u00edlio pr\u00e9-escolar por dependente, at\u00e9 os 5 anos. Confira:<\/p>\n\n\n\n<ul class=\"wp-block-list\"><li>Assistente em Administra\u00e7\u00e3o:\u00a0<strong>R$ 2.446,96<\/strong><\/li>\n\n\n\n<li>Assistente de Alunos:\u00a0<strong>R$ 1.954,07<\/strong><\/li>\n\n\n\n<li>Assistente Social:\u00a0<strong>R$ 4.180,66<\/strong><\/li>\n<\/ul><p><\/p>\n\n\n\n<h2 class=\"wp-block-heading\" id=\"requisitos-bsicos-do-concurso-ifro\">Requisitos b\u00e1sicos do concurso IFRO<\/h2>\n\n\n\n<p>Os concurseiros devem se atentar aos <strong>requisitos b\u00e1sicos<\/strong> para a sele\u00e7\u00e3o, que para o Instituto Federal de <a href=\"https:\/\/www.novaconcursos.com.br\/portal\/concursos-abertos\/ro\/\">Rond\u00f4nia<\/a>, s\u00e3o:<\/p>\n\n\n\n<ul class=\"wp-block-list\"><li>ter nacionalidade brasileira ou portuguesa e, neste \u00faltimo caso, estar amparado pelo estatuto de igualdade entre brasileiros e portugueses, nos termos do \u00a71\u00ba do Art. 12 da Constitui\u00e7\u00e3o Federal de 1988;<\/li>\n\n\n\n<li>ter completado 18 (dezoito) anos at\u00e9 a data da posse;<\/li>\n\n\n\n<li>estar em pleno exerc\u00edcio dos direitos pol\u00edticos;<\/li>\n\n\n\n<li>declarar expressamente o exerc\u00edcio ou n\u00e3o de cargo, emprego ou fun\u00e7\u00e3o p\u00fablica nos \u00f3rg\u00e3os e entidades da Administra\u00e7\u00e3o P\u00fablica Estadual, Federal ou Municipal, para fins de verifica\u00e7\u00e3o do ac\u00famulo de cargos;<\/li>\n\n\n\n<li>a quita\u00e7\u00e3o com as obriga\u00e7\u00f5es eleitorais e militares;<\/li>\n\n\n\n<li>ter aptid\u00e3o f\u00edsica e mental para o exerc\u00edcio das atribui\u00e7\u00f5es do cargo, comprovada atrav\u00e9s de Atestado de Sa\u00fade para Investidura em Cargo P\u00fablico expedido pelo Subsistema Integrado de Aten\u00e7\u00e3o \u00e0 Sa\u00fade do Servidor \u2013 SIASS 1\u00ba N\u00facleo SIASS\/SUEST\/FUNASA \u2013 Rond\u00f4nia;<\/li>\n\n\n\n<li>estar em dia com as obriga\u00e7\u00f5es eleitorais;<\/li>\n\n\n\n<li>n\u00e3o receber proventos de aposentadoria que caracterizem acumula\u00e7\u00e3o il\u00edcita de cargos, na forma do Art. 37, inciso XVI, da Constitui\u00e7\u00e3o Federal de 1988;<\/li>\n\n\n\n<li>n\u00e3o ter sofrido, no exerc\u00edcio de fun\u00e7\u00e3o p\u00fablica, penalidade incompat\u00edvel com a investidura em cargo p\u00fablico federal, prevista no Art. 137 da Lei n\u00ba 8.112\/1990;<\/li>\n\n\n\n<li>para o ocupante de cargo com regime de trabalho de dedica\u00e7\u00e3o exclusiva n\u00e3o exercer outra atividade p\u00fablica ou privada;<\/li>\n<\/ul><p><\/p>\n\n\n\n<h2 class=\"wp-block-heading\" id=\"concurso-ifro-provas\">Concurso IFRO: provas<\/h2>\n\n\n\n<p>Os inscritos no certame passar\u00e3o por apenas uma etapa de avalia\u00e7\u00e3o, que compreender\u00e1 uma prova objetiva. Assim, ela ser\u00e1 <strong>aplicada no dia 20<\/strong> de fevereiro.<\/p>\n\n\n\n<p>As avalia\u00e7\u00f5es acontecer\u00e3o nas cidades de <strong>Ariquemes, Cacoal, Ji-Paran\u00e1 , Porto Velho e Vilhena<\/strong>. A estrutura das provas \u00e9 a seguinte:<\/p>\n\n\n\n<ul class=\"wp-block-list\"><li><strong>N\u00edvel m\u00e9dio<\/strong>\n<ul class=\"wp-block-list\"><li>L\u00edngua Portuguesa: 10 quest\u00f5es com peso 2<\/li>\n\n\n\n<li>Racioc\u00ednio L\u00f3gico:\u00a05 quest\u00f5es com peso 1<\/li>\n\n\n\n<li>Inform\u00e1tica: 5 quest\u00f5es com peso 1<\/li>\n\n\n\n<li>Legisla\u00e7\u00e3o: 10 quest\u00f5es com peso 1<\/li>\n\n\n\n<li>Conhecimentos Espec\u00edficos: 20 quest\u00f5es com peso 3<\/li>\n<\/ul><\/li>\n\n\n\n<li><strong>N\u00edvel superior<\/strong>\n<ul class=\"wp-block-list\"><li>L\u00edngua Portuguesa: 10 quest\u00f5es com peso 2<\/li>\n\n\n\n<li>Racioc\u00ednio L\u00f3gico:\u00a05 quest\u00f5es com peso 1<\/li>\n\n\n\n<li>Inform\u00e1tica: 5 quest\u00f5es com peso 1<\/li>\n\n\n\n<li>Legisla\u00e7\u00e3o: 10 quest\u00f5es com peso 1<\/li>\n\n\n\n<li>Conhecimentos Espec\u00edficos: 20 quest\u00f5es com peso 3<\/li>\n<\/ul><\/li>\n<\/ul>","protected":false},"excerpt":{"rendered":"<p>Aten\u00e7\u00e3o concurseiros! O concurso IFRO (Instituto Federal de Educa\u00e7\u00e3o, Ci\u00eancia e Tecnologia de Rond\u00f4nia) foi publicado com a oferta de 13 vagas imediatas! S\u00e3o vagas para Assistentes em tr\u00eas carreiras. Concurso IFRO: como realizar inscri\u00e7\u00f5es? O concurso do Instituto Federal de Educa\u00e7\u00e3o, Ci\u00eancia e Tecnologia de Rond\u00f4nia foi publicado. A banca organizadora \u00e9 o Instituto [&hellip;]<\/p>\n","protected":false},"author":54671,"featured_media":148979,"comment_status":"closed","ping_status":"closed","sticky":false,"template":"","format":"standard","meta":{"_acf_changed":false,"footnotes":"","_wp_rev_ctl_limit":""},"categories":[228],"tags":[7287,43536,579,36573,3726,198,2578,7290,15688,43535],"class_list":["post-148977","post","type-post","status-publish","format-standard","has-post-thumbnail","hentry","category-noticias","tag-concurso-ifro","tag-concurso-instituto-federal-de-rondonia","tag-concursos","tag-concursos-2021","tag-concursos-abertos","tag-concursos-previstos","tag-concursos-publicos","tag-ifro","tag-instituto-federal-de-rondonia","tag-instituto-federal-de-rondonia-campus-vilhena"],"acf":[],"_links":{"self":[{"href":"https:\/\/www.novaconcursos.com.br\/portal\/wp-json\/wp\/v2\/posts\/148977","targetHints":{"allow":["GET"]}}],"collection":[{"href":"https:\/\/www.novaconcursos.com.br\/portal\/wp-json\/wp\/v2\/posts"}],"about":[{"href":"https:\/\/www.novaconcursos.com.br\/portal\/wp-json\/wp\/v2\/types\/post"}],"author":[{"embeddable":true,"href":"https:\/\/www.novaconcursos.com.br\/portal\/wp-json\/wp\/v2\/users\/54671"}],"replies":[{"embeddable":true,"href":"https:\/\/www.novaconcursos.com.br\/portal\/wp-json\/wp\/v2\/comments?post=148977"}],"version-history":[{"count":6,"href":"https:\/\/www.novaconcursos.com.br\/portal\/wp-json\/wp\/v2\/posts\/148977\/revisions"}],"predecessor-version":[{"id":281806,"href":"https:\/\/www.novaconcursos.com.br\/portal\/wp-json\/wp\/v2\/posts\/148977\/revisions\/281806"}],"wp:featuredmedia":[{"embeddable":true,"href":"https:\/\/www.novaconcursos.com.br\/portal\/wp-json\/wp\/v2\/media\/148979"}],"wp:attachment":[{"href":"https:\/\/www.novaconcursos.com.br\/portal\/wp-json\/wp\/v2\/media?parent=148977"}],"wp:term":[{"taxonomy":"category","embeddable":true,"href":"https:\/\/www.novaconcursos.com.br\/portal\/wp-json\/wp\/v2\/categories?post=148977"},{"taxonomy":"post_tag","embeddable":true,"href":"https:\/\/www.novaconcursos.com.br\/portal\/wp-json\/wp\/v2\/tags?post=148977"}],"curies":[{"name":"wp","href":"https:\/\/api.w.org\/{rel}","templated":true}]}}